{"id":72632,"date":"2020-01-10T05:40:17","date_gmt":"2020-01-10T10:40:17","guid":{"rendered":"https:\/\/linitiative.ca\/International\/enquete-parlementaire-dans-le-secteur-bancaire\/"},"modified":"2020-01-10T05:40:17","modified_gmt":"2020-01-10T10:40:17","slug":"enquete-parlementaire-dans-le-secteur-bancaire","status":"publish","type":"post","link":"https:\/\/linitiative.ca\/International\/enquete-parlementaire-dans-le-secteur-bancaire\/","title":{"rendered":"Enqu\u00eate parlementaire  dans le secteur bancaire"},"content":{"rendered":"<p class=\"has-text-color has-vivid-red-color c2\"><strong>La proc\u00e9dure de d\u00e9signation des membres enclench\u00e9e<\/strong><\/p>\n<p class=\"has-text-color has-vivid-cyan-blue-color\"><strong>La commission d\u2019enqu\u00eate parlementaire du secteur bancaire est encore en cours de constitution. Une r\u00e9union pr\u00e9paratoire a \u00e9t\u00e9 tenue lundi au sein de la premi\u00e8re Chambre.<\/strong><\/p>\n<p>Les membres de la mission seront d\u00e9sign\u00e9s prochainement apr\u00e8s concertation entre les diff\u00e9rentes groupes pour statuer sur la d\u00e9signation du pr\u00e9sident et du rapporteur de la dite commission. La demande de cr\u00e9ation de cette mission a \u00e9t\u00e9 faite par le groupement parlementaire du progr\u00e8s et du socialisme en mai 2019 pour \u00e9valuer le r\u00f4le du secteur bancaire dans le financement de l\u2019investissement. L\u2019enjeu est de taille. L\u2019activit\u00e9, les taux d\u2019int\u00e9r\u00eat, le niveau de commission bancaire, le financement de l\u2019investissement, les cr\u00e9dits interpellent.<\/p>\n<p>Le d\u00e9calage et le manque de corr\u00e9lation entre le rythme de croissance \u00e9conomique du pays et les b\u00e9n\u00e9fices r\u00e9alis\u00e9s par les banques marocaines suscitent aussi \u00a0la pol\u00e9mique. La commission parlementaire a d\u00e9j\u00e0 arr\u00eat\u00e9 la fiche technique qui englobe en principe les diff\u00e9rentes propositions des groupes parlementaires.<\/p>\n<p>La mission englobera d\u00e9sormais l\u2019ensemble des \u00e9tablissements de cr\u00e9dits et les compagnies d\u2019assurance et non seulement les banques explique Aicha Lablak, pr\u00e9sidente du groupement parlementaire du progr\u00e8s et du socialisme qui rappelle que\u00a0 c\u2019est son groupe qui formul\u00e9 la demande de mise en place de cette mission parlementaire en mai 2019 et qu\u2019auparavant un autre groupe a \u00e9mis la m\u00eame demande. Elle explique qu\u2019une proc\u00e9dure administrative conform\u00e9ment au r\u00e8glement int\u00e9rieur du conseil est enclench\u00e9e pour d\u00e9finir le programme de travail et valider les attributions de chaque membre du bureau.<\/p>\n<p>En attendant l\u2019activation de la dite commission, une s\u00e9rie de r\u00e9unions de concertation et de tractations entre les repr\u00e9sentants des diff\u00e9rents groupes parlementaires aussi bien de la majorit\u00e9 que de l\u2019opposition suivra pour que la mission d\u2019enqu\u00eate voit le jour et d\u00e9marre r\u00e9ellement cette mission.<\/p>\n<p class=\"c3\"><strong>Fairouz El Mouden<\/strong><\/p>\n<p>Auteur: M&rsquo;hammed rahal<br \/>\n<a href=\"http:\/\/albayane.press.ma\/enquete-parlementaire-dans-le-secteur-bancaire.html\">Cliquez ici pour lire l&rsquo;article depuis sa source.<\/a><\/p>\n","protected":false},"excerpt":{"rendered":"<p>La proc\u00e9dure de d\u00e9signation des membres enclench\u00e9e La commission d\u2019enqu\u00eate parlementaire du secteur bancaire est encore en cours de constitution. Une r\u00e9union pr\u00e9paratoire a \u00e9t\u00e9 tenue lundi au sein de la premi\u00e8re Chambre. Les membres de la mission seront d\u00e9sign\u00e9s prochainement apr\u00e8s concertation entre les diff\u00e9rentes groupes pour statuer sur la d\u00e9signation du pr\u00e9sident et [&hellip;]<\/p>\n","protected":false},"author":1760,"featured_media":0,"comment_status":"closed","ping_status":"closed","sticky":false,"template":"","format":"standard","meta":{"fifu_image_url":"","fifu_image_alt":"","footnotes":""},"categories":[73,54],"tags":[],"class_list":["post-72632","post","type-post","status-publish","format-standard","hentry","category-actualite","category-maroc"],"_links":{"self":[{"href":"https:\/\/linitiative.ca\/International\/wp-json\/wp\/v2\/posts\/72632","targetHints":{"allow":["GET"]}}],"collection":[{"href":"https:\/\/linitiative.ca\/International\/wp-json\/wp\/v2\/posts"}],"about":[{"href":"https:\/\/linitiative.ca\/International\/wp-json\/wp\/v2\/types\/post"}],"author":[{"embeddable":true,"href":"https:\/\/linitiative.ca\/International\/wp-json\/wp\/v2\/users\/1760"}],"replies":[{"embeddable":true,"href":"https:\/\/linitiative.ca\/International\/wp-json\/wp\/v2\/comments?post=72632"}],"version-history":[{"count":0,"href":"https:\/\/linitiative.ca\/International\/wp-json\/wp\/v2\/posts\/72632\/revisions"}],"wp:attachment":[{"href":"https:\/\/linitiative.ca\/International\/wp-json\/wp\/v2\/media?parent=72632"}],"wp:term":[{"taxonomy":"category","embeddable":true,"href":"https:\/\/linitiative.ca\/International\/wp-json\/wp\/v2\/categories?post=72632"},{"taxonomy":"post_tag","embeddable":true,"href":"https:\/\/linitiative.ca\/International\/wp-json\/wp\/v2\/tags?post=72632"}],"curies":[{"name":"wp","href":"https:\/\/api.w.org\/{rel}","templated":true}]}}