{"id":72633,"date":"2020-01-10T05:47:02","date_gmt":"2020-01-10T10:47:02","guid":{"rendered":"https:\/\/linitiative.ca\/International\/un-mauvais-western\/"},"modified":"2020-01-10T05:47:02","modified_gmt":"2020-01-10T10:47:02","slug":"un-mauvais-western","status":"publish","type":"post","link":"https:\/\/linitiative.ca\/International\/un-mauvais-western\/","title":{"rendered":"Un mauvais western"},"content":{"rendered":"<p class=\"has-text-color has-vivid-cyan-blue-color\"><strong>D\u00e9sormais, la question n\u2019est plus \u00abva \u2013t-il \u00e9chapper au processus de destitution ?\u00bb initi\u00e9 par les d\u00e9mocrates du congr\u00e8s mais plut\u00f4t \u00abquand l\u2019Iran va \u2013t-il riposter\u00bb ? Et surtout \u00abcomment il va s\u2019y prendre ?\u00bb. Le cas \u00e9ch\u00e9ant serait-ce le d\u00e9clic pour une d\u00e9flagration g\u00e9n\u00e9ralis\u00e9e ? Cela fait au moins des heureux, les m\u00e9dias-pr\u00e9dateurs.<\/strong><\/p>\n<p>Oui, on le savait depuis son \u00e9lection, \u00e9triqu\u00e9e, faut-il le rappeler, \u00e0 la maison blanche c\u2019est manifestement \u00abla gouvernance par le chaos\u00bb; oui, un chaos bel et bien m\u00eame s\u2019il est drap\u00e9 des oripeaux de la modernit\u00e9\u00a0: tout chez lui est r\u00e9duit \u00e0 un tweet\u2026 La l\u00e2che agression contre des personnalit\u00e9s iraniennes et irakiennes fait bien partie d\u2019une strat\u00e9gie de contournement et de d\u00e9tournement.<\/p>\n<p>Des ennuis politiques s\u00e9rieux en interne; une guerre commerciale f\u00e9roce impos\u00e9e par la Chine. On ressort le spectre de l\u2019autre pour redorer le blason d\u2019une politique confuse. Mais cela ne rel\u00e8ve que de la contingence. Le capitalisme, arriv\u00e9 \u00e0 son stade immat\u00e9riel globalis\u00e9, a historiquement d\u00e9montr\u00e9 son besoin d\u2019un ennemi et de la guerre pour se revitaliser.<\/p>\n<p>D\u00e8s les pr\u00e9mices de la mondialisation sous la houlette de l\u2019occident, celle-ci a \u00e9t\u00e9 con\u00e7ue dans une d\u00e9marche dichotomique, manich\u00e9enne\u00a0; se construire en s\u2019opposant \u00e0 un camp adverse. A un Autre qui pouvait mettre l\u2019occident en p\u00e9ril. Et cet autre n\u2019a \u00e9t\u00e9 que l\u2019Islam. Les terres d\u2019Islam incarnaient bien l\u2019ennemi avec lequel on devait en d\u00e9coudre.<\/p>\n<p>Rien de nouveau donc. La peur de l\u2019\u00e9pouvantail musulman, change de forme mais ne change pas de nature, et continue d\u2019\u00eatre agit\u00e9e. Les appellations et les pr\u00e9textes changent mais le r\u00e9flexe demeure constant : hier la recherche des armes de destruction massive; aujourd\u2019hui la lute contre le terrorisme\u2026des arguments qui se r\u00e9v\u00e8lent chaque fois fallacieux.<\/p>\n<p>Dans cette haine de l\u2019autre, le pr\u00e9sident am\u00e9ricain, a commis un lapsus \u00e9clairant sur la nature des enjeux en cours. Dans ses diatribes tweet\u00e9es face \u00e0 la hantise de la riposte iranienne, il a menac\u00e9 de s\u2019en prendre aux symboles culturels, aux monuments historiques iraniens, h\u00e9ritages d\u2019une civilisation mill\u00e9naire. R\u00e9v\u00e9lant avant que ses communicants tentent de corriger le tir et d\u2019en att\u00e9nuer la port\u00e9e, que c\u2019est bien une guerre contre une culture et une civilisation.<\/p>\n<p>D\u00e9voilant \u00a0ainsi le code g\u00e9n\u00e9tique fondateur celui du g\u00e9nocide de la nation am\u00e9rindienne. Nous sommes alors dans le remake ressass\u00e9 d\u2019un mauvais western o\u00f9 \u00abun bon indien est un indien mort\u00bb. Sauf que l\u2019indien cette fois est irakien ou iranien.<\/p>\n<p>Eliminer des leaders charismatiques des peuples opprim\u00e9s d\u2019une mani\u00e8re humiliante ouvre une blessure symbolique profonde\u00a0; elle enfonce l\u2019occident imp\u00e9rialiste, et le monde qu\u2019il domine, dans les ab\u00eemes de l\u2019indignation \u00e9ternelle.<\/p>\n<p>Auteur: M&rsquo;hammed rahal<br \/>\n<a href=\"http:\/\/albayane.press.ma\/un-mauvais-western.html\">Cliquez ici pour lire l&rsquo;article depuis sa source.<\/a><\/p>\n","protected":false},"excerpt":{"rendered":"<p>D\u00e9sormais, la question n\u2019est plus \u00abva \u2013t-il \u00e9chapper au processus de destitution ?\u00bb initi\u00e9 par les d\u00e9mocrates du congr\u00e8s mais plut\u00f4t \u00abquand l\u2019Iran va \u2013t-il riposter\u00bb ? Et surtout \u00abcomment il va s\u2019y prendre ?\u00bb. Le cas \u00e9ch\u00e9ant serait-ce le d\u00e9clic pour une d\u00e9flagration g\u00e9n\u00e9ralis\u00e9e ? Cela fait au moins des heureux, les m\u00e9dias-pr\u00e9dateurs. Oui, [&hellip;]<\/p>\n","protected":false},"author":1760,"featured_media":0,"comment_status":"closed","ping_status":"closed","sticky":false,"template":"","format":"standard","meta":{"fifu_image_url":"","fifu_image_alt":"","footnotes":""},"categories":[73,54],"tags":[],"class_list":["post-72633","post","type-post","status-publish","format-standard","hentry","category-actualite","category-maroc"],"_links":{"self":[{"href":"https:\/\/linitiative.ca\/International\/wp-json\/wp\/v2\/posts\/72633","targetHints":{"allow":["GET"]}}],"collection":[{"href":"https:\/\/linitiative.ca\/International\/wp-json\/wp\/v2\/posts"}],"about":[{"href":"https:\/\/linitiative.ca\/International\/wp-json\/wp\/v2\/types\/post"}],"author":[{"embeddable":true,"href":"https:\/\/linitiative.ca\/International\/wp-json\/wp\/v2\/users\/1760"}],"replies":[{"embeddable":true,"href":"https:\/\/linitiative.ca\/International\/wp-json\/wp\/v2\/comments?post=72633"}],"version-history":[{"count":0,"href":"https:\/\/linitiative.ca\/International\/wp-json\/wp\/v2\/posts\/72633\/revisions"}],"wp:attachment":[{"href":"https:\/\/linitiative.ca\/International\/wp-json\/wp\/v2\/media?parent=72633"}],"wp:term":[{"taxonomy":"category","embeddable":true,"href":"https:\/\/linitiative.ca\/International\/wp-json\/wp\/v2\/categories?post=72633"},{"taxonomy":"post_tag","embeddable":true,"href":"https:\/\/linitiative.ca\/International\/wp-json\/wp\/v2\/tags?post=72633"}],"curies":[{"name":"wp","href":"https:\/\/api.w.org\/{rel}","templated":true}]}}