{"id":72634,"date":"2020-01-10T05:56:58","date_gmt":"2020-01-10T10:56:58","guid":{"rendered":"https:\/\/linitiative.ca\/International\/affaire-hamza-mon-bb-le-sensationnel-en-ligne\/"},"modified":"2020-01-10T05:56:58","modified_gmt":"2020-01-10T10:56:58","slug":"affaire-hamza-mon-bb-le-sensationnel-en-ligne","status":"publish","type":"post","link":"https:\/\/linitiative.ca\/International\/affaire-hamza-mon-bb-le-sensationnel-en-ligne\/","title":{"rendered":"Affaire Hamza mon BB: Le sensationnel en ligne\u2026"},"content":{"rendered":"<p class=\"has-text-color has-vivid-cyan-blue-color\"><em><strong>La scandaleuse affaire Hamza mon BB, dont le proc\u00e8s d\u00e9marre le 10 f\u00e9vrier prochain, fait parler d\u2019elle chaque jour. Alors que la justice n\u2019a pas encore dit son mot au sujet de cette affaire dans laquelle sont poursuivies les s\u0153urs Ibtissam et Dounia Batma, les \u00abplaidoiries\u00bb des uns et des autres, selon leur positionnement : pour ou contre les deux inculp\u00e9es, vont bon train et enflamment les r\u00e9seaux sociaux.<\/strong><\/em><\/p>\n<p>En d\u00e9but de semaine, la chambre criminelle du tribunal de premi\u00e8re instance de Marrakech a revu \u00e0 la hausse la caution de Dounia Batma et de sa s\u0153ur Ibtissam, poursuivies en \u00e9tat de libert\u00e9 provisoire.<\/p>\n<p>La premi\u00e8re a vers\u00e9 une caution de 500.000 dirhams, tandis que la seconde a d\u00e9pos\u00e9 une caution de 300.000 dirhams. Le montant global de la caution des deux accus\u00e9es a donc \u00e9t\u00e9 doubl\u00e9, puisqu\u2019il est pass\u00e9 de 400.000 dirhams en premi\u00e8re instance \u00e0 800.000 dirhams en appel. En plus de ces cautions revues \u00e0 la hausse, une interdiction de quitter le territoire a \u00e9t\u00e9 officiellement notifi\u00e9e aux deux s\u0153urs Batma.<\/p>\n<p>Apr\u00e8s ces d\u00e9veloppements, leur troisi\u00e8me s\u0153ur, la cadette, Imane Batma est mont\u00e9e au cr\u00e9neau pour d\u00e9fendre ses s\u0153urs. Sous l\u2019effet de l\u2019\u00e9motion, cette sortie sur les r\u00e9seaux sociaux, en lan\u00e7ant des \u00abhashtags\u00bb de solidarit\u00e9, a encore attis\u00e9 les feux d\u2019actualit\u00e9 et suscit\u00e9 des interrogations auxquelles seule l\u2019enqu\u00eate de la justice r\u00e9pondra. Les deux s\u0153urs Batma sont poursuivies pour avoir particip\u00e9 \u00e0 \u00abl\u2019acc\u00e8s frauduleux du syst\u00e8me de traitement informatique des donn\u00e9es et \u00e0 la diffusion d\u2019images et d\u00e9clarations d\u2019autrui sans le consentement des personnes concern\u00e9es dans le but de nuire ou de diffamer\u00bb.<\/p>\n<p>Elles sont poursuivies le cadre de l\u2019affaire Hamza mon bb, du nom de deux comptes anonymes sur Instagram et Snapchat, ayant attent\u00e9 \u00e0 la vie priv\u00e9e ou intime de c\u00e9l\u00e9brit\u00e9s essentiellement marocaines. D\u2019autres personnes sont \u00e9galement impliqu\u00e9es et \u00e9crou\u00e9es dans le cadre de cette affaire et certainement les investigations en cours conduiraient \u00e0 l\u2019inculpation de nouvelles personnes. Il faut dire qu\u2019au-del\u00e0 de ce qui s\u2019apparente \u00e0 un fait divers sensationnel, c\u2019est l\u2019art qui en p\u00e2tit et se pervertit par les r\u00e9v\u00e9lations scandaleuses balanc\u00e9es sur les r\u00e9seaux sociaux.<\/p>\n<p>En effet, cette affaire porte un coup dur \u00e0 la voix marocaine de la chanson arabe et ternit son image sur les ondes des radios, sur les r\u00e9seaux sociaux, sur les plateaux des t\u00e9l\u00e9visions et dans les salons de l\u2019art. C\u2019est cette r\u00e9sonnance qui est d\u00e9sormais renvoy\u00e9e par cette scandaleuse affaire que la justice tirera au clair au terme de ce proc\u00e8s qui d\u00e9marre le 10 f\u00e9vrier 2020.<\/p>\n<p>Cette affaire remonte \u00e0 2016 quand ce myst\u00e9rieux compte, \u00abHamza mon BB\u00bb, g\u00e9r\u00e9 et anim\u00e9 par plusieurs personnes, a d\u00e9fray\u00e9 la chronique sur la Toile, en mettant \u00e0 nu des stars et des animatrices de t\u00e9l\u00e9vision marocaines et arabes. D\u00e8s le d\u00e9part, les noms des s\u0153urs Batma \u00e9taient \u00e9voqu\u00e9s, mais ces derni\u00e8res ont toujours cat\u00e9goriquement ni\u00e9 leur implication dans ce r\u00e9seau criminel. L\u2019affaire a pris aujourd\u2019hui une dimension internationale et fait le chou gras des m\u00e9dias.<\/p>\n<p class=\"c2\"><strong>B.Amenzou<\/strong><\/p>\n<p>Auteur: M&rsquo;hammed rahal<br \/>\n<a href=\"http:\/\/albayane.press.ma\/affaire-hamza-mon-bb-le-sensationnel-en-ligne.html\">Cliquez ici pour lire l&rsquo;article depuis sa source.<\/a><\/p>\n","protected":false},"excerpt":{"rendered":"<p>La scandaleuse affaire Hamza mon BB, dont le proc\u00e8s d\u00e9marre le 10 f\u00e9vrier prochain, fait parler d\u2019elle chaque jour. Alors que la justice n\u2019a pas encore dit son mot au sujet de cette affaire dans laquelle sont poursuivies les s\u0153urs Ibtissam et Dounia Batma, les \u00abplaidoiries\u00bb des uns et des autres, selon leur positionnement : [&hellip;]<\/p>\n","protected":false},"author":1760,"featured_media":0,"comment_status":"closed","ping_status":"closed","sticky":false,"template":"","format":"standard","meta":{"fifu_image_url":"","fifu_image_alt":"","footnotes":""},"categories":[73,54],"tags":[],"class_list":["post-72634","post","type-post","status-publish","format-standard","hentry","category-actualite","category-maroc"],"_links":{"self":[{"href":"https:\/\/linitiative.ca\/International\/wp-json\/wp\/v2\/posts\/72634","targetHints":{"allow":["GET"]}}],"collection":[{"href":"https:\/\/linitiative.ca\/International\/wp-json\/wp\/v2\/posts"}],"about":[{"href":"https:\/\/linitiative.ca\/International\/wp-json\/wp\/v2\/types\/post"}],"author":[{"embeddable":true,"href":"https:\/\/linitiative.ca\/International\/wp-json\/wp\/v2\/users\/1760"}],"replies":[{"embeddable":true,"href":"https:\/\/linitiative.ca\/International\/wp-json\/wp\/v2\/comments?post=72634"}],"version-history":[{"count":0,"href":"https:\/\/linitiative.ca\/International\/wp-json\/wp\/v2\/posts\/72634\/revisions"}],"wp:attachment":[{"href":"https:\/\/linitiative.ca\/International\/wp-json\/wp\/v2\/media?parent=72634"}],"wp:term":[{"taxonomy":"category","embeddable":true,"href":"https:\/\/linitiative.ca\/International\/wp-json\/wp\/v2\/categories?post=72634"},{"taxonomy":"post_tag","embeddable":true,"href":"https:\/\/linitiative.ca\/International\/wp-json\/wp\/v2\/tags?post=72634"}],"curies":[{"name":"wp","href":"https:\/\/api.w.org\/{rel}","templated":true}]}}