{"id":72636,"date":"2020-01-10T07:14:26","date_gmt":"2020-01-10T12:14:26","guid":{"rendered":"https:\/\/linitiative.ca\/International\/gouvernement-jemli-demarrage-de-la-pleniere-consacree-au-vote-de-confiance\/"},"modified":"2020-01-10T07:14:26","modified_gmt":"2020-01-10T12:14:26","slug":"gouvernement-jemli-demarrage-de-la-pleniere-consacree-au-vote-de-confiance","status":"publish","type":"post","link":"https:\/\/linitiative.ca\/International\/gouvernement-jemli-demarrage-de-la-pleniere-consacree-au-vote-de-confiance\/","title":{"rendered":"Gouvernement Jemli\u00a0: D\u00e9marrage de la pl\u00e9ni\u00e8re consacr\u00e9e au vote de confiance"},"content":{"rendered":"<p>La pl\u00e9ni\u00e8re consacr\u00e9e au vote de confiance au gouvernement propos\u00e9 par Habib Jemli a d\u00e9marr\u00e9 \u00e0 l\u2019h\u00e9micycle du Bardo sous la pr\u00e9sidence de Rached Ghannouchi.<br \/>La s\u00e9ance s\u2019est ouverte par une r\u00e9citation de versets du Coran en pr\u00e9sence de 188 \u00e9lus ainsi que des membres du cabinet minist\u00e9riel propos\u00e9 par le chef du gouvernement d\u00e9sign\u00e9 Habib Jemli.<br \/>Le pr\u00e9sident de l\u2019Assembl\u00e9e des Repr\u00e9sentants du Peuple a soulign\u00e9 l\u2019importance de ce rendez-vous parlementaire pour le peuple tunisien, qui intervient apr\u00e8s un marathon de concertation engag\u00e9 par le chef du gouvernement d\u00e9sign\u00e9 Habib Jemli avec les partis politiques, des personnalit\u00e9s nationales et des repr\u00e9sentants d\u2019organisations nationales et des membres de la soci\u00e9t\u00e9 civile.<br \/>\u00bb Le peuple tunisien attend \u00e9norm\u00e9ment de cette pl\u00e9ni\u00e8re \u00ab , a d\u00e9clar\u00e9 Rached Ghannouchi.<br \/>Habib Jemli devrait \u00e0 cette occasion expos\u00e9 le programme d\u2019action de son gouvernement. S\u2019en suivra une intervention d\u2019une dur\u00e9e de trois minutes pour chaque d\u00e9put\u00e9.<br \/>La parole sera donn\u00e9e \u00e0 nouveau au chef du gouvernement pour interagir avec les repr\u00e9sentants du pouvoir l\u00e9gislatif.<br \/>Les \u00e9lus proc\u00e8deront ensuite \u00e0 un vote unique sur tous les membres du gouvernement propos\u00e9 par Jemli.<br \/>Une majorit\u00e9 de 109 est requise pour approuver le gouvernement.<\/p>\n<p class=\"dpsp-share-text\">Partager c&rsquo;est aimer!<\/p>\n<div class=\"wp-post-author-wrap wp-post-author-shortcode left\">\n<h3 class=\"awpa-title\"\/>\n<div class=\"wp-post-author\">\n<div class=\"awpa-img awpa-author-block square\"><a href=\"http:\/\/lexpertjournal.net\/fr\/author\/expert\/\"><img loading=\"lazy\" decoding=\"async\" alt=\"\" src=\"http:\/\/0.gravatar.com\/avatar\/c828f0b17d24309f0d01a4eac3747085?s=150&#038;d=mm&#038;r=g\" srcset=\"http:\/\/0.gravatar.com\/avatar\/c828f0b17d24309f0d01a4eac3747085?s=300&#038;d=mm&#038;r=g 2x\" class=\"avatar avatar-150 photo\" height=\"150\" width=\"150\"\/><\/a><\/div>\n<\/div>\n<\/div>\n<p>Auteur: L&rsquo;expert<br \/>\n<a href=\"http:\/\/lexpertjournal.net\/fr\/2020\/01\/10\/gouvernement-jemli-demarrage-de-la-pleniere-consacree-au-vote-de-confiance\/\">Cliquez ici pour lire l&rsquo;article depuis sa source.<\/a><\/p>\n","protected":false},"excerpt":{"rendered":"<p>La pl\u00e9ni\u00e8re consacr\u00e9e au vote de confiance au gouvernement propos\u00e9 par Habib Jemli a d\u00e9marr\u00e9 \u00e0 l\u2019h\u00e9micycle du Bardo sous la pr\u00e9sidence de Rached Ghannouchi.La s\u00e9ance s\u2019est ouverte par une r\u00e9citation de versets du Coran en pr\u00e9sence de 188 \u00e9lus ainsi que des membres du cabinet minist\u00e9riel propos\u00e9 par le chef du gouvernement d\u00e9sign\u00e9 Habib [&hellip;]<\/p>\n","protected":false},"author":1775,"featured_media":0,"comment_status":"closed","ping_status":"closed","sticky":false,"template":"","format":"standard","meta":{"fifu_image_url":"","fifu_image_alt":"","footnotes":""},"categories":[78,55],"tags":[],"class_list":["post-72636","post","type-post","status-publish","format-standard","hentry","category-economie","category-tunisie"],"_links":{"self":[{"href":"https:\/\/linitiative.ca\/International\/wp-json\/wp\/v2\/posts\/72636","targetHints":{"allow":["GET"]}}],"collection":[{"href":"https:\/\/linitiative.ca\/International\/wp-json\/wp\/v2\/posts"}],"about":[{"href":"https:\/\/linitiative.ca\/International\/wp-json\/wp\/v2\/types\/post"}],"author":[{"embeddable":true,"href":"https:\/\/linitiative.ca\/International\/wp-json\/wp\/v2\/users\/1775"}],"replies":[{"embeddable":true,"href":"https:\/\/linitiative.ca\/International\/wp-json\/wp\/v2\/comments?post=72636"}],"version-history":[{"count":0,"href":"https:\/\/linitiative.ca\/International\/wp-json\/wp\/v2\/posts\/72636\/revisions"}],"wp:attachment":[{"href":"https:\/\/linitiative.ca\/International\/wp-json\/wp\/v2\/media?parent=72636"}],"wp:term":[{"taxonomy":"category","embeddable":true,"href":"https:\/\/linitiative.ca\/International\/wp-json\/wp\/v2\/categories?post=72636"},{"taxonomy":"post_tag","embeddable":true,"href":"https:\/\/linitiative.ca\/International\/wp-json\/wp\/v2\/tags?post=72636"}],"curies":[{"name":"wp","href":"https:\/\/api.w.org\/{rel}","templated":true}]}}