{"id":72637,"date":"2020-01-10T07:15:24","date_gmt":"2020-01-10T12:15:24","guid":{"rendered":"https:\/\/linitiative.ca\/International\/appel-de-lutap-aux-transformateurs-de-tomates-accepter-un-prix-referentiel-de-pas-moins-de-218-millimes-kg\/"},"modified":"2020-01-10T07:15:24","modified_gmt":"2020-01-10T12:15:24","slug":"appel-de-lutap-aux-transformateurs-de-tomates-accepter-un-prix-referentiel-de-pas-moins-de-218-millimes-kg","status":"publish","type":"post","link":"https:\/\/linitiative.ca\/International\/appel-de-lutap-aux-transformateurs-de-tomates-accepter-un-prix-referentiel-de-pas-moins-de-218-millimes-kg\/","title":{"rendered":"Appel de l\u2019UTAP aux transformateurs de tomates\u00a0: Accepter un prix r\u00e9f\u00e9rentiel de pas moins de 218 millimes\/kg"},"content":{"rendered":"<p>Les structures de l\u2019UTAP charg\u00e9es de la fili\u00e8re de production de tomates ont r\u00e9it\u00e9r\u00e9 leur appel aux agriculteurs \u00e0 ne pas entamer les semis des tomates destin\u00e9es \u00e0 la transformation, sauf si les industriels (propri\u00e9taires des usines) ach\u00e8tent la production \u00e0 un prix r\u00e9f\u00e9rentiel de pas moins de 218 millimes le kg.<br \/>Ce prix a \u00e9t\u00e9 d\u00e9termin\u00e9 suite \u00e0 une \u00e9tude \u00e9labor\u00e9e par l\u2019UTAP sur le co\u00fbt de production des tomates destin\u00e9es \u00e0 la transformation, selon un communiqu\u00e9 publi\u00e9 jeudi par l\u2019UTAP, \u00e0 l\u2019issue de la r\u00e9union de ses structures, \u00e0 Nabeul.<br \/>Ces structures ont \u00e9galement, appel\u00e9 les agriculteurs qui vont entamer les semis des tomates destin\u00e9es \u00e0 la transformation, \u00e0 un prix r\u00e9f\u00e9rentiel inf\u00e9rieur \u00e0 218 milles \/kg, \u00e0 assumer leur responsabilit\u00e9 notant que l\u2019UTAP d\u00e9cline toute responsabilit\u00e9 en cas de d\u00e9g\u00e2ts subis par ces agriculteurs.<br \/>Pour l\u2019organisation agricole, cette d\u00e9marche est indispensable pour maintenir une marge de b\u00e9n\u00e9fice au profit des agriculteurs et conclure des contrats de production, leur pr\u00e9servant leurs droits.<br \/>Elle estime, par ailleurs, que la fili\u00e8re des tomates destin\u00e9es \u00e0 la transformation, fait face \u00e0 des difficult\u00e9s \u00e9normes et risque de disparaitre, compte tenu de l\u2019indiff\u00e9rence avec laquelle sont trait\u00e9es les demandes des producteurs.<\/p>\n<p class=\"dpsp-share-text\">Partager c&rsquo;est aimer!<\/p>\n<div class=\"wp-post-author-wrap wp-post-author-shortcode left\">\n<h3 class=\"awpa-title\"\/>\n<div class=\"wp-post-author\">\n<div class=\"awpa-img awpa-author-block square\"><a href=\"http:\/\/lexpertjournal.net\/fr\/author\/expert\/\"><img loading=\"lazy\" decoding=\"async\" alt=\"\" src=\"http:\/\/0.gravatar.com\/avatar\/c828f0b17d24309f0d01a4eac3747085?s=150&#038;d=mm&#038;r=g\" srcset=\"http:\/\/0.gravatar.com\/avatar\/c828f0b17d24309f0d01a4eac3747085?s=300&#038;d=mm&#038;r=g 2x\" class=\"avatar avatar-150 photo\" height=\"150\" width=\"150\"\/><\/a><\/div>\n<\/div>\n<\/div>\n<p>Auteur: L&rsquo;expert<br \/>\n<a href=\"http:\/\/lexpertjournal.net\/fr\/2020\/01\/10\/appel-de-lutap-aux-transformateurs-de-tomates-accepter-un-prix-referentiel-de-pas-moins-de-218-millimes-kg\/\">Cliquez ici pour lire l&rsquo;article depuis sa source.<\/a><\/p>\n","protected":false},"excerpt":{"rendered":"<p>Les structures de l\u2019UTAP charg\u00e9es de la fili\u00e8re de production de tomates ont r\u00e9it\u00e9r\u00e9 leur appel aux agriculteurs \u00e0 ne pas entamer les semis des tomates destin\u00e9es \u00e0 la transformation, sauf si les industriels (propri\u00e9taires des usines) ach\u00e8tent la production \u00e0 un prix r\u00e9f\u00e9rentiel de pas moins de 218 millimes le kg.Ce prix a \u00e9t\u00e9 [&hellip;]<\/p>\n","protected":false},"author":1775,"featured_media":0,"comment_status":"closed","ping_status":"closed","sticky":false,"template":"","format":"standard","meta":{"fifu_image_url":"","fifu_image_alt":"","footnotes":""},"categories":[78,55],"tags":[],"class_list":["post-72637","post","type-post","status-publish","format-standard","hentry","category-economie","category-tunisie"],"_links":{"self":[{"href":"https:\/\/linitiative.ca\/International\/wp-json\/wp\/v2\/posts\/72637","targetHints":{"allow":["GET"]}}],"collection":[{"href":"https:\/\/linitiative.ca\/International\/wp-json\/wp\/v2\/posts"}],"about":[{"href":"https:\/\/linitiative.ca\/International\/wp-json\/wp\/v2\/types\/post"}],"author":[{"embeddable":true,"href":"https:\/\/linitiative.ca\/International\/wp-json\/wp\/v2\/users\/1775"}],"replies":[{"embeddable":true,"href":"https:\/\/linitiative.ca\/International\/wp-json\/wp\/v2\/comments?post=72637"}],"version-history":[{"count":0,"href":"https:\/\/linitiative.ca\/International\/wp-json\/wp\/v2\/posts\/72637\/revisions"}],"wp:attachment":[{"href":"https:\/\/linitiative.ca\/International\/wp-json\/wp\/v2\/media?parent=72637"}],"wp:term":[{"taxonomy":"category","embeddable":true,"href":"https:\/\/linitiative.ca\/International\/wp-json\/wp\/v2\/categories?post=72637"},{"taxonomy":"post_tag","embeddable":true,"href":"https:\/\/linitiative.ca\/International\/wp-json\/wp\/v2\/tags?post=72637"}],"curies":[{"name":"wp","href":"https:\/\/api.w.org\/{rel}","templated":true}]}}