{"id":72639,"date":"2020-01-10T07:17:22","date_gmt":"2020-01-10T12:17:22","guid":{"rendered":"https:\/\/linitiative.ca\/International\/dernier-test-pour-le-chef-du-gouvernement-designe-jemli-presente-les-contours-dune-gouvernance-politique-responsable\/"},"modified":"2020-01-10T07:17:22","modified_gmt":"2020-01-10T12:17:22","slug":"dernier-test-pour-le-chef-du-gouvernement-designe-jemli-presente-les-contours-dune-gouvernance-politique-responsable","status":"publish","type":"post","link":"https:\/\/linitiative.ca\/International\/dernier-test-pour-le-chef-du-gouvernement-designe-jemli-presente-les-contours-dune-gouvernance-politique-responsable\/","title":{"rendered":"Dernier test pour le chef du gouvernement d\u00e9sign\u00e9\u00a0: Jemli pr\u00e9sente les contours d\u2019une  \u00bb gouvernance politique responsable \u00bb"},"content":{"rendered":"<p>Tous les pronostics sont tomb\u00e9s \u00e0 l\u2019eau, \u00e0 propos, du retrait de confiance au gouvernement Jemli, par le mouvement Ennahdha, et le chef du gouvernement d\u00e9sign\u00e9, se voulant convaincant, a pr\u00e9sent\u00e9 son programme plein de promesses qui risquent de rester lettre morte.<br \/>J\u2019ai choisi l\u2019\u00e9quipe sur la base de l\u2019int\u00e9grit\u00e9, de la comp\u00e9tence, de la propret\u00e9 de la main et la capacit\u00e9 de gestion et de r\u00e9alisation dans l\u2019unit\u00e9, loin des consid\u00e9rations partisanes qui ne cadrent pas avec la conjoncture du pays. Le gouvernement est le fruit d\u2019un long et difficile marathon de concertations avec les principaux acteurs politiques et sociaux, a d\u00e9clar\u00e9 le chef du gouvernement d\u00e9sign\u00e9 Habib Jemli.<br \/>Et d\u2019affirmer que la nouvelle \u00e9quipe choisie a exprim\u00e9 son enthousiasme d\u2019assumer pleinement sa responsabilit\u00e9 nationale et d\u2019atteindre les objectifs escompt\u00e9s.<br \/>\u00ab Les Tunisiens sont exasp\u00e9r\u00e9s par les tiraillements politiques et attendent de la classe politique des solutions face \u00e0 la d\u00e9t\u00e9rioration de leur pouvoir d\u2019achat et la garantie d\u2019un avenir meilleur pour leurs enfants \u00bb, a-t-il relev\u00e9.<br \/>Jemli a tenu dans ce sens \u00e0 pr\u00e9ciser qu\u2019il ne s\u2019engagera pas dans des promesses irr\u00e9alistes et irr\u00e9alisables.<br \/>Le chef du gouvernement d\u00e9sign\u00e9 a annonc\u00e9 dans son allocution la cr\u00e9ation d\u2019une charte d\u2019honneur fixant les responsabilit\u00e9s des membres du gouvernement.<br \/>Il a parl\u00e9 dans ce sens d\u2019une nouvelle d\u00e9marche bas\u00e9e sur l\u2019\u00e9valuation, le contr\u00f4le et la redevabilit\u00e9 de chaque membre du gouvernement, laquelle d\u00e9marche, sera g\u00e9n\u00e9ralis\u00e9e \u00e0 toutes les institutions pour baliser le terrain \u00e0 un \u00ab Etat de gouvernance politique responsable \u00bb.<br \/>En vertu de la charte, chaque membre pr\u00e9sente son programme d\u00e9taill\u00e9 au parlement, s\u2019engage \u00e0 le r\u00e9aliser et dresse ensuite le bilan de son action.<br \/>Il a ajout\u00e9 que l\u2019\u00e9quipe, qui se tient \u00e0 \u00e9quidistance de tous les partis, demande le soutien du parlement pour entamer son programme.<br \/>\u00ab Nous somme conscients du poids des responsabilit\u00e9s et nous affirmons notre disposition \u00e0 faire face aux difficult\u00e9s et aux d\u00e9fis \u00bb.<br \/>La Tunisie rec\u00e8le un important potentiel humain qui lui garantit les attributs de la r\u00e9ussite, a-t-il estim\u00e9, r\u00e9it\u00e9rant la d\u00e9termination de la nouvelle \u00e9quipe gouvernementale \u00e0 \u0153uvrer sans rel\u00e2che pour r\u00e9aliser la stabilit\u00e9 \u00e9conomique et sociale. \u00ab Nous n\u2019avons d\u2019autre choix que de r\u00e9ussir \u00bb.<br \/>Face \u00e0 une situation \u00e9conomique et financi\u00e8re difficile, il faut h\u00e2ter les r\u00e9formes dans un cadre prot\u00e9geant les int\u00e9r\u00eats de la Tunisie et son peuple dont en premier, les cat\u00e9gories vuln\u00e9rables, a-t-il pr\u00e9conis\u00e9, mettant en exergue le principe de la coh\u00e9sion sociale.<br \/>Jemli propose dans ce sens, de renforcer l\u2019intervention de l\u2019Etat dans le domaine social. Il a sugg\u00e9r\u00e9 la cr\u00e9ation d\u2019un fonds social de lutte contre la pauvret\u00e9 avec une contribution de l\u2019Etat \u00e0 hauteur de 200 millions de dinars. Il a soulev\u00e9 le besoin pressant de r\u00e9former le syst\u00e8me de la couverture sociale en assurant minimum d\u2019intervention de l\u2019Etat au profit des d\u00e9munis.<br \/>Jemli a aussi mis en avant la r\u00e9forme du syst\u00e8me de sant\u00e9 \u00e0 travers notamment le renforcement de la sant\u00e9 de proximit\u00e9, la m\u00e9decine de famille et un meilleur d\u00e9ploiement des cadres m\u00e9dicaux dans les r\u00e9gions. Il a, \u00e9galement, soulign\u00e9 l\u2019importance de la compl\u00e9mentarit\u00e9 entre les secteurs public et priv\u00e9.<br \/>Dans le domaine \u00e9conomique, il a, notamment \u00e9voqu\u00e9 le besoin de r\u00e9tablir la confiance des investisseurs dans la Tunisie et du besoin de mettre en place un m\u00e9canisme qui permet au gouvernement d\u2019approuver les grands projets d\u2019investissement \u00e0 travers des d\u00e9crets gouvernementaux dans le but d\u2019\u00e9courter les d\u00e9lais, insistant sur la n\u00e9cessit\u00e9 d\u2019am\u00e9liorer la visibilit\u00e9 de la Tunisie aupr\u00e8s des investisseurs.<br \/>Aujourd\u2019hui la Tunisie est appel\u00e9e \u00e0 parachever sa transition et asseoir les fondements de la deuxi\u00e8me R\u00e9publique, a-t-il relev\u00e9, mettant l\u2019accent sur l\u2019urgence de compl\u00e9ter l\u2019instauration des instances constitutionnelles dont en premier la Cour constitutionnelle, en application de la constitution et en cons\u00e9cration de l\u2019Etat de droit.<br \/>Il a mis l\u2019accent, aussi, sur le parach\u00e8vement de la d\u00e9centralisation et la consolidation de la jeune exp\u00e9rience de la gouvernance locale en renfor\u00e7ant l\u2019autonomie financi\u00e8re et de gestion des collectivit\u00e9s locales.<br \/>Jemli sugg\u00e8re, par ailleurs, la cr\u00e9ation de centres de r\u00e9flexion regroupant des experts dans diff\u00e9rentes disciplines pour projeter la Tunisie 2050 et de les doter des moyens financiers n\u00e9cessaires.<br \/>Le chef du gouvernement d\u00e9sign\u00e9 a, sur un tout autre registre, exprim\u00e9 l\u2019inqui\u00e9tude face \u00e0 la situation en Libye, mettant en \u00e9vidence l\u2019engagement \u00e0 poursuivre les efforts pour faire pr\u00e9valoir le bon sens et le consensus entre les factions libyennes sous les auspices des Nations Unies. Il a ajout\u00e9 que la Tunisie, qui assure actuellement le mandat de membre non permanant du conseil de s\u00e9curit\u00e9, soutient le dialogue et se pr\u00e9sente comme force de propositions positives<br \/>d\u00e9fendant les justes causes dont en premier lieu la cause palestinienne.<br \/>En conclusion Jemli s\u2019est dit pr\u00eat \u00e0 revoir sa composition si n\u00e9cessaire.<\/p>\n<p class=\"dpsp-share-text\">Partager c&rsquo;est aimer!<\/p>\n<div class=\"wp-post-author-wrap wp-post-author-shortcode left\">\n<h3 class=\"awpa-title\"\/>\n<div class=\"wp-post-author\">\n<div class=\"awpa-img awpa-author-block square\"><a href=\"http:\/\/lexpertjournal.net\/fr\/author\/expert\/\"><img loading=\"lazy\" decoding=\"async\" alt=\"\" src=\"http:\/\/0.gravatar.com\/avatar\/c828f0b17d24309f0d01a4eac3747085?s=150&#038;d=mm&#038;r=g\" srcset=\"http:\/\/0.gravatar.com\/avatar\/c828f0b17d24309f0d01a4eac3747085?s=300&#038;d=mm&#038;r=g 2x\" class=\"avatar avatar-150 photo\" height=\"150\" width=\"150\"\/><\/a><\/div>\n<\/div>\n<\/div>\n<p>Auteur: L&rsquo;expert<br \/>\n<a href=\"http:\/\/lexpertjournal.net\/fr\/2020\/01\/10\/dernier-test-pour-le-chef-du-gouvernement-designe-jemli-presente-les-contours-dune-gouvernance-politique-responsable\/\">Cliquez ici pour lire l&rsquo;article depuis sa source.<\/a><\/p>\n","protected":false},"excerpt":{"rendered":"<p>Tous les pronostics sont tomb\u00e9s \u00e0 l\u2019eau, \u00e0 propos, du retrait de confiance au gouvernement Jemli, par le mouvement Ennahdha, et le chef du gouvernement d\u00e9sign\u00e9, se voulant convaincant, a pr\u00e9sent\u00e9 son programme plein de promesses qui risquent de rester lettre morte.J\u2019ai choisi l\u2019\u00e9quipe sur la base de l\u2019int\u00e9grit\u00e9, de la comp\u00e9tence, de la propret\u00e9 [&hellip;]<\/p>\n","protected":false},"author":1775,"featured_media":0,"comment_status":"closed","ping_status":"closed","sticky":false,"template":"","format":"standard","meta":{"fifu_image_url":"","fifu_image_alt":"","footnotes":""},"categories":[78,55],"tags":[],"class_list":["post-72639","post","type-post","status-publish","format-standard","hentry","category-economie","category-tunisie"],"_links":{"self":[{"href":"https:\/\/linitiative.ca\/International\/wp-json\/wp\/v2\/posts\/72639","targetHints":{"allow":["GET"]}}],"collection":[{"href":"https:\/\/linitiative.ca\/International\/wp-json\/wp\/v2\/posts"}],"about":[{"href":"https:\/\/linitiative.ca\/International\/wp-json\/wp\/v2\/types\/post"}],"author":[{"embeddable":true,"href":"https:\/\/linitiative.ca\/International\/wp-json\/wp\/v2\/users\/1775"}],"replies":[{"embeddable":true,"href":"https:\/\/linitiative.ca\/International\/wp-json\/wp\/v2\/comments?post=72639"}],"version-history":[{"count":0,"href":"https:\/\/linitiative.ca\/International\/wp-json\/wp\/v2\/posts\/72639\/revisions"}],"wp:attachment":[{"href":"https:\/\/linitiative.ca\/International\/wp-json\/wp\/v2\/media?parent=72639"}],"wp:term":[{"taxonomy":"category","embeddable":true,"href":"https:\/\/linitiative.ca\/International\/wp-json\/wp\/v2\/categories?post=72639"},{"taxonomy":"post_tag","embeddable":true,"href":"https:\/\/linitiative.ca\/International\/wp-json\/wp\/v2\/tags?post=72639"}],"curies":[{"name":"wp","href":"https:\/\/api.w.org\/{rel}","templated":true}]}}