{"id":72640,"date":"2020-01-10T13:05:36","date_gmt":"2020-01-10T18:05:36","guid":{"rendered":"https:\/\/linitiative.ca\/International\/festival-national-des-musique-et-chanson-amazighes-26-troupes-animent-la-11e-edition\/"},"modified":"2020-01-10T13:05:36","modified_gmt":"2020-01-10T18:05:36","slug":"festival-national-des-musique-et-chanson-amazighes-26-troupes-animent-la-11e-edition","status":"publish","type":"post","link":"https:\/\/linitiative.ca\/International\/festival-national-des-musique-et-chanson-amazighes-26-troupes-animent-la-11e-edition\/","title":{"rendered":"Festival national des musique et chanson amazighes: 26 troupes animent la 11e \u00e9dition"},"content":{"rendered":"<div readability=\"36\">\n<p><strong>TAMANRASSET &#8211; Vingt-six (26) troupes artistiques animent la 11\u00e8me \u00e9dition du festival national des musique et chanson amazighes, dont le coup d\u2019envoi a \u00e9t\u00e9 donn\u00e9 jeudi apr\u00e8s-midi \u00e0 Tamanrasset par le secr\u00e9taire d\u2019Etat charg\u00e9 de la production culturelle, Salim Dada.<\/strong><\/p>\n<\/div>\n<div readability=\"83\">\n<p>Intervenant en ouverture de la manifestation culturelle, M. Dada a indiqu\u00e9 que la richesse et la diversit\u00e9 culturelle de l\u2019Alg\u00e9rie est source de fiert\u00e9, ce qui implique la pr\u00e9servation du patrimoine mat\u00e9riel et immat\u00e9riel que rec\u00e8le pays, \u00e0 l\u2019instar de la danse de la Sbeiba (Djanet) , la danse de Djakmi et l\u2019art de l\u2019Imzad (Tamanrasset).<\/p>\n<p>Organis\u00e9 dans le cadre de la c\u00e9l\u00e9bration de la semaine culturelle de Yennayer (Nouvel An amazigh), ce rendez-vous culturel, dont les activit\u00e9s se tiennent \u00e0 la maison de la culture et au niveau de la place du 1er Novembre \u00e0 Tamanrasset, regroupe diff\u00e9rents genres lyriques amazighs, dont les variantes targuie, chaouie, mozabite, et kabyle, en plus d\u2019une dizaine troupes folkloriques et populaires, qui auront \u00e0 se produire devant un jury, ont indiqu\u00e9 les organisateurs.<\/p>\n<p>Le programme du festival pr\u00e9voit deux volets de comp\u00e9tition, un concours entre les troupes en lice et un autre d\u2019interpr\u00e9tation instrumentale individuelle, et ce en pr\u00e9sence des repr\u00e9sentants de l\u2019Office national des droits d\u2019auteur et droits voisins (ONDA), sponsor du festival, qui s\u2019s\u2019emploiera \u00e0 accompagner les troupes participantes, a indiqu\u00e9 le commissaire du festival, Mouloud Fertoune.<\/p>\n<p>Cette manifestation culturelle nationale (9-12 janvier) permettra au public d\u2019appr\u00e9cier des morceaux musicaux du patrimoine ancestral targui de Tindi et d\u2019Imzad ainsi que des soir\u00e9es artistiques.<\/p>\n<p>Pour le commissaire du festival, la r\u00e9gion rec\u00e8le de belles voix artistiques en qu\u00eate de prise en charge et d\u2019accompagnement, et que l\u2019ouverture d\u2019une annexe de l\u2019Institut national sup\u00e9rieur de musique contribuera \u00e0 assurer la p\u00e9rennit\u00e9 de ce legs amazigh ancestral, dont la notori\u00e9t\u00e9 a travers\u00e9 les fronti\u00e8res du pays gr\u00e2ce \u00e0 une troupe locale d\u00e9couverte lors de pr\u00e9c\u00e9dentes \u00e9ditions.<\/p>\n<p>Le m\u00eame responsable a mis aussi en avant la valorisation du patrimoine musical et lyrique d\u2019expression amazighe, \u00e0 la faveur d\u2019un recensement et inventaire de ce legs pour faire l\u2019objet d\u2019\u00e9tudes et de recherches acad\u00e9miques \u00e0 m\u00eame de permettre la mise en place d\u2019incubateurs pour la r\u00e9habilitation de cet art authentique.<\/p>\n<\/div>\n<p>Auteur:<br \/>\n<a href=\"http:\/\/www.aps.dz\/culture\/99954-festival-national-des-musique-et-chanson-amazighes-26-troupes-animent-la-11e-edition\">Cliquez ici pour lire l&rsquo;article depuis sa source.<\/a><\/p>\n","protected":false},"excerpt":{"rendered":"<p>TAMANRASSET &#8211; Vingt-six (26) troupes artistiques animent la 11\u00e8me \u00e9dition du festival national des musique et chanson amazighes, dont le coup d\u2019envoi a \u00e9t\u00e9 donn\u00e9 jeudi apr\u00e8s-midi \u00e0 Tamanrasset par le secr\u00e9taire d\u2019Etat charg\u00e9 de la production culturelle, Salim Dada. Intervenant en ouverture de la manifestation culturelle, M. Dada a indiqu\u00e9 que la richesse et [&hellip;]<\/p>\n","protected":false},"author":1790,"featured_media":0,"comment_status":"closed","ping_status":"closed","sticky":false,"template":"","format":"standard","meta":{"fifu_image_url":"","fifu_image_alt":"","footnotes":""},"categories":[53,79],"tags":[],"class_list":["post-72640","post","type-post","status-publish","format-standard","hentry","category-algerie","category-culture"],"_links":{"self":[{"href":"https:\/\/linitiative.ca\/International\/wp-json\/wp\/v2\/posts\/72640","targetHints":{"allow":["GET"]}}],"collection":[{"href":"https:\/\/linitiative.ca\/International\/wp-json\/wp\/v2\/posts"}],"about":[{"href":"https:\/\/linitiative.ca\/International\/wp-json\/wp\/v2\/types\/post"}],"author":[{"embeddable":true,"href":"https:\/\/linitiative.ca\/International\/wp-json\/wp\/v2\/users\/1790"}],"replies":[{"embeddable":true,"href":"https:\/\/linitiative.ca\/International\/wp-json\/wp\/v2\/comments?post=72640"}],"version-history":[{"count":0,"href":"https:\/\/linitiative.ca\/International\/wp-json\/wp\/v2\/posts\/72640\/revisions"}],"wp:attachment":[{"href":"https:\/\/linitiative.ca\/International\/wp-json\/wp\/v2\/media?parent=72640"}],"wp:term":[{"taxonomy":"category","embeddable":true,"href":"https:\/\/linitiative.ca\/International\/wp-json\/wp\/v2\/categories?post=72640"},{"taxonomy":"post_tag","embeddable":true,"href":"https:\/\/linitiative.ca\/International\/wp-json\/wp\/v2\/tags?post=72640"}],"curies":[{"name":"wp","href":"https:\/\/api.w.org\/{rel}","templated":true}]}}