{"id":72642,"date":"2020-01-10T13:05:45","date_gmt":"2020-01-10T18:05:45","guid":{"rendered":"https:\/\/linitiative.ca\/International\/el-oued-onze-oeuvres-selectionnees-pour-le-festival-international-du-monodrame-feminin\/"},"modified":"2020-01-10T13:05:45","modified_gmt":"2020-01-10T18:05:45","slug":"el-oued-onze-oeuvres-selectionnees-pour-le-festival-international-du-monodrame-feminin","status":"publish","type":"post","link":"https:\/\/linitiative.ca\/International\/el-oued-onze-oeuvres-selectionnees-pour-le-festival-international-du-monodrame-feminin\/","title":{"rendered":"El-Oued : onze \u0153uvres s\u00e9lectionn\u00e9es pour le festival international du monodrame f\u00e9minin"},"content":{"rendered":"<div readability=\"35\">\n<p><strong>EL-OUED- Onze \u0153uvres ont \u00e9t\u00e9 s\u00e9lectionn\u00e9es pour prendre part \u00e0 la premi\u00e8re \u00e9dition du festival international du monodrame f\u00e9minin qui se d\u00e9roulera du 1er au 5 f\u00e9vrier prochain \u00e0 El-Oued, a-t-on\u00a0appris vendredi du commissaire du festival.<\/strong><\/p>\n<\/div>\n<div readability=\"83\">\n<p>Ces \u0153uvres ont \u00e9t\u00e9 s\u00e9lectionn\u00e9es parmi 41 \u0153uvres th\u00e9\u00e2trales de neuf pays (Palestine, Egypte, Tunisie, Maroc, Syrie, Irak, Libye, Espagne et le pays h\u00f4te l\u2019Alg\u00e9rie), r\u00e9ceptionn\u00e9es par la commission de lecture et de s\u00e9lection, a pr\u00e9cis\u00e9 Ahmed Nabil Messai, \u00e9galement pr\u00e9sident de l\u2019association \u00ab\u00a0Settar\u00a0\u00bb de cr\u00e9ation th\u00e9\u00e2trale.<\/p>\n<p>La s\u00e9lection s\u2019est op\u00e9r\u00e9e sur la base de trois crit\u00e8res techniques, \u00e0 savoir la profondeur du contenu du texte, l\u2019interpr\u00e9tation sur sc\u00e8ne du com\u00e9dien et la mise en sc\u00e8ne th\u00e9\u00e2trale adapt\u00e9e au texte, a-t-il ajout\u00e9.<\/p>\n<p><strong>L\u2019Alg\u00e9rie participe avec deux \u0153uvres traitant de la situation que vit\u00a0 le pays et intitul\u00e9es \u00ab\u00a0Aoudja\u00e2 El-Samt\u2019\u2019 du th\u00e9\u00e2tre Bouderga (El-Bayadh) et \u00ab\u00a0Ahat El-Djazair\u00a0\u00bb de la coop\u00e9rative culturelle \u00ab\u00a0Anis\u00a0\u00bb.<\/strong><\/p>\n<p>La Tunisie est pr\u00e9sente avec aussi deux \u0153uvres \u00ab\u00a0Radjelouna\u00a0\u00bb de l\u2019association th\u00e9\u00e2trale \u00ab\u00a0En-Nahr\u00a0\u00bb et \u00ab\u00a0Data Youm\u00a0\u00bb de l\u2019association th\u00e9\u00e2trale \u00ab\u00a0EnNedjm\u00a0\u00bb , tandis que la Libye pr\u00e9sente un monodrame intitul\u00e9 \u00ab\u00a0Hikaya\u00a0Traboulsia\u00a0\u00bb.<\/p>\n<p>\u00a0Avec une \u0153uvre chacune, la Palestine est repr\u00e9sent\u00e9e avec l\u2019\u0153uvre \u00ab\u00a0El-Medjnouna\u00a0\u00bb, la Syrie avec \u00ab\u00a0Nedima\u00a0\u00bb, l\u2019Irak avec \u00ab\u00a0Enyab\u00a0\u00bb, le Maroc avec \u00ab\u00a0Achikatou El-Maout\u00a0\u00bb, l\u2019Egypte avec \u00ab\u00a0Ana Carmen\u00a0\u00bb et l\u2019Espagne avec \u2018\u2019Kadiyet Foustane\u00a0\u00bb.<\/p>\n<p>Selon le commissaire du festival, des ateliers d\u2019application et de formation sont \u00e9galement pr\u00e9vus dans le cadre de ce festival sur le monodrame, l\u2019interpr\u00e9tation et la sc\u00e9nographie, en plus de la pr\u00e9sentation\u00a0de communications acad\u00e9miques par des sp\u00e9cialistes de l\u2019art du monodrame de pays arabes.<\/p>\n<p>Cette premi\u00e8re \u00e9dition du festival international du monodrame f\u00e9minin, qu\u2019abrite la Maison de la Culture Mohamed lamine Lamoudi, est d\u00e9di\u00e9e \u00e0 la regrett\u00e9e com\u00e9dienne Sonia.<\/p>\n<\/div>\n<p>Auteur:<br \/>\n<a href=\"http:\/\/www.aps.dz\/culture\/99967-el-oued-onze-oeuvres-selectionnees-pour-le-festival-international-du-monodrame-feminin\">Cliquez ici pour lire l&rsquo;article depuis sa source.<\/a><\/p>\n","protected":false},"excerpt":{"rendered":"<p>EL-OUED- Onze \u0153uvres ont \u00e9t\u00e9 s\u00e9lectionn\u00e9es pour prendre part \u00e0 la premi\u00e8re \u00e9dition du festival international du monodrame f\u00e9minin qui se d\u00e9roulera du 1er au 5 f\u00e9vrier prochain \u00e0 El-Oued, a-t-on\u00a0appris vendredi du commissaire du festival. Ces \u0153uvres ont \u00e9t\u00e9 s\u00e9lectionn\u00e9es parmi 41 \u0153uvres th\u00e9\u00e2trales de neuf pays (Palestine, Egypte, Tunisie, Maroc, Syrie, Irak, Libye, [&hellip;]<\/p>\n","protected":false},"author":1790,"featured_media":0,"comment_status":"closed","ping_status":"closed","sticky":false,"template":"","format":"standard","meta":{"fifu_image_url":"","fifu_image_alt":"","footnotes":""},"categories":[53,79],"tags":[],"class_list":["post-72642","post","type-post","status-publish","format-standard","hentry","category-algerie","category-culture"],"_links":{"self":[{"href":"https:\/\/linitiative.ca\/International\/wp-json\/wp\/v2\/posts\/72642","targetHints":{"allow":["GET"]}}],"collection":[{"href":"https:\/\/linitiative.ca\/International\/wp-json\/wp\/v2\/posts"}],"about":[{"href":"https:\/\/linitiative.ca\/International\/wp-json\/wp\/v2\/types\/post"}],"author":[{"embeddable":true,"href":"https:\/\/linitiative.ca\/International\/wp-json\/wp\/v2\/users\/1790"}],"replies":[{"embeddable":true,"href":"https:\/\/linitiative.ca\/International\/wp-json\/wp\/v2\/comments?post=72642"}],"version-history":[{"count":0,"href":"https:\/\/linitiative.ca\/International\/wp-json\/wp\/v2\/posts\/72642\/revisions"}],"wp:attachment":[{"href":"https:\/\/linitiative.ca\/International\/wp-json\/wp\/v2\/media?parent=72642"}],"wp:term":[{"taxonomy":"category","embeddable":true,"href":"https:\/\/linitiative.ca\/International\/wp-json\/wp\/v2\/categories?post=72642"},{"taxonomy":"post_tag","embeddable":true,"href":"https:\/\/linitiative.ca\/International\/wp-json\/wp\/v2\/tags?post=72642"}],"curies":[{"name":"wp","href":"https:\/\/api.w.org\/{rel}","templated":true}]}}