{"id":72643,"date":"2020-01-10T13:05:47","date_gmt":"2020-01-10T18:05:47","guid":{"rendered":"https:\/\/linitiative.ca\/International\/yennayer-2970-lancement-a-tipasa-des-festivites-officielles-et-nationales\/"},"modified":"2020-01-10T13:05:47","modified_gmt":"2020-01-10T18:05:47","slug":"yennayer-2970-lancement-a-tipasa-des-festivites-officielles-et-nationales","status":"publish","type":"post","link":"https:\/\/linitiative.ca\/International\/yennayer-2970-lancement-a-tipasa-des-festivites-officielles-et-nationales\/","title":{"rendered":"Yennayer 2970: lancement \u00e0 Tipasa des festivit\u00e9s officielles et nationales"},"content":{"rendered":"<p>Cette manifestation qui s&rsquo;\u00e9talera jusqu&rsquo;au 14 janvier prochain a \u00e9t\u00e9 lanc\u00e9e \u00e0 partir du Mausol\u00e9e royal de Maur\u00e9tanie, surnomm\u00e9 Tombeau de la chr\u00e9tienne, en pr\u00e9sence de la ministre de la Culture, Malika Bendouda, du Secr\u00e9taire g\u00e9n\u00e9ral du Haut Commissariat \u00e0 l&rsquo;Amazighit\u00e9 (HCA), Si El Hachemi Assad, du wali de Tipasa,Mohamed Bouchama ainsi que des artistes et des acad\u00e9miciens.<\/p>\n<p>Dans le cadre de ces festivit\u00e9s et \u00e0 titre symbolique, mille (1.000) arbres ont \u00e9t\u00e9 plant\u00e9s autour du Mausol\u00e9e royal de Maur\u00e9tanie.Par la suite, la ministre de la Culture et le SG du HCA ont donn\u00e9 le coup d&rsquo;envoi officiel des festivit\u00e9s pour la c\u00e9l\u00e9bration du nouvel an amazigh \u00e0 la Maison de la culture du centre ville de Tipasa.<\/p>\n<p>Ces festivit\u00e9s pr\u00e9voient une exposition de tissage, de broderie traditionnelle, de vannerie, de c\u00e9ramique, de poterie, de dinanderie et de tapisserie, un concours national culinaire et de couture outre une pr\u00e9sentation de la troupe Ahl Ellil, invit\u00e9e d&rsquo;honneur de cette \u00e9dition, qui interpr\u00e9tera des passages musicaux.<\/p>\n<p>Au programme de la premi\u00e8re journ\u00e9e de cette manifestation, une soir\u00e9e qui sera marqu\u00e9e par des repr\u00e9sentations artistiques et culturelles de troupes locales et nationales de danse ainsi que des repr\u00e9sentations th\u00e9\u00e2trales qui refl\u00e8tent les traditions de la vie quotidienne de la famille amazighe.<\/p>\n<hr\/>\n<h3>Lire aussi :<a href=\"http:\/\/www.aps.dz\/culture\/99954-festival-national-des-musique-et-chanson-amazighes-26-troupes-animent-la-11e-edition\" target=\"_blank\" rel=\"noopener noreferrer\">Festival national des musique et chanson amazighes: 26 troupes animent la 11e \u00e9dition<\/a><\/h3>\n<hr\/>\n<p>La deuxi\u00e8me journ\u00e9e des festivit\u00e9s verra l&rsquo;organisation d&rsquo;un colloque scientifique acad\u00e9mique \u00ab\u00a0Yennayer, symbole d&rsquo;une identit\u00e9 retrouv\u00e9e et monument historique \u00e0 valoriser\u00a0\u00bb qui sera anim\u00e9 par des acad\u00e9miciens, \u00e0 l&rsquo;instar du Professeur Mohamed El Hadi Harech, Chams Eddine Chitour, la chercheuse Louisa Galiz, Dr Mahfoud Ferroukhi, Dr Boudjemaa Haichour ainsi que les professeurs universitaires Abdennaceur Kadjiba, Youcef Necib, Toufik Aouni, Mohamed Serridj et Salem Ben Zayed.<\/p>\n<p>Le colloque comprendra trois assises suivies de d\u00e9bats abordant des th\u00e8mes ayant trait \u00e0 l&rsquo;Histoire, aux calendriers des anciens peuples et amazigh, au patrimoines mat\u00e9riel et immat\u00e9riel, \u00e0 la cohabitation, \u00e0 l&rsquo;identit\u00e9, aux manuscrits, aux traditions et coutumes, \u00e0 l&rsquo;histoire des Amazighs de la r\u00e9gion de Tipasa et \u00e0 d&rsquo;autres th\u00e8mes.<\/p>\n<p>En marge de ce colloque, il sera proc\u00e9d\u00e9 \u00e0 l&rsquo;installation d&rsquo;une commission de wilaya du patrimoine immat\u00e9riel, \u00e0 la conclusion de conventions de coop\u00e9ration entre l&rsquo;entreprise publique de T\u00e9l\u00e9vision (EPTV) et le Haut Commissariat \u00e0 l&rsquo;Amazighit\u00e9 (HCA) et \u00e0 l&rsquo;installation de la 1\u00e8re promotion de journalistes et correspondants activant en Tamazight, outre d&rsquo;autres activit\u00e9s culturelles et artistiques.<\/p>\n<p><em><strong>Les festivit\u00e9s devront se poursuivre du dimanche au mardi \u00e0 travers la wilaya de Tipasa<\/strong><\/em>. La maison de la Culture \u00ab\u00a0Ahmed Aroua\u00a0\u00bb (Kol\u00e9a) abritera plusieurs activit\u00e9s artistiques et expositions, notamment l&rsquo;organisation d&rsquo;un d\u00e9fil\u00e9 de tenues traditionnelles amazigh repr\u00e9sentant les diff\u00e9rentes r\u00e9gions du pays et d&rsquo;un concert artistique anim\u00e9 par un groupe chinois dans le cadre des \u00e9changes culturels entre les deux pays.<\/p>\n<p class=\"c30\"><strong>Yennayer, un ferment de la coh\u00e9sion et de l&rsquo;unit\u00e9 du peuple alg\u00e9rien<\/strong><\/p>\n<p><strong>\u00a0<\/strong><\/p>\n<p>Le secr\u00e9taire g\u00e9n\u00e9ral du HCA, Si El Hachemi Assad avait d\u00e9clar\u00e9, la semaine derni\u00e8re, que le nouvel an amazigh Yennayer 2970 sera c\u00e9l\u00e9br\u00e9 cette ann\u00e9e \u00ab\u00a0avec un programme riche, instructif, alliant les aspects socio-\u00e9ducatifs et l&rsquo;aspect acad\u00e9mique, \u00e0 travers un colloque qui r\u00e9unit des historiens, des arch\u00e9ologues, et des anthropologues et autres universitaires, estimant que Yennayer \u00ab\u00a0est un solide ferment dans la symbiose populaire et un ciment inalt\u00e9rable pour la coh\u00e9sion sociale et l\u2019unit\u00e9 du peuple alg\u00e9rien\u00a0\u00bb.<\/p>\n<blockquote readability=\"16\">\n<p><strong>La c\u00e9l\u00e9bration du nouvel an amazigh se distingue, cette ann\u00e9e, par \u00ab\u00a0publication, en une seule \u00e9dition, de cinq titres traitant de Yennayer en tant que sujet d\u2019\u00e9tude et axe de r\u00e9flexion men\u00e9s par des universitaires aguerris\u00a0\u00bb, a-t-il soutenu, ajoutant que l\u2019objectif vis\u00e9 est de \u00ab\u00a0mettre en exergue la port\u00e9e philosophique, historique, socio-culturelle et symbolique de cette f\u00eate ancestrale\u00a0\u00bb.<\/strong><\/p>\n<\/blockquote>\n<p>Le HCA rappelle, \u00e0 ce titre, que cette f\u00eate est \u00ab\u00a0c\u00e9l\u00e9br\u00e9e avec faste dans les foyers des diff\u00e9rentes r\u00e9gions du pays mais aussi sur les places publiques par les associations et les institutions de l&rsquo;Etat, notamment depuis la cons\u00e9cration du premier jour de l\u2019an amazigh, correspondant au 12 janvier de chaque ann\u00e9e, comme une journ\u00e9e ch\u00f4m\u00e9e et pay\u00e9e, en vertu de la modification en 2018 de la loi n\u00a0 63-278 du 26 juillet 1963 fixant la liste des f\u00eates l\u00e9gales en Alg\u00e9rie\u00a0\u00bb.<\/p>\n<hr\/>\n<h3>Lire aussi :<a href=\"http:\/\/www.aps.dz\/algerie\/83376-yennayer-2969-consolidation-de-l-unite-de-l-algerie-a-travers-sa-diversite\" target=\"_blank\" rel=\"noopener noreferrer\">Yennayer 2969: consolidation de l&rsquo;unit\u00e9 de l&rsquo;Alg\u00e9rie \u00e0 travers sa diversit\u00e9<\/a><\/h3>\n<hr\/>\n<blockquote readability=\"15\">\n<p><strong>\u00ab\u00a0Autant Yennayer est une f\u00eate traditionnelle, marquant le d\u00e9but de l\u2019ann\u00e9e agraire, autant c\u2019est une tradition mill\u00e9naire de notre soci\u00e9t\u00e9\u00a0\u00bb, a-t-il fait remarquer,soulignant que cette f\u00eate \u00ab\u00a0nous rappelle que la dimension amazighe, comme les autres composantes consacr\u00e9es par la Constitution alg\u00e9rienne, \u00e9difie l&rsquo;unit\u00e9 de la nation, sa p\u00e9rennit\u00e9 et la coh\u00e9sion sociale de notre pays\u00a0\u00bb.<\/strong><\/p>\n<\/blockquote>\n<p>Pour le HCA, \u00ab\u00a0cette f\u00eate constitue le socle commun des valeurs ancestrales de convivialit\u00e9, de partage, de g\u00e9n\u00e9rosit\u00e9, de solidarit\u00e9 et du vivre ensemble\u00a0\u00bb.<\/p>\n<p>\u00ab\u00a0Yennayer doit \u00eatre li\u00e9 au sens v\u00e9hicul\u00e9 par la tradition, celui centr\u00e9 sur le respect de la terre et orient\u00e9 vers la connaissance scientifique en rapport avec la dimension historique\u00a0\u00bb, a-t-il soutenu, consid\u00e9rant Yennayer comme \u00ab\u00a0un rep\u00e8re \u00e0 la fois spatial et temporel, qui marque la profondeur de notre histoire et de notre patrimoine culturel\u00a0\u00bb.<\/p>\n<p>Il a expliqu\u00e9, \u00e0 ce titre, que sur le plan patrimonial, cette f\u00eate c\u00e9l\u00e8bre la terre nourrici\u00e8re et le respect qui lui est d\u00fb en valorisant ce rapport \u00ab\u00a0charnel\u00a0\u00bb entre l&rsquo;homme et la terre dans ses diff\u00e9rents aspects \u00ab\u00a0qui doivent \u00eatre r\u00e9investis dans des perspectives \u00e9ducatives et de formation \u00e0 travers l\u2019\u00e9cole\u00a0\u00bb.<\/p>\n<p>Auteur:<br \/>\n<a href=\"http:\/\/www.aps.dz\/culture\/99970-yennayer-2970-lancement-a-tipasa-des-festivites-officielles-et-nationales\">Cliquez ici pour lire l&rsquo;article depuis sa source.<\/a><\/p>\n","protected":false},"excerpt":{"rendered":"<p>Cette manifestation qui s&rsquo;\u00e9talera jusqu&rsquo;au 14 janvier prochain a \u00e9t\u00e9 lanc\u00e9e \u00e0 partir du Mausol\u00e9e royal de Maur\u00e9tanie, surnomm\u00e9 Tombeau de la chr\u00e9tienne, en pr\u00e9sence de la ministre de la Culture, Malika Bendouda, du Secr\u00e9taire g\u00e9n\u00e9ral du Haut Commissariat \u00e0 l&rsquo;Amazighit\u00e9 (HCA), Si El Hachemi Assad, du wali de Tipasa,Mohamed Bouchama ainsi que des artistes [&hellip;]<\/p>\n","protected":false},"author":1790,"featured_media":0,"comment_status":"closed","ping_status":"closed","sticky":false,"template":"","format":"standard","meta":{"fifu_image_url":"","fifu_image_alt":"","footnotes":""},"categories":[53,79],"tags":[],"class_list":["post-72643","post","type-post","status-publish","format-standard","hentry","category-algerie","category-culture"],"_links":{"self":[{"href":"https:\/\/linitiative.ca\/International\/wp-json\/wp\/v2\/posts\/72643","targetHints":{"allow":["GET"]}}],"collection":[{"href":"https:\/\/linitiative.ca\/International\/wp-json\/wp\/v2\/posts"}],"about":[{"href":"https:\/\/linitiative.ca\/International\/wp-json\/wp\/v2\/types\/post"}],"author":[{"embeddable":true,"href":"https:\/\/linitiative.ca\/International\/wp-json\/wp\/v2\/users\/1790"}],"replies":[{"embeddable":true,"href":"https:\/\/linitiative.ca\/International\/wp-json\/wp\/v2\/comments?post=72643"}],"version-history":[{"count":0,"href":"https:\/\/linitiative.ca\/International\/wp-json\/wp\/v2\/posts\/72643\/revisions"}],"wp:attachment":[{"href":"https:\/\/linitiative.ca\/International\/wp-json\/wp\/v2\/media?parent=72643"}],"wp:term":[{"taxonomy":"category","embeddable":true,"href":"https:\/\/linitiative.ca\/International\/wp-json\/wp\/v2\/categories?post=72643"},{"taxonomy":"post_tag","embeddable":true,"href":"https:\/\/linitiative.ca\/International\/wp-json\/wp\/v2\/tags?post=72643"}],"curies":[{"name":"wp","href":"https:\/\/api.w.org\/{rel}","templated":true}]}}