{"id":72644,"date":"2020-01-10T13:05:52","date_gmt":"2020-01-10T18:05:52","guid":{"rendered":"https:\/\/linitiative.ca\/International\/tizi-ouzou-ouverture-du-festival-de-cinema-et-theatre-dedie-a-cherif-aggoune\/"},"modified":"2020-01-10T13:05:52","modified_gmt":"2020-01-10T18:05:52","slug":"tizi-ouzou-ouverture-du-festival-de-cinema-et-theatre-dedie-a-cherif-aggoune","status":"publish","type":"post","link":"https:\/\/linitiative.ca\/International\/tizi-ouzou-ouverture-du-festival-de-cinema-et-theatre-dedie-a-cherif-aggoune\/","title":{"rendered":"Tizi-Ouzou: ouverture du festival de cin\u00e9ma et th\u00e9atre d\u00e9di\u00e9 \u00e0 Cherif  Aggoune"},"content":{"rendered":"<div readability=\"37.0369127517\">\n<p><strong>TIZI-OUZOU &#8211; La premi\u00e8re \u00e9dition du Festival du th\u00e9\u00e2tre et du cin\u00e9ma \u00ab\u00a0Yennayer&rsquo;arts\u00a0\u00bb, d\u00e9di\u00e9e au cin\u00e9aste et r\u00e9alisateur <em><a href=\"http:\/\/www.aps.dz\/culture\/99122-des-cineastes-saluent-la-memoire-de-cherif-aggoune\" target=\"_blank\" rel=\"noopener noreferrer\">Ch\u00e9rif Aggoune<\/a><\/em>, d\u00e9c\u00e9d\u00e9 r\u00e9cemment, s&rsquo;est ouverte vendredi \u00e0 Yakouren, \u00e0 l&rsquo;Est de Tizi-Ouzou, en pr\u00e9sence de nombreuses personnalit\u00e9s du monde du cin\u00e9ma amazigh.<\/strong><\/p>\n<\/div>\n<div readability=\"85.8692307692\">\n<p>Lors de la c\u00e9r\u00e9monie d&rsquo;ouverture qui s&rsquo;est d\u00e9roul\u00e9e au centre culturel de la ville o\u00f9 se d\u00e9rouleront l&rsquo;ensemble des activit\u00e9s pr\u00e9vues durant cette manifestation qui s&rsquo;\u00e9talera sur 03 jours, un vibrant hommage a \u00e9t\u00e9 rendu \u00e0 Aggoune \u00ab\u00a0l&rsquo;un des piliers du cin\u00e9ma amazigh\u00a0\u00bb.<\/p>\n<p>Son fr\u00e8re, Abdellah, \u00e9galement sc\u00e9nariste, a rappel\u00e9, \u00e9mu, ses d\u00e9buts dans le cin\u00e9ma a ses c\u00f4t\u00e9s en assurant que c&rsquo;est gr\u00e2ce \u00e0 lui qu&rsquo;il a \u00ab\u00a0pu int\u00e9grer et se maintenir\u00a0\u00bb dans ce domaine.<\/p>\n<hr\/>\n<h3>Lire aussi:\u00a0<a href=\"http:\/\/www.aps.dz\/culture\/86326-tizi-ouzou-le-festival-du-film-amazigh-un-nouveau-souffle-pour-le-cinema\" target=\"_blank\" rel=\"noopener noreferrer\">Tizi-Ouzou: le festival du film amazigh, un \u00ab\u00a0nouveau souffle\u00a0\u00bb pour le cin\u00e9ma<\/a><\/h3>\n<hr\/>\n<p>Initialement pr\u00e9vue durant la semaine \u00e9coul\u00e9e, la manifestation a \u00e9t\u00e9 report\u00e9e \u00e0 aujourd&rsquo;hui, vendredi, date de naissance du cin\u00e9aste, le 10 janvier 1948, d\u00e9c\u00e9d\u00e9 \u00e0 Paris le mois dernier, ont indiqu\u00e9 les organisateurs.Pour cette premi\u00e8re journ\u00e9e, le public aura rendez-vous, \u00e0 partir de 17h avec la pi\u00e8ce th\u00e9\u00e2trale \u00ab\u00a0Ana wis seba\u00a0\u00bb (Le 7\u00e8me \u00e9tage) du th\u00e9\u00e2tre r\u00e9gional Kateb Yacine Tizi-Ouzou suivie d&rsquo;une conf\u00e9rence sur \u00ab\u00a0la caract\u00e9risation des personnages chez Mohia\u00a0\u00bb pr\u00e9sent\u00e9e par l&rsquo;animateur de radio, Nouredine Ait Slimane.<\/p>\n<p>Le public cin\u00e9phile (re)d\u00e9couvrira \u00e0 l&rsquo;occasion de ce festival plusieurs oeuvres cin\u00e9matographiques amazigh, \u00e0 l&rsquo;instar de \u00a0\u00bb La fin des djinns\u00a0\u00bb du cin\u00e9aste disparu, du documentaire \u00ab\u00a0A petit pas, le cin\u00e9ma amazigh\u00a0\u00bb de Youcef Amrane ou encore \u00ab\u00a0Les ramiers blancs\u00a0\u00bb du r\u00e9alisateur Ali Mouzaoui.<\/p>\n<hr\/>\n<h3>Lire aussi: <a href=\"http:\/\/www.aps.dz\/culture\/99746-tizi-ouzou-lancement-des-activites-pour-la-celebration-de-yennayer\" target=\"_blank\" rel=\"noopener noreferrer\">Tizi-Ouzou : lancement des activit\u00e9s pour la c\u00e9l\u00e9bration de Yennayer<\/a><\/h3>\n<hr\/>\n<p>Deux tables rondes dont l&rsquo;une sur le parcours passionn\u00e9 de Ch\u00e9rif Aggoune anim\u00e9e, notamment par Ali Mouzaoui, Abdelkrim Tazaroute et son fr\u00e8re Abdellah Aggoune et une autre sur \u00ab\u00a0les conditions de tournage des premiers films cin\u00e9ma kabyle\u00bb, sont, \u00e9galement, au programme de cette manifestation.<\/p>\n<blockquote readability=\"10\">\n<p><strong>Cette rencontre se veut, \u00e9galement, \u00a0\u00bb un espace de formation et d&rsquo;initiation aux techniques cin\u00e9matographiques et th\u00e9\u00e2trales\u00a0\u00bb a indiqu\u00e9 Kedri Souad, pr\u00e9sidente de ce festival lors de son allocution d&rsquo;ouverture.<\/strong><\/p>\n<\/blockquote>\n<p>A cet effet, diff\u00e9rents ateliers de formation sur, notamment, l&rsquo;\u00e9criture sc\u00e9nariste et dramatique, seront organis\u00e9s et seront anim\u00e9es par des artistes professionnels.<\/p>\n<p>La cl\u00f4ture de cette manifestation pr\u00e9vue le jour de Yennayer sera, en outre, marqu\u00e9e par la remises d&rsquo;attestations aux diff\u00e9rents participant et un spectacle pour enfants, ont indiqu\u00e9 les organisateurs.<\/p>\n<\/div>\n<p>Auteur:<br \/>\n<a href=\"http:\/\/www.aps.dz\/culture\/99976-tizi-ouzou-ouverture-du-festival-de-cinema-et-theatre-dedie-a-cherif-aggoune\">Cliquez ici pour lire l&rsquo;article depuis sa source.<\/a><\/p>\n","protected":false},"excerpt":{"rendered":"<p>TIZI-OUZOU &#8211; La premi\u00e8re \u00e9dition du Festival du th\u00e9\u00e2tre et du cin\u00e9ma \u00ab\u00a0Yennayer&rsquo;arts\u00a0\u00bb, d\u00e9di\u00e9e au cin\u00e9aste et r\u00e9alisateur Ch\u00e9rif Aggoune, d\u00e9c\u00e9d\u00e9 r\u00e9cemment, s&rsquo;est ouverte vendredi \u00e0 Yakouren, \u00e0 l&rsquo;Est de Tizi-Ouzou, en pr\u00e9sence de nombreuses personnalit\u00e9s du monde du cin\u00e9ma amazigh. Lors de la c\u00e9r\u00e9monie d&rsquo;ouverture qui s&rsquo;est d\u00e9roul\u00e9e au centre culturel de la ville [&hellip;]<\/p>\n","protected":false},"author":1790,"featured_media":0,"comment_status":"closed","ping_status":"closed","sticky":false,"template":"","format":"standard","meta":{"fifu_image_url":"","fifu_image_alt":"","footnotes":""},"categories":[53,79],"tags":[],"class_list":["post-72644","post","type-post","status-publish","format-standard","hentry","category-algerie","category-culture"],"_links":{"self":[{"href":"https:\/\/linitiative.ca\/International\/wp-json\/wp\/v2\/posts\/72644","targetHints":{"allow":["GET"]}}],"collection":[{"href":"https:\/\/linitiative.ca\/International\/wp-json\/wp\/v2\/posts"}],"about":[{"href":"https:\/\/linitiative.ca\/International\/wp-json\/wp\/v2\/types\/post"}],"author":[{"embeddable":true,"href":"https:\/\/linitiative.ca\/International\/wp-json\/wp\/v2\/users\/1790"}],"replies":[{"embeddable":true,"href":"https:\/\/linitiative.ca\/International\/wp-json\/wp\/v2\/comments?post=72644"}],"version-history":[{"count":0,"href":"https:\/\/linitiative.ca\/International\/wp-json\/wp\/v2\/posts\/72644\/revisions"}],"wp:attachment":[{"href":"https:\/\/linitiative.ca\/International\/wp-json\/wp\/v2\/media?parent=72644"}],"wp:term":[{"taxonomy":"category","embeddable":true,"href":"https:\/\/linitiative.ca\/International\/wp-json\/wp\/v2\/categories?post=72644"},{"taxonomy":"post_tag","embeddable":true,"href":"https:\/\/linitiative.ca\/International\/wp-json\/wp\/v2\/tags?post=72644"}],"curies":[{"name":"wp","href":"https:\/\/api.w.org\/{rel}","templated":true}]}}