{"id":72646,"date":"2020-01-10T11:13:00","date_gmt":"2020-01-10T16:13:00","guid":{"rendered":"https:\/\/linitiative.ca\/International\/les-manifestants-bravent-la-repression-et-le-mauvais-temps\/"},"modified":"2020-01-10T11:13:00","modified_gmt":"2020-01-10T16:13:00","slug":"les-manifestants-bravent-la-repression-et-le-mauvais-temps","status":"publish","type":"post","link":"https:\/\/linitiative.ca\/International\/les-manifestants-bravent-la-repression-et-le-mauvais-temps\/","title":{"rendered":"Les manifestants bravent la r\u00e9pression et le mauvais temps"},"content":{"rendered":"<div id=\"originalText\" readability=\"79\">\n<p>Le 47e vendredi de marche contre le syst\u00e8me \u00e0 Alger a d\u00e9but\u00e9 dans une ambiance quelque peu tendue.<\/p>\n<p>Les services de police, d\u00e9ploy\u00e9s en plus grand nombre que la semaine pass\u00e9e, ont tent\u00e9 d\u2019emp\u00eacher les premiers rassemblements form\u00e9s vers midi, \u00e0 hauteur de la rue Didouche Mourad, notamment devant le si\u00e8ge du RCD et au coin de l\u2019Avenue Victor Hugo.\u00a0<\/p>\n<p>Les quelques interpellations op\u00e9r\u00e9es par la police n\u2019ont pas cependant d\u00e9courag\u00e9s les manifestants, qui ont fait preuve de r\u00e9sistance devant la r\u00e9pression.<\/p>\n<p>Mais avec la grande foule de 14h, les choses sont vites rentr\u00e9es dans l\u2019ordre, et les manifestants, par milliers, ont march\u00e9 vers la Grande poste en scandant \u00abassegass amegass el hirak rahou labes (bonne ann\u00e9e, le hirak se porte bien) \u00bb, en r\u00e9f\u00e9rence au nouvel an berb\u00e8re.\u00a0<\/p>\n<p><iframe loading=\"lazy\" allowfullscreen=\"true\" allowtransparency=\"true\" frameborder=\"0\" height=\"271\" scrolling=\"no\" src=\"https:\/\/www.facebook.com\/plugins\/video.php?href=https%3A%2F%2Fwww.facebook.com%2FJournaLiberteOfficiel%2Fvideos%2F601018587397725%2F&#038;show_text=0&#038;width=560\" class=\"c6\" width=\"560\">[embedded content]<\/iframe><\/p>\n<p>Fait nouveau, des fourgons blind\u00e9s de la police ont \u00e9t\u00e9 plac\u00e9s sur les deux abords de la rue Asselah Hocine, pour entasser les manifestants et r\u00e9duire la visibilit\u00e9 de la procession humaine en provenance de la Casbah et de Bab El Oued.<\/p>\n<p class=\"c8\"><img decoding=\"async\" alt=\"\" src=\"\/data\/upload\/20200110_151929%5B1%5D.jpg\"\/><span class=\"c7\">\u00a9 Sihem BENMALEK<\/span><\/p>\n<p>M\u00eame stratag\u00e8me a \u00e9t\u00e9 adopt\u00e9 \u00e0 hauteur de la rue Hassiba Ben Bouali, o\u00f9 une foule nombreuse arrivait du 1er mai et de Belouizdad, bravant la pluie et le mauvais temps.<\/p>\n<p>Ainsi, les alg\u00e9rois, qui ont march\u00e9 de diff\u00e9rents quartiers de la capitale vers le centre, se sont donn\u00e9s rendez-vous entre la Place Audin et la Grande Poste, un p\u00e9rim\u00e8tre rest\u00e9 noir de monde jusqu\u2019\u00e0 16h pass\u00e9es, et o\u00f9 les manifestants entonnaient \u00ab9oulna l3issaba t\u2019rouh, ya h\u2019na ya n\u2019touma (on a dit que la bande doit partir, c\u2019est soit vous, soit nous)\u00a0\u00bb.<\/p>\n<p><iframe loading=\"lazy\" allowfullscreen=\"true\" allowtransparency=\"true\" frameborder=\"0\" height=\"271\" scrolling=\"no\" src=\"https:\/\/www.facebook.com\/plugins\/video.php?href=https%3A%2F%2Fwww.facebook.com%2FJournaLiberteOfficiel%2Fvideos%2F474532093465908%2F&#038;show_text=0&#038;width=560\" class=\"c6\" width=\"560\">[embedded content]<\/iframe><\/p>\n<p class=\"c9\"><strong>R\u00e9daction Web\u00a0<\/strong><\/p>\n<\/div>\n<div id=\"text_core\" readability=\"79\">\n<p>Le 47e vendredi de marche contre le syst\u00e8me \u00e0 Alger a d\u00e9but\u00e9 dans une ambiance quelque peu tendue.<\/p>\n<p>Les services de police, d\u00e9ploy\u00e9s en plus grand nombre que la semaine pass\u00e9e, ont tent\u00e9 d\u2019emp\u00eacher les premiers rassemblements form\u00e9s vers midi, \u00e0 hauteur de la rue Didouche Mourad, notamment devant le si\u00e8ge du RCD et au coin de l\u2019Avenue Victor Hugo.\u00a0<\/p>\n<p>Les quelques interpellations op\u00e9r\u00e9es par la police n\u2019ont pas cependant d\u00e9courag\u00e9s les manifestants, qui ont fait preuve de r\u00e9sistance devant la r\u00e9pression.<\/p>\n<p>Mais avec la grande foule de 14h, les choses sont vites rentr\u00e9es dans l\u2019ordre, et les manifestants, par milliers, ont march\u00e9 vers la Grande poste en scandant \u00abassegass amegass el hirak rahou labes (bonne ann\u00e9e, le hirak se porte bien) \u00bb, en r\u00e9f\u00e9rence au nouvel an berb\u00e8re.\u00a0<\/p>\n<p><iframe loading=\"lazy\" allowfullscreen=\"true\" allowtransparency=\"true\" frameborder=\"0\" height=\"271\" scrolling=\"no\" src=\"https:\/\/www.facebook.com\/plugins\/video.php?href=https%3A%2F%2Fwww.facebook.com%2FJournaLiberteOfficiel%2Fvideos%2F601018587397725%2F&#038;show_text=0&#038;width=560\" class=\"c6\" width=\"560\">[embedded content]<\/iframe><\/p>\n<p>Fait nouveau, des fourgons blind\u00e9s de la police ont \u00e9t\u00e9 plac\u00e9s sur les deux abords de la rue Asselah Hocine, pour entasser les manifestants et r\u00e9duire la visibilit\u00e9 de la procession humaine en provenance de la Casbah et de Bab El Oued.<\/p>\n<p class=\"c8\"><img decoding=\"async\" alt=\"\" src=\"\/data\/upload\/20200110_151929%5B1%5D.jpg\"\/><span class=\"c7\">\u00a9 Sihem BENMALEK<\/span><\/p>\n<p>M\u00eame stratag\u00e8me a \u00e9t\u00e9 adopt\u00e9 \u00e0 hauteur de la rue Hassiba Ben Bouali, o\u00f9 une foule nombreuse arrivait du 1er mai et de Belouizdad, bravant la pluie et le mauvais temps.<\/p>\n<p>Ainsi, les alg\u00e9rois, qui ont march\u00e9 de diff\u00e9rents quartiers de la capitale vers le centre, se sont donn\u00e9s rendez-vous entre la Place Audin et la Grande Poste, un p\u00e9rim\u00e8tre rest\u00e9 noir de monde jusqu\u2019\u00e0 16h pass\u00e9es, et o\u00f9 les manifestants entonnaient \u00ab9oulna l3issaba t\u2019rouh, ya h\u2019na ya n\u2019touma (on a dit que la bande doit partir, c\u2019est soit vous, soit nous)\u00a0\u00bb.<\/p>\n<p><iframe loading=\"lazy\" allowfullscreen=\"true\" allowtransparency=\"true\" frameborder=\"0\" height=\"271\" scrolling=\"no\" src=\"https:\/\/www.facebook.com\/plugins\/video.php?href=https%3A%2F%2Fwww.facebook.com%2FJournaLiberteOfficiel%2Fvideos%2F474532093465908%2F&#038;show_text=0&#038;width=560\" class=\"c6\" width=\"560\">[embedded content]<\/iframe><\/p>\n<p class=\"c9\"><strong>R\u00e9daction Web\u00a0<\/strong><\/p>\n<\/div>\n<p>Auteur:<br \/>\n<a href=\"https:\/\/www.liberte-algerie.com\/actualite\/les-manifestants-bravent-la-repression-et-le-mauvais-temps-331681\">Cliquez ici pour lire l&rsquo;article depuis sa source.<\/a><\/p>\n","protected":false},"excerpt":{"rendered":"<p>Le 47e vendredi de marche contre le syst\u00e8me \u00e0 Alger a d\u00e9but\u00e9 dans une ambiance quelque peu tendue. Les services de police, d\u00e9ploy\u00e9s en plus grand nombre que la semaine pass\u00e9e, ont tent\u00e9 d\u2019emp\u00eacher les premiers rassemblements form\u00e9s vers midi, \u00e0 hauteur de la rue Didouche Mourad, notamment devant le si\u00e8ge du RCD et au [&hellip;]<\/p>\n","protected":false},"author":1742,"featured_media":72647,"comment_status":"closed","ping_status":"closed","sticky":false,"template":"","format":"standard","meta":{"fifu_image_url":"","fifu_image_alt":"","footnotes":""},"categories":[73,53],"tags":[],"class_list":["post-72646","post","type-post","status-publish","format-standard","has-post-thumbnail","hentry","category-actualite","category-algerie"],"_links":{"self":[{"href":"https:\/\/linitiative.ca\/International\/wp-json\/wp\/v2\/posts\/72646","targetHints":{"allow":["GET"]}}],"collection":[{"href":"https:\/\/linitiative.ca\/International\/wp-json\/wp\/v2\/posts"}],"about":[{"href":"https:\/\/linitiative.ca\/International\/wp-json\/wp\/v2\/types\/post"}],"author":[{"embeddable":true,"href":"https:\/\/linitiative.ca\/International\/wp-json\/wp\/v2\/users\/1742"}],"replies":[{"embeddable":true,"href":"https:\/\/linitiative.ca\/International\/wp-json\/wp\/v2\/comments?post=72646"}],"version-history":[{"count":0,"href":"https:\/\/linitiative.ca\/International\/wp-json\/wp\/v2\/posts\/72646\/revisions"}],"wp:featuredmedia":[{"embeddable":true,"href":"https:\/\/linitiative.ca\/International\/wp-json\/"}],"wp:attachment":[{"href":"https:\/\/linitiative.ca\/International\/wp-json\/wp\/v2\/media?parent=72646"}],"wp:term":[{"taxonomy":"category","embeddable":true,"href":"https:\/\/linitiative.ca\/International\/wp-json\/wp\/v2\/categories?post=72646"},{"taxonomy":"post_tag","embeddable":true,"href":"https:\/\/linitiative.ca\/International\/wp-json\/wp\/v2\/tags?post=72646"}],"curies":[{"name":"wp","href":"https:\/\/api.w.org\/{rel}","templated":true}]}}