{"id":72651,"date":"2020-01-10T04:45:00","date_gmt":"2020-01-10T09:45:00","guid":{"rendered":"https:\/\/linitiative.ca\/International\/carrelage-et-sanitaire-nouveau-concept-de-salon-permanent\/"},"modified":"2020-01-10T04:45:00","modified_gmt":"2020-01-10T09:45:00","slug":"carrelage-et-sanitaire-nouveau-concept-de-salon-permanent","status":"publish","type":"post","link":"https:\/\/linitiative.ca\/International\/carrelage-et-sanitaire-nouveau-concept-de-salon-permanent\/","title":{"rendered":"Carrelage et sanitaire: Nouveau concept de salon permanent"},"content":{"rendered":"<div readability=\"36\">\n<p>Inauguration d\u2019Amabay Ceramic City \u00e0 Casablanca<\/p>\n<p>Plus de 30 marques internationales sur 10.000 m2<\/p>\n<p>80 magasins \u00e0 travers le Maroc \u00e0 partir de cette ann\u00e9e<\/p>\n<\/div>\n<div readability=\"113\">\n<div class=\"dnd-atom-wrapper type-image context-sdl_editor_representation\" contenteditable=\"false\" readability=\"33.5\">\n<div class=\"dnd-drop-wrapper image\"><img loading=\"lazy\" decoding=\"async\" typeof=\"foaf:Image\" class=\"img-responsive\" src=\"https:\/\/www.leconomiste.com\/sites\/default\/files\/eco7\/public\/thumbnails\/image\/carrelage-et-sanitaire-2-072.jpg\" width=\"660\" height=\"330\" alt=\"carrelage-et-sanitaire-2-072.jpg\" title=\"carrelage-et-sanitaire-2-072.jpg\"\/><\/div>\n<div class=\"dnd-legend-wrapper\" contenteditable=\"true\" readability=\"12\">\n<p class=\"rtejustify\">Plus de 10.000 m2 d\u00e9di\u00e9s exclusivement au carrelage et la c\u00e9ramique. C\u2019est ce qu\u2019offre le nouvel espace qui ouvrira ses portes au grand public lundi 13 janvier \u00e0 Casablanca. Une c\u00e9r\u00e9monie d\u2019ouverture est pr\u00e9vue ce vendredi 10 janvier. Pr\u00e8s de 400 invit\u00e9s, dont le gotha du monde de la c\u00e9ramique, sont invit\u00e9s \u00e0 l\u2019\u00e9v\u00e8nement.<\/p>\n<\/div>\n<\/div>\n<p class=\"rtejustify\">Plus de 10.000 m2 d\u00e9di\u00e9s exclusivement au carrelage et la c\u00e9ramique. C\u2019est ce qu\u2019offre le nouvel espace qui ouvrira ses portes au grand public lundi 13 janvier \u00e0 Casablanca. Une c\u00e9r\u00e9monie d\u2019ouverture est pr\u00e9vue ce vendredi 10 janvier. Pr\u00e8s de 400 invit\u00e9s, dont le gotha du monde de la c\u00e9ramique, sont invit\u00e9s \u00e0 l\u2019\u00e9v\u00e8nement.<\/p>\n<p class=\"rtejustify\">Parmi lesquels: Rudy Riciotti, grand prix national d\u2019architecture, Fernando Roch, 1er producteur europ\u00e9en de c\u00e9ramique ou encore Olivier Lef\u00e8vre, pr\u00e9sident du groupe Jacob Delafon.<\/p>\n<p class=\"rtejustify\">Le showroom est situ\u00e9 au km 9\u00a0 sur la route Mohammed VI (non loin de la sortie de l\u2019autoroute) o\u00f9 se concentre 60% de l\u2019activit\u00e9. Il ambitionne de devenir un v\u00e9ritable. Du Zellij beldi handmade marocain, jusqu\u2019au carreau le plus grand du monde d\u2019une dimension de 320&#215;160 cm, en plus de plusieurs milliers de r\u00e9f\u00e9rences.<\/p>\n<p class=\"rtejustify\">Cette grande surface du carrelage est organis\u00e9e sous forme de stands dont chacun est d\u00e9di\u00e9 \u00e0 une entreprise ou une marque sp\u00e9cifique. Et il y en aura pour tous les budgets, selon les promoteurs du projet, en l\u2019occurrence le groupe Strapex Maroc. Grossistes, particuliers, professionnels\u2026 peuvent y trouver leur compte. Certaines marques s\u2019adressent aux petits budgets (premiers prix du march\u00e9), tandis que d\u2019autres sont de moyenne gamme, premium ou ultra premium, est-il expliqu\u00e9.<\/p>\n<p class=\"rtejustify\">Pour r\u00e9pondre aux besoins grandissants du march\u00e9, un espace de 5 hectares, mitoyen \u00e0 \u00abAmabay Ceramic City\u00bb, sera d\u00e9di\u00e9 \u00e0 la logistique. Ce site qui a n\u00e9cessit\u00e9 un investissement de 120 millions de DH devra cr\u00e9er \u00e0 terme plus de 250 postes d\u2019emplois.<\/p>\n<div class=\"dnd-atom-wrapper type-image context-sdl_editor_representation\" contenteditable=\"false\">\n<div class=\"dnd-drop-wrapper image\"><img loading=\"lazy\" decoding=\"async\" typeof=\"foaf:Image\" class=\"img-responsive\" src=\"https:\/\/www.leconomiste.com\/sites\/default\/files\/eco7\/public\/thumbnails\/image\/carrelage-et-sanitaire-072.jpg\" width=\"660\" height=\"330\" alt=\"carrelage-et-sanitaire-072.jpg\" title=\"carrelage-et-sanitaire-072.jpg\"\/><\/div>\n<\/div>\n<p class=\"rtejustify\">\u00abNous voulons lancer un v\u00e9ritable \u00e9cosyst\u00e8me commercial autour des m\u00e9tiers du carrelage et sanitaire\u00bb, explique Youssef Belkaid, pr\u00e9sident de Strapex. De la R&#038;D \u00e0 la commercialisation en passant par la fabrication (Authentica Tale) et la logistique, le groupe Strapex veut ma\u00eetriser l\u2019ensemble de la cha\u00eene pour \u00eatre plus proche de sa client\u00e8le.<\/p>\n<p class=\"rtejustify\">Aujourd\u2019hui, l\u2019enseigne compte passer \u00e0 la vitesse sup\u00e9rieure avec un large r\u00e9seau de franchis\u00e9s. Le client pourrait y trouver non seulement du carrelage, mais aussi du mobilier de salle de bains, les sanitaires ainsi qu\u2019une gamme d\u2019accessoires. \u00a0<br \/>Sa franchise \u00abAmabay Shop\u00bb, dont la superficie varie entre 100 et 500 m2, sera d\u00e9clin\u00e9e \u00e0 travers le Maroc. Pr\u00e8s de 80 magasins seront implant\u00e9s \u00e0 Marrakech, Agadir, La\u00e2youne, Nador, Tanger, T\u00e9touan\u2026<\/p>\n<p class=\"rtejustify\">L\u2019entreprise a \u00e9galement des ambitions au-del\u00e0 des fronti\u00e8res. \u00ab\u00c0 travers Amabay Ceramic city, Strapex ambitionne de devenir un hub du carrelage et du sanitaire pour l\u2019Afrique, tout en continuant \u00e0 d\u00e9velopper sa franchise au Maroc\u00bb, souligne Belkaid. La franchise \u00abAmabay Shop\u00bb, d\u00e9j\u00e0\u00a0 pr\u00e9sente en C\u00f4te d\u2019Ivoire, Mali et au Togo, vise d\u2019autres march\u00e9s au Moyen-Orient. Strapex, qui dispose d\u2019une zone logistique \u00e0 Valence (Espagne) se d\u00e9clinera \u00e9galement en Europe.<\/p>\n<p class=\"rtejustify\">Cette strat\u00e9gie de d\u00e9veloppement lui vaut d\u2019ailleurs d\u2019afficher de bonnes performances malgr\u00e9 la crise dans l\u2019immobilier. En effet, le groupe, qui a r\u00e9alis\u00e9 un chiffre d\u2019affaires de l\u2019ordre de 450 millions de DH en 2019, revendique une croissance \u00e0 2 chiffres (18%). Le management planche aujourd\u2019hui sur un nouveau concept de showroom intelligent dont les contours ne sont pas encore d\u00e9voil\u00e9s.<\/p>\n<p class=\"rtejustify\"><em>Aziza EL AFFAS<\/em><\/p>\n<\/div>\n<p>Auteur: hlafriqi<br \/>\n<a href=\"https:\/\/www.leconomiste.com\/article\/1055623-carrelage-et-sanitaire-nouveau-concept-de-salon-permanent\">Cliquez ici pour lire l&rsquo;article depuis sa source.<\/a><\/p>\n","protected":false},"excerpt":{"rendered":"<p>Inauguration d\u2019Amabay Ceramic City \u00e0 Casablanca Plus de 30 marques internationales sur 10.000 m2 80 magasins \u00e0 travers le Maroc \u00e0 partir de cette ann\u00e9e Plus de 10.000 m2 d\u00e9di\u00e9s exclusivement au carrelage et la c\u00e9ramique. C\u2019est ce qu\u2019offre le nouvel espace qui ouvrira ses portes au grand public lundi 13 janvier \u00e0 Casablanca. Une [&hellip;]<\/p>\n","protected":false},"author":1763,"featured_media":72652,"comment_status":"closed","ping_status":"closed","sticky":false,"template":"","format":"standard","meta":{"fifu_image_url":"","fifu_image_alt":"","footnotes":""},"categories":[78,54],"tags":[],"class_list":["post-72651","post","type-post","status-publish","format-standard","has-post-thumbnail","hentry","category-economie","category-maroc"],"_links":{"self":[{"href":"https:\/\/linitiative.ca\/International\/wp-json\/wp\/v2\/posts\/72651","targetHints":{"allow":["GET"]}}],"collection":[{"href":"https:\/\/linitiative.ca\/International\/wp-json\/wp\/v2\/posts"}],"about":[{"href":"https:\/\/linitiative.ca\/International\/wp-json\/wp\/v2\/types\/post"}],"author":[{"embeddable":true,"href":"https:\/\/linitiative.ca\/International\/wp-json\/wp\/v2\/users\/1763"}],"replies":[{"embeddable":true,"href":"https:\/\/linitiative.ca\/International\/wp-json\/wp\/v2\/comments?post=72651"}],"version-history":[{"count":0,"href":"https:\/\/linitiative.ca\/International\/wp-json\/wp\/v2\/posts\/72651\/revisions"}],"wp:featuredmedia":[{"embeddable":true,"href":"https:\/\/linitiative.ca\/International\/wp-json\/"}],"wp:attachment":[{"href":"https:\/\/linitiative.ca\/International\/wp-json\/wp\/v2\/media?parent=72651"}],"wp:term":[{"taxonomy":"category","embeddable":true,"href":"https:\/\/linitiative.ca\/International\/wp-json\/wp\/v2\/categories?post=72651"},{"taxonomy":"post_tag","embeddable":true,"href":"https:\/\/linitiative.ca\/International\/wp-json\/wp\/v2\/tags?post=72651"}],"curies":[{"name":"wp","href":"https:\/\/api.w.org\/{rel}","templated":true}]}}