{"id":72653,"date":"2020-01-10T05:00:00","date_gmt":"2020-01-10T10:00:00","guid":{"rendered":"https:\/\/linitiative.ca\/International\/lafrica-eco-race-transite-par-tangermed\/"},"modified":"2020-01-10T05:00:00","modified_gmt":"2020-01-10T10:00:00","slug":"lafrica-eco-race-transite-par-tangermed","status":"publish","type":"post","link":"https:\/\/linitiative.ca\/International\/lafrica-eco-race-transite-par-tangermed\/","title":{"rendered":"L\u2019Africa Eco Race transite par TangerMed"},"content":{"rendered":"<div readability=\"36\">\n<p>La 12e \u00e9dition du rallye a entam\u00e9 son p\u00e9riple marocain le 7 janvier<\/p>\n<p>270 v\u00e9hicules et pr\u00e8s de 700 participants pour cet h\u00e9ritier du Paris-Dakar<\/p>\n<p>Un parcours chang\u00e9 \u00e0 70% par rapport \u00e0 l\u2019\u00e9dition pr\u00e9c\u00e9dente<\/p>\n<\/div>\n<div readability=\"85\">\n<div class=\"dnd-atom-wrapper type-image context-sdl_editor_representation\" contenteditable=\"false\" readability=\"32\">\n<div class=\"dnd-drop-wrapper image\"><img loading=\"lazy\" decoding=\"async\" typeof=\"foaf:Image\" class=\"img-responsive\" src=\"https:\/\/www.leconomiste.com\/sites\/default\/files\/eco7\/public\/thumbnails\/image\/lafrica-eco-race-072.jpg\" width=\"800\" height=\"469\" alt=\"lafrica-eco-race-072.jpg\" title=\"lafrica-eco-race-072.jpg\"\/><\/div>\n<div class=\"dnd-legend-wrapper\" contenteditable=\"true\" readability=\"9\">\n<p class=\"rtejustify\">Avant le lever du soleil, les participants au rallye Africa Eco Race ont pris la route au d\u00e9part de TangerMed <em>(Ph. Adam)<\/em><\/p>\n<\/div>\n<\/div>\n<p class=\"rtejustify\">La 12e \u00e9dition du rallye Africa Eco Race a pris d\u2019assaut les routes marocaines. Depuis le 7 janvier, pr\u00e8s de 270 v\u00e9hicules dont motos, voitures, buggys et camions ont entam\u00e9 le p\u00e9riple de cette comp\u00e9tition qui a d\u00e9marr\u00e9 le 4 janvier dernier \u00e0 Monaco.<\/p>\n<p class=\"rtejustify\">Les concurrents, repr\u00e9sentant 34 nationalit\u00e9s et 5 continents, ont d\u00e9barqu\u00e9 t\u00f4t mardi dernier au port de TangerMed. Ils sont arriv\u00e9s \u00e0 bord du ferry Esmeralda de la compagnie maritime Grimaldi apr\u00e8s une travers\u00e9e de 48 heures consacr\u00e9es aux diff\u00e9rents briefings et formations des \u00e9quipes participantes.<\/p>\n<p class=\"rtejustify\">D\u00e8s 7 heures du matin, les 140 v\u00e9hicules en course se sont \u00e9lanc\u00e9s pour entamer les 6.000 km qui les s\u00e9parent du Lac Rose, pr\u00e8s de Dakar o\u00f9 ils arriveront le 19 janvier apr\u00e8s avoir travers\u00e9 les routes et pistes du Maroc, de la Mauritanie et du S\u00e9n\u00e9gal.<\/p>\n<p class=\"rtejustify\">Riche programme pour la premi\u00e8re journ\u00e9e avec une \u00e9tape sp\u00e9ciale pr\u00e8s de K\u00e9nitra de 23 km dans la for\u00eat de Ma\u00e2mora, suivie de 731 km de liaisons pour rejoindre le premier bivouac de Tarda, suivi de Mhamid avant de passer en Mauritanie.<\/p>\n<p class=\"rtejustify\">Pour cette \u00e9dition 2020, le parcours a \u00e9t\u00e9 chang\u00e9 \u00e0 pr\u00e8s de 70%, ce qui ne manquera pas de ravir les adeptes de ce rallye, mais aussi de mettre les m\u00e9caniques et les hommes \u00e0 rude \u00e9preuve, selon les organisateurs.<\/p>\n<div class=\"dnd-atom-wrapper type-image context-sdl_editor_representation\" contenteditable=\"false\">\n<div class=\"dnd-drop-wrapper image\"><img loading=\"lazy\" decoding=\"async\" typeof=\"foaf:Image\" class=\"img-responsive\" src=\"https:\/\/www.leconomiste.com\/sites\/default\/files\/eco7\/public\/thumbnails\/image\/lafrica-eco-race-072_0.jpg\" width=\"660\" height=\"330\" alt=\"lafrica-eco-race-072.jpg\" title=\"lafrica-eco-race-072.jpg\"\/><\/div>\n<\/div>\n<p class=\"rtejustify\">Le rallye Africa Eco Race a \u00e9t\u00e9 lanc\u00e9 en 2009 pour prendre la rel\u00e8ve du Paris Dakar, qui avait troqu\u00e9 le d\u00e9sert du nord de l\u2019Afrique pour les steppes sauvages de l\u2019Am\u00e9rique du sud.<\/p>\n<p class=\"rtejustify\">La prestigieuse comp\u00e9tition lanc\u00e9e par Thierry Sabine avait, bien avant cette date, \u00e9vit\u00e9 le passage dans cette r\u00e9gion suite aux al\u00e9as s\u00e9curitaires qui caract\u00e9risaient la r\u00e9gion du Sahel \u00e0 l\u2019\u00e9poque. Elle a encore une fois d\u00e9m\u00e9nag\u00e9 pour le Golfe persique dans les espaces d\u00e9sertiques de l\u2019Arabie saoudite.<\/p>\n<p class=\"rtejustify\">Pour le rallye Africa Eco Race, il s\u2019agit de ne pas priver les nombreux amateurs de course, orphelins apr\u00e8s le d\u00e9part du Paris Dakar, dont la derni\u00e8re \u00e9dition a eu lieu en 2007.<\/p>\n<p><em>De notre correspondant permanent, Ali ABJIOU<\/em><\/p>\n<p class=\"rtejustify\">\u00a0<\/p>\n<p class=\"rtejustify\">\u00a0<\/p>\n<\/div>\n<p>Auteur: hlafriqi<br \/>\n<a href=\"https:\/\/www.leconomiste.com\/article\/1055631-l-africa-eco-race-transite-par-tangermed\">Cliquez ici pour lire l&rsquo;article depuis sa source.<\/a><\/p>\n","protected":false},"excerpt":{"rendered":"<p>La 12e \u00e9dition du rallye a entam\u00e9 son p\u00e9riple marocain le 7 janvier 270 v\u00e9hicules et pr\u00e8s de 700 participants pour cet h\u00e9ritier du Paris-Dakar Un parcours chang\u00e9 \u00e0 70% par rapport \u00e0 l\u2019\u00e9dition pr\u00e9c\u00e9dente Avant le lever du soleil, les participants au rallye Africa Eco Race ont pris la route au d\u00e9part de TangerMed [&hellip;]<\/p>\n","protected":false},"author":1763,"featured_media":72654,"comment_status":"closed","ping_status":"closed","sticky":false,"template":"","format":"standard","meta":{"fifu_image_url":"","fifu_image_alt":"","footnotes":""},"categories":[78,54],"tags":[],"class_list":["post-72653","post","type-post","status-publish","format-standard","has-post-thumbnail","hentry","category-economie","category-maroc"],"_links":{"self":[{"href":"https:\/\/linitiative.ca\/International\/wp-json\/wp\/v2\/posts\/72653","targetHints":{"allow":["GET"]}}],"collection":[{"href":"https:\/\/linitiative.ca\/International\/wp-json\/wp\/v2\/posts"}],"about":[{"href":"https:\/\/linitiative.ca\/International\/wp-json\/wp\/v2\/types\/post"}],"author":[{"embeddable":true,"href":"https:\/\/linitiative.ca\/International\/wp-json\/wp\/v2\/users\/1763"}],"replies":[{"embeddable":true,"href":"https:\/\/linitiative.ca\/International\/wp-json\/wp\/v2\/comments?post=72653"}],"version-history":[{"count":0,"href":"https:\/\/linitiative.ca\/International\/wp-json\/wp\/v2\/posts\/72653\/revisions"}],"wp:featuredmedia":[{"embeddable":true,"href":"https:\/\/linitiative.ca\/International\/wp-json\/"}],"wp:attachment":[{"href":"https:\/\/linitiative.ca\/International\/wp-json\/wp\/v2\/media?parent=72653"}],"wp:term":[{"taxonomy":"category","embeddable":true,"href":"https:\/\/linitiative.ca\/International\/wp-json\/wp\/v2\/categories?post=72653"},{"taxonomy":"post_tag","embeddable":true,"href":"https:\/\/linitiative.ca\/International\/wp-json\/wp\/v2\/tags?post=72653"}],"curies":[{"name":"wp","href":"https:\/\/api.w.org\/{rel}","templated":true}]}}