{"id":72655,"date":"2020-01-10T05:15:00","date_gmt":"2020-01-10T10:15:00","guid":{"rendered":"https:\/\/linitiative.ca\/International\/marrakech-ouvre-le-bal-des-marathons\/"},"modified":"2020-01-10T05:15:00","modified_gmt":"2020-01-10T10:15:00","slug":"marrakech-ouvre-le-bal-des-marathons","status":"publish","type":"post","link":"https:\/\/linitiative.ca\/International\/marrakech-ouvre-le-bal-des-marathons\/","title":{"rendered":"Marrakech ouvre le bal des marathons"},"content":{"rendered":"<div readability=\"34\">\n<p>Pr\u00e8s de 13.000 athl\u00e8tes sont attendus \u00e0 la manifestation pr\u00e9vue le 26 janvier<\/p>\n<p>Sportifs amateurs et top runners pour cette 31e \u00e9dition<\/p>\n<\/div>\n<div readability=\"86\">\n<div class=\"dnd-atom-wrapper type-image context-sdl_editor_representation\" contenteditable=\"false\" readability=\"32\">\n<div class=\"dnd-drop-wrapper image\"><img loading=\"lazy\" decoding=\"async\" typeof=\"foaf:Image\" class=\"img-responsive\" src=\"https:\/\/www.leconomiste.com\/sites\/default\/files\/eco7\/public\/thumbnails\/image\/marathon-de-marrakech-072.jpg\" width=\"660\" height=\"330\" alt=\"marathon-de-marrakech-072.jpg\" title=\"marathon-de-marrakech-072.jpg\"\/><\/div>\n<div class=\"dnd-legend-wrapper\" contenteditable=\"true\" readability=\"9\">\n<p class=\"rtejustify\">Le marathon international de Marrakech f\u00eate ses 31 ans. La plus ancienne et la plus grande course en Afrique se maintient gr\u00e2ce \u00e0 la t\u00e9nacit\u00e9 de l\u2019association du grand Atlas <em>(Ph. L\u2019Economiste)<\/em><\/p>\n<\/div>\n<\/div>\n<p class=\"rtejustify\">C\u2019est un des premiers marathons organis\u00e9 au Maroc qui f\u00eate d\u2019ailleurs 31 ans gr\u00e2ce \u00e0 la t\u00e9nacit\u00e9 de son initiateur, l\u2019association du grand Atlas. Et c\u2019est aussi le premier \u00e9v\u00e9nement qui ouvre le bal des festivit\u00e9s de Marrakech.<\/p>\n<p class=\"rtejustify\">Pr\u00e9vu le 26 janvier prochain, le marathon international est tous les ans pr\u00e9c\u00e9d\u00e9 de petites courses pour les enfants et un village de sport et accueille des participants de plusieurs pays (1.500 athl\u00e8tes \u00e9trangers des quatre coins du monde ont \u00e9t\u00e9 inscrits jusqu\u2019\u00e0 pr\u00e9sent pour 2020).<\/p>\n<p class=\"rtejustify\">Une autre mani\u00e8re de pr\u00e9senter les atouts de toute une ville. Malheureusement, cet \u00e9v\u00e9nement est tr\u00e8s peu soutenu par les professionnels du tourisme alors que Marrakech a besoin d\u2019un calendrier plus consistant de manifestations surtout en p\u00e9riode de basse saison. Et ce pour cr\u00e9er une v\u00e9ritable animation durant toute l\u2019ann\u00e9e pour rentabiliser les diff\u00e9rentes infrastructures de la ville.<\/p>\n<p class=\"rtejustify\">Plus de 13.000 athl\u00e8tes professionnels et amateurs, dont 75 top runners, seront au d\u00e9part de la 31e \u00e9dition du marathon et semi-marathon internationaux de Marrakech. La manifestation annuelle se d\u00e9roule en deux temps. Un marathon professionnel de 42 kilom\u00e8tres et un semi-marathon avec une distance de 21 kilom\u00e8tres avec des points de ravitaillement install\u00e9s tous les 5 km ainsi qu\u2019\u00e0 l\u2019arriv\u00e9e. L\u2019\u00e9v\u00e9nement de Marrakech devra se solder par plusieurs prix pour le marathon et le semi-marathon.<\/p>\n<p class=\"rtejustify\">Des troph\u00e9es pour le record marathon r\u00e9alis\u00e9 par les dames et un autre par les hommes sont aussi pr\u00e9vus. Et comme chaque ann\u00e9e, une course de 3,5 km sera organis\u00e9e la veille du marathon au profit des enfants scolaris\u00e9s \u00e2g\u00e9s de 10 \u00e0 13 ans.<\/p>\n<p class=\"rtejustify\">1.500 \u00e9coliers y participent, histoire de transmettre aux enfants le go\u00fbt de l\u2019effort physique et de la pers\u00e9v\u00e9rance. Mais l\u2019\u00e9v\u00e8nement n\u2019est pas que sportif. Il attire aussi des touristes nationaux et internationaux. Le parcours plat et rapide du trac\u00e9, passant par les principaux sites touristiques de la ville, est un atout consid\u00e9rable.<\/p>\n<p class=\"rtejustify\">D\u2019o\u00f9 l\u2019engouement des sportifs et non sportifs pour cette double course. Chaque ann\u00e9e, les participants sont de\u00a0 tous les \u00e2ges, de toutes les nationalit\u00e9s, de toutes les conditions avec une organisation assez efficace, malgr\u00e9 le peu de moyens.<\/p>\n<p class=\"rtejustify\">Points de ravitaillement, s\u00e9curit\u00e9, des gradins \u00e0 l\u2019arriv\u00e9e pour le public face \u00e0 la tribune officielle&#8230; Les seniors habitu\u00e9s des plus grands marathons internationaux affichent de tr\u00e8s belles performances. Il y a des personnes en situation de handicap qui y participent aussi, encadr\u00e9es par des jeunes des associations. Une autre belle image de solidarit\u00e9.<\/p>\n<p class=\"rtejustify\"><em>De notre correspondante permanente, Badra BERRISSOULE<\/em><\/p>\n<\/div>\n<p>Auteur: hlafriqi<br \/>\n<a href=\"https:\/\/www.leconomiste.com\/article\/1055632-marrakech-ouvre-le-bal-des-marathons\">Cliquez ici pour lire l&rsquo;article depuis sa source.<\/a><\/p>\n","protected":false},"excerpt":{"rendered":"<p>Pr\u00e8s de 13.000 athl\u00e8tes sont attendus \u00e0 la manifestation pr\u00e9vue le 26 janvier Sportifs amateurs et top runners pour cette 31e \u00e9dition Le marathon international de Marrakech f\u00eate ses 31 ans. La plus ancienne et la plus grande course en Afrique se maintient gr\u00e2ce \u00e0 la t\u00e9nacit\u00e9 de l\u2019association du grand Atlas (Ph. L\u2019Economiste) C\u2019est [&hellip;]<\/p>\n","protected":false},"author":1763,"featured_media":72656,"comment_status":"closed","ping_status":"closed","sticky":false,"template":"","format":"standard","meta":{"fifu_image_url":"","fifu_image_alt":"","footnotes":""},"categories":[78,54],"tags":[],"class_list":["post-72655","post","type-post","status-publish","format-standard","has-post-thumbnail","hentry","category-economie","category-maroc"],"_links":{"self":[{"href":"https:\/\/linitiative.ca\/International\/wp-json\/wp\/v2\/posts\/72655","targetHints":{"allow":["GET"]}}],"collection":[{"href":"https:\/\/linitiative.ca\/International\/wp-json\/wp\/v2\/posts"}],"about":[{"href":"https:\/\/linitiative.ca\/International\/wp-json\/wp\/v2\/types\/post"}],"author":[{"embeddable":true,"href":"https:\/\/linitiative.ca\/International\/wp-json\/wp\/v2\/users\/1763"}],"replies":[{"embeddable":true,"href":"https:\/\/linitiative.ca\/International\/wp-json\/wp\/v2\/comments?post=72655"}],"version-history":[{"count":0,"href":"https:\/\/linitiative.ca\/International\/wp-json\/wp\/v2\/posts\/72655\/revisions"}],"wp:featuredmedia":[{"embeddable":true,"href":"https:\/\/linitiative.ca\/International\/wp-json\/"}],"wp:attachment":[{"href":"https:\/\/linitiative.ca\/International\/wp-json\/wp\/v2\/media?parent=72655"}],"wp:term":[{"taxonomy":"category","embeddable":true,"href":"https:\/\/linitiative.ca\/International\/wp-json\/wp\/v2\/categories?post=72655"},{"taxonomy":"post_tag","embeddable":true,"href":"https:\/\/linitiative.ca\/International\/wp-json\/wp\/v2\/tags?post=72655"}],"curies":[{"name":"wp","href":"https:\/\/api.w.org\/{rel}","templated":true}]}}