{"id":72657,"date":"2020-01-10T05:30:00","date_gmt":"2020-01-10T10:30:00","guid":{"rendered":"https:\/\/linitiative.ca\/International\/gmt1-lheure-dete-en-plein-hiver\/"},"modified":"2020-01-10T05:30:00","modified_gmt":"2020-01-10T10:30:00","slug":"gmt1-lheure-dete-en-plein-hiver","status":"publish","type":"post","link":"https:\/\/linitiative.ca\/International\/gmt1-lheure-dete-en-plein-hiver\/","title":{"rendered":"GMT+1: L\u2019heure d\u2019\u00e9t\u00e9  en plein hiver!"},"content":{"rendered":"<p class=\"rtejustify\">Le maintien du fuseau horaire GMT+1 en plein hiver contraint les citoyens marocains \u00e0 sortir une heure plus t\u00f4t pour se rendre au travail. Une d\u00e9cision qui les confrontent davantage au risque d\u2019agression et perturbent consid\u00e9rablement leur horloge biologique. Nos lecteurs s\u2019expriment sur un sujet qui les touche directement\u2026 <strong><a href=\"https:\/\/leconomiste.com\/archive\/edition\/5670\" target=\"_blank\" rel=\"noopener noreferrer\"><span class=\"c4\"><em>(cf. notre \u00e9dition du 07 \/01 \/2020)\u00a0\u00a0<\/em><\/span><\/a><\/strong> \u00a0<\/p>\n<p class=\"rtejustify\"><strong>\u25a0 Les enfants, premi\u00e8res victimes<\/strong><br \/>Il est vrai qu\u2019avec ce fuseau horaire, les chefs d&rsquo;entreprises marocains sont en harmonie avec l&rsquo;Europe. Mais qu\u2019en est-il du peuple marocain et surtout de ses enfants qui vivent un malaise horrible et sont particuli\u00e8rement perturb\u00e9s par ce mode de vie? La sant\u00e9 des \u00eatres humains devrait logiquement passer devant la rentabilit\u00e9 \u00e9conomique!<br \/><em>M.H.D<\/em><\/p>\n<p class=\"rtejustify\"><strong>\u25a0 Un fuseau horaire incompatible avec l\u2019horloge biologique!<\/strong><br \/>Le GMT+1 n&rsquo;est pas compatible avec l&rsquo;horloge biologique de l&rsquo;homme au Maroc. Les conditions de vie, de travail et de d\u00e9placement de la grande majorit\u00e9 de nos concitoyens sous ce fuseau horaire deviennent probl\u00e9matiques et ne sont aucunement facilit\u00e9es par des infrastructures pour la plupart inappropri\u00e9es! Quant \u00e0 la synchronisation de notre monde des affaires avec celui de l\u2019Union europ\u00e9enne, c\u2019est tr\u00e8s franchement discutable\u2026 En effet, une heure de d\u00e9calage ne repr\u00e9sente pas vraiment un obstacle pour collaborer professionnellement. Nous travaillons depuis toujours avec des Chinois et des Am\u00e9ricains avec lesquels les d\u00e9calages horaires d\u00e9passent les cinq heures. C\u2019est tout simplement une question d\u2019organisation!<br \/><em>ILY<\/em><\/p>\n<p class=\"rtejustify\"><strong>\u25a0 De bons c\u00f4t\u00e9s aussi\u2026<\/strong><br \/>Il est dans la nature de l&rsquo;homme de faire de la r\u00e9sistance au changement. D&rsquo;autre part, un tel fuseau horaire nous permet d&rsquo;\u00eatre connect\u00e9s directement avec l&rsquo;Europe, ce qui est un v\u00e9ritable avantage en mati\u00e8re de communication et de business!<br \/><em>J-P H.<\/em><\/p>\n<div class=\"dnd-atom-wrapper type-image context-sdl_editor_representation atom-align-right\" contenteditable=\"false\">\n<div class=\"dnd-drop-wrapper image\"><img loading=\"lazy\" decoding=\"async\" typeof=\"foaf:Image\" class=\"img-responsive\" src=\"https:\/\/www.leconomiste.com\/sites\/default\/files\/eco7\/public\/thumbnails\/image\/usa-iran-cari-072.jpg\" width=\"397\" height=\"331\" alt=\"usa-iran-cari-072.jpg\" title=\"usa-iran-cari-072.jpg\"\/><\/div>\n<\/div>\n<p class=\"rtecenter\"><em><strong><u>\u00a0\u00a0\u00a0\u00a0\u00a0\u00a0\u00a0\u00a0\u00a0\u00a0\u00a0\u00a0\u00a0\u00a0\u00a0\u00a0\u00a0\u00a0\u00a0\u00a0\u00a0\u00a0\u00a0\u00a0\u00a0\u00a0\u00a0\u00a0\u00a0\u00a0\u00a0\u00a0\u00a0\u00a0\u00a0\u00a0\u00a0\u00a0\u00a0\u00a0\u00a0\u00a0\u00a0\u00a0\u00a0\u00a0\u00a0\u00a0\u00a0\u00a0\u00a0\u00a0\u00a0\u00a0\u00a0\u00a0\u00a0\u00a0\u00a0\u00a0\u00a0\u00a0\u00a0\u00a0\u00a0\u00a0\u00a0\u00a0\u00a0\u00a0\u00a0\u00a0\u00a0\u00a0\u00a0\u00a0\u00a0\u00a0\u00a0\u00a0\u00a0\u00a0\u00a0\u00a0\u00a0<\/u><\/strong><\/em><\/p>\n<p class=\"rtecenter\"><strong>Textile: Le prix d\u2019import des v\u00eatements turcs explose!<\/strong><\/p>\n<div class=\"dnd-atom-wrapper type-image context-sdl_editor_representation atom-align-right\" contenteditable=\"false\">\n<div class=\"dnd-drop-wrapper image\"><img loading=\"lazy\" decoding=\"async\" typeof=\"foaf:Image\" class=\"img-responsive\" src=\"https:\/\/www.leconomiste.com\/sites\/default\/files\/eco7\/public\/thumbnails\/image\/texrile-import-072.jpg\" width=\"397\" height=\"227\" alt=\"texrile-import-072.jpg\" title=\"texrile-import-072.jpg\"\/><\/div>\n<\/div>\n<p>C\u2019est d\u00e9sormais officiel! Les produits de textile-habillement en provenance de Turquie se verront appliquer un droit d\u2019importation de 27%, contre 0% il y a \u00e0 peine quelques mois\u2026 Une mesure pr\u00e9vue par l\u2019accord de libre-\u00e9change entre le Maroc et ce pays qui a \u00e9t\u00e9 particuli\u00e8rement mal accueillie par nos lecteurs\u2026 <a href=\"https:\/\/leconomiste.com\/archive\/edition\/5667\" target=\"_blank\" rel=\"noopener noreferrer\"><span class=\"c4\"><strong>(<em>cf. notre \u00e9dition du 02 \/01 \/2020)\u00a0\u00a0 \u00a0<\/em><\/strong><\/span><\/a><\/p>\n<p><strong>\u25a0\u00a0Des usines contraintes de mettre la cl\u00e9 sous la porte!<\/strong><br \/>Des usines de renom dans le secteur du textile ont d\u00fb fermer leurs portes en renvoyant des milliers d&rsquo;op\u00e9rateurs chez eux! Tout ceci \u00e0 cause de d\u00e9cisions prises \u00e0 la h\u00e2te par le gouvernement sans aucune \u00e9tude approfondie ni la moindre action concr\u00e8te pour pr\u00e9parer le march\u00e9 local \u00e0 un tel changement. R\u00e9sultat? Des milliards de perdus!<br \/><em>Lamia<\/em><\/p>\n<p><strong>\u25a0 Une d\u00e9cision aux multiples retomb\u00e9es pour l\u2019\u00e9conomie<\/strong><br \/>De tels accords seront suicidaires pour son \u00e9conomie et auront pour cons\u00e9quences, entre autres, la faillite de milliers d&rsquo;entreprises ou encore la ruine de milliers de familles. Ceux qui ont d\u00e9cid\u00e9 cela doivent \u00eatre jug\u00e9s pour leur incomp\u00e9tence ou leur inconscience quant aux retomb\u00e9es socio-\u00e9conomiques d\u00e9sastreuses pour les populations! Qu\u2019importent les efforts et les budgets des programmes de d\u00e9veloppement humain qui seront d\u00e9ploy\u00e9s par la suite, ceux-ci ne pourront jamais rattraper de tels <em>ravages!<\/em><\/p>\n<p class=\"rtecenter\"><em><strong><u>\u00a0\u00a0\u00a0\u00a0\u00a0\u00a0\u00a0\u00a0\u00a0\u00a0\u00a0\u00a0\u00a0\u00a0\u00a0\u00a0\u00a0\u00a0\u00a0\u00a0\u00a0\u00a0\u00a0\u00a0\u00a0\u00a0\u00a0\u00a0\u00a0\u00a0\u00a0\u00a0\u00a0\u00a0\u00a0\u00a0\u00a0\u00a0\u00a0\u00a0\u00a0\u00a0\u00a0\u00a0\u00a0\u00a0\u00a0\u00a0\u00a0\u00a0\u00a0\u00a0\u00a0\u00a0\u00a0\u00a0\u00a0\u00a0\u00a0\u00a0\u00a0\u00a0\u00a0\u00a0\u00a0\u00a0\u00a0\u00a0\u00a0\u00a0\u00a0\u00a0\u00a0\u00a0\u00a0\u00a0\u00a0\u00a0\u00a0\u00a0\u00a0\u00a0\u00a0\u00a0\u00a0<\/u><\/strong><\/em><\/p>\n<p class=\"rtecenter\"><strong>Bus \u00e0 K\u00e9nitra: Le service en crise!<\/strong><\/p>\n<div class=\"dnd-atom-wrapper type-image context-sdl_editor_representation\" contenteditable=\"false\">\n<div class=\"dnd-drop-wrapper image\"><img loading=\"lazy\" decoding=\"async\" typeof=\"foaf:Image\" class=\"img-responsive\" src=\"https:\/\/www.leconomiste.com\/sites\/default\/files\/eco7\/public\/thumbnails\/image\/kenitratransport-urbain-072.jpg\" width=\"660\" height=\"330\" alt=\"kenitratransport-urbain-072.jpg\" title=\"kenitratransport-urbain-072.jpg\"\/><\/div>\n<\/div>\n<p class=\"rtejustify\"><strong>\u25a0 Les citoyens \u00e9galement responsables<\/strong><br \/>J&rsquo;ai v\u00e9cu \u00e0 K\u00e9nitra pendant presque trois mois. La situation est grave! Des citoyens mal \u00e9duqu\u00e9s et sauvages jettent des pierres sur les bus et refusent\u00a0 cat\u00e9goriquement de payer leur ticket&#8230; Ce n&rsquo;est pas \u00e0 la compagnie d&rsquo;assumer toute la responsabilit\u00e9 dans cette affaire!<br \/><em>A.A.<\/em><br \/><strong>\u25a0 Une gestion des plus d\u00e9sastreuses<\/strong><br \/>Honte au conseil municipal! Reconduire le march\u00e9 jusqu&rsquo;en 2034?! C\u2019est une blague j\u2019esp\u00e8re! Vous avez d\u00e9j\u00e0 vu l&rsquo;\u00e9tat dans lequel se trouvent les bus de cette soci\u00e9t\u00e9? Bravo au PJD pour la gestion d\u00e9sastreuse de la ville de K\u00e9nitra sous vos deux mandats! J\u2019esp\u00e8re qu\u2019il n\u2019y en aura pas un troisi\u00e8me\u2026<br \/><em>B.B.<\/em><\/p>\n<p class=\"rtecenter\"><em><strong><u>\u00a0\u00a0\u00a0\u00a0\u00a0\u00a0\u00a0\u00a0\u00a0\u00a0\u00a0\u00a0\u00a0\u00a0\u00a0\u00a0\u00a0\u00a0\u00a0\u00a0\u00a0\u00a0\u00a0\u00a0\u00a0\u00a0\u00a0\u00a0\u00a0\u00a0\u00a0\u00a0\u00a0\u00a0\u00a0\u00a0\u00a0\u00a0\u00a0\u00a0\u00a0\u00a0\u00a0\u00a0\u00a0\u00a0\u00a0\u00a0\u00a0\u00a0\u00a0\u00a0\u00a0\u00a0\u00a0\u00a0\u00a0\u00a0\u00a0\u00a0\u00a0\u00a0\u00a0\u00a0\u00a0\u00a0\u00a0\u00a0\u00a0\u00a0\u00a0\u00a0\u00a0\u00a0\u00a0\u00a0\u00a0\u00a0\u00a0\u00a0\u00a0\u00a0\u00a0\u00a0\u00a0<\/u><\/strong><\/em><\/p>\n<p class=\"rtecenter\"><strong>Et d\u2019autres r\u00e9actions<\/strong><\/p>\n<div class=\"dnd-atom-wrapper type-image context-sdl_editor_representation atom-align-right\" contenteditable=\"false\">\n<div class=\"dnd-drop-wrapper image\"><img loading=\"lazy\" decoding=\"async\" typeof=\"foaf:Image\" class=\"img-responsive\" src=\"https:\/\/www.leconomiste.com\/sites\/default\/files\/eco7\/public\/thumbnails\/image\/eoliens-072.jpg\" width=\"283\" height=\"207\" alt=\"eoliens-072.jpg\" title=\"eoliens-072.jpg\"\/><\/div>\n<\/div>\n<p class=\"rtejustify\"><strong>\u25a0 Parcs \u00e9oliens: Attention aux risques sur la faune!<\/strong><br \/>Je me demande pourquoi les centrales \u00e9oliennes ne stoppent pas l\u2019activit\u00e9 de ces derni\u00e8res pendant la nuit. En effet, celles-ci sont responsables du g\u00e9nocide d\u2019\u00eatres vivants essentiels \u00e0 l\u2019\u00e9quilibre biologique. Des pr\u00e9dateurs \u00e9liminant des insectes nuisibles aux cultures ainsi que des pollinisateurs par centaines de milliers. C\u2019est insens\u00e9 d\u2019\u00eatre aussi irresponsable!<br \/><em>R.M.<\/em><br \/><strong>\u25a0 Ancienne d\u00e9charge de Tanger: Enfin remplac\u00e9e!<\/strong><br \/>Le groupe Al Boughaz a enfin mis sur pied un tout nouveau centre de tri dot\u00e9 de trieurs automatiques. Une d\u00e9cision justifi\u00e9e \u00e0 mon sens qui permettra de servir les besoins prioritaires de l\u2019ensemble des communes urbaines et rurales de la r\u00e9gion. Il faut dire que l\u2019am\u00e9lioration de la gestion des d\u00e9chets devenait urgente, \u00e9tant donn\u00e9 que l\u2019ancienne d\u00e9charge d\u00e9gageait des nuisances olfactives et produisait des substances susceptibles de contaminer puits et nappes phr\u00e9atiques!<br \/><em>S.S.<\/em><\/p>\n<p class=\"rtejustify\">\u00a0<\/p>\n<p class=\"rtejustify\">\u00a0<\/p>\n<p class=\"rtejustify\">\u00a0<\/p>\n<p>Auteur: hlafriqi<br \/>\n<a href=\"https:\/\/www.leconomiste.com\/article\/1055634-gmt1-l-heure-d-ete-en-plein-hiver\">Cliquez ici pour lire l&rsquo;article depuis sa source.<\/a><\/p>\n","protected":false},"excerpt":{"rendered":"<p>Le maintien du fuseau horaire GMT+1 en plein hiver contraint les citoyens marocains \u00e0 sortir une heure plus t\u00f4t pour se rendre au travail. Une d\u00e9cision qui les confrontent davantage au risque d\u2019agression et perturbent consid\u00e9rablement leur horloge biologique. Nos lecteurs s\u2019expriment sur un sujet qui les touche directement\u2026 (cf. notre \u00e9dition du 07 \/01 [&hellip;]<\/p>\n","protected":false},"author":1763,"featured_media":72658,"comment_status":"closed","ping_status":"closed","sticky":false,"template":"","format":"standard","meta":{"fifu_image_url":"","fifu_image_alt":"","footnotes":""},"categories":[78,54],"tags":[],"class_list":["post-72657","post","type-post","status-publish","format-standard","has-post-thumbnail","hentry","category-economie","category-maroc"],"_links":{"self":[{"href":"https:\/\/linitiative.ca\/International\/wp-json\/wp\/v2\/posts\/72657","targetHints":{"allow":["GET"]}}],"collection":[{"href":"https:\/\/linitiative.ca\/International\/wp-json\/wp\/v2\/posts"}],"about":[{"href":"https:\/\/linitiative.ca\/International\/wp-json\/wp\/v2\/types\/post"}],"author":[{"embeddable":true,"href":"https:\/\/linitiative.ca\/International\/wp-json\/wp\/v2\/users\/1763"}],"replies":[{"embeddable":true,"href":"https:\/\/linitiative.ca\/International\/wp-json\/wp\/v2\/comments?post=72657"}],"version-history":[{"count":0,"href":"https:\/\/linitiative.ca\/International\/wp-json\/wp\/v2\/posts\/72657\/revisions"}],"wp:featuredmedia":[{"embeddable":true,"href":"https:\/\/linitiative.ca\/International\/wp-json\/"}],"wp:attachment":[{"href":"https:\/\/linitiative.ca\/International\/wp-json\/wp\/v2\/media?parent=72657"}],"wp:term":[{"taxonomy":"category","embeddable":true,"href":"https:\/\/linitiative.ca\/International\/wp-json\/wp\/v2\/categories?post=72657"},{"taxonomy":"post_tag","embeddable":true,"href":"https:\/\/linitiative.ca\/International\/wp-json\/wp\/v2\/tags?post=72657"}],"curies":[{"name":"wp","href":"https:\/\/api.w.org\/{rel}","templated":true}]}}