{"id":72659,"date":"2020-01-10T05:45:00","date_gmt":"2020-01-10T10:45:00","guid":{"rendered":"https:\/\/linitiative.ca\/International\/espagne-la-fin-de-limpasse-politique\/"},"modified":"2020-01-10T05:45:00","modified_gmt":"2020-01-10T10:45:00","slug":"espagne-la-fin-de-limpasse-politique","status":"publish","type":"post","link":"https:\/\/linitiative.ca\/International\/espagne-la-fin-de-limpasse-politique\/","title":{"rendered":"Espagne: La fin de l\u2019impasse politique"},"content":{"rendered":"<div readability=\"36\">\n<p>Alli\u00e9 avec Podemos, Pedro Sanchez se maintient au pouvoir<\/p>\n<p>Prochain gouvernement, large programme<\/p>\n<\/div>\n<div readability=\"75\">\n<div class=\"dnd-atom-wrapper type-image context-sdl_editor_representation\" contenteditable=\"false\" readability=\"32.5\">\n<div class=\"dnd-drop-wrapper image\"><img loading=\"lazy\" decoding=\"async\" typeof=\"foaf:Image\" class=\"img-responsive\" src=\"https:\/\/www.leconomiste.com\/sites\/default\/files\/eco7\/public\/thumbnails\/image\/espagne-politique-072.jpg\" width=\"660\" height=\"330\" alt=\"espagne-politique-072.jpg\" title=\"espagne-politique-072.jpg\"\/><\/div>\n<div class=\"dnd-legend-wrapper\" contenteditable=\"true\" readability=\"10\">\n<p class=\"rtejustify\">Au programme du futur gouvernement espagnol de coalition entre les socialistes de Pedro Sanchez et la gauche radicale de Podemos figurent une hausse des imp\u00f4ts des plus riches, d\u00e9tricoter la r\u00e9forme controvers\u00e9e du march\u00e9 du travail et augmenter les salaires\u2026 <em>(Ph. AFP)<\/em><\/p>\n<\/div>\n<\/div>\n<p class=\"rtejustify\">Le socialiste Pedro Sanchez a pr\u00eat\u00e9 serment, hier mercredi, comme chef de gouvernement devant le roi d&rsquo;Espagne Felipe VI. Et ce, au lendemain de son investiture par les d\u00e9put\u00e9s \u00e0 la t\u00eate d&rsquo;une coalition avec la gauche radicale de Podemos.<\/p>\n<p class=\"rtejustify\">Sanchez a jur\u00e9 de respecter la Constitution espagnole au cours d&rsquo;une c\u00e9r\u00e9monie au palais de la Zarzuela sans bible ni crucifix. La composition du gouvernement sera annonc\u00e9e la semaine prochaine.<\/p>\n<p class=\"rtejustify\">Vainqueur affaibli des \u00e9lections l\u00e9gislatives du 10 novembre, Sanchez a obtenu mardi 7 janvier de justesse la confiance des d\u00e9put\u00e9s (167 voix pour, 165 contre, 18 abstentions) pour se maintenir au pouvoir. Ce qui a mis fin \u00e0 de longs mois de paralysie politique. Il exp\u00e9diait les affaires courantes depuis le mois de mars apr\u00e8s l&rsquo;explosion de la majorit\u00e9 bancale qui l&rsquo;avait port\u00e9 au pouvoir en renversant lors d&rsquo;une motion de censure le conservateur Mariano Rajoy.<\/p>\n<p class=\"rtejustify\">D\u00e9j\u00e0 vainqueur d&rsquo;un pr\u00e9c\u00e9dent scrutin en avril, Sanchez n&rsquo;\u00e9tait pas parvenu \u00e0 obtenir suffisamment de soutiens pour \u00eatre investi par la Chambre des d\u00e9put\u00e9s. Ce qui avait entra\u00een\u00e9 la convocation d&rsquo;un nouveau scrutin.<\/p>\n<p class=\"rtejustify\">Son futur gouvernement\u00a0 inclura plusieurs ministres de Podemos. Sa premi\u00e8re t\u00e2che sera de mettre fin \u00e0 l&rsquo;instabilit\u00e9 chronique. Celle-ci mine depuis 2015 la quatri\u00e8me \u00e9conomie de la zone euro, o\u00f9 quatre \u00e9lections l\u00e9gislatives ont eu lieu en quatre ans. La nouvelle \u00e9quipe ne pourra compter que sur 155 d\u00e9put\u00e9s socialistes et Podemos. Elle devra n\u00e9gocier d&rsquo;arrache-pied le vote de toutes ses lois et en premier lieu du budget.<\/p>\n<p class=\"rtejustify\">Le programme promet un virage \u00e0 gauche: hausse du salaire minimum, alourdissement de la fiscalit\u00e9 pour les plus riches et les grandes entreprises, abrogation partielle de la r\u00e9forme controvers\u00e9e du march\u00e9 du travail adopt\u00e9e en 2012 par les conservateurs ou encore encadrement des loyers dans les villes o\u00f9 ils flambent.<\/p>\n<p class=\"rtejustify\">Gouvernement minoritaire, tensions en Catalogne, ralentissement \u00e9conomique\u2026 Pour de nombreux experts, le paysage politique reste complexe. En \u00e9change de l&rsquo;abstention du parti s\u00e9paratiste catalan ERC, les socialistes ont promis la tenue d&rsquo;une n\u00e9gociation entre le gouvernement central et l&rsquo;ex\u00e9cutif r\u00e9gional ind\u00e9pendantiste pour r\u00e9soudre le conflit politique sur l&rsquo;avenir de la Catalogne.<\/p>\n<p class=\"rtejustify\"><em>F. Z. T. \u00a0<\/em><\/p>\n<p class=\"rtejustify\">\u00a0<\/p>\n<\/div>\n<p>Auteur: hlafriqi<br \/>\n<a href=\"https:\/\/www.leconomiste.com\/article\/1055637-espagne-la-fin-de-l-impasse-politique\">Cliquez ici pour lire l&rsquo;article depuis sa source.<\/a><\/p>\n","protected":false},"excerpt":{"rendered":"<p>Alli\u00e9 avec Podemos, Pedro Sanchez se maintient au pouvoir Prochain gouvernement, large programme Au programme du futur gouvernement espagnol de coalition entre les socialistes de Pedro Sanchez et la gauche radicale de Podemos figurent une hausse des imp\u00f4ts des plus riches, d\u00e9tricoter la r\u00e9forme controvers\u00e9e du march\u00e9 du travail et augmenter les salaires\u2026 (Ph. AFP) [&hellip;]<\/p>\n","protected":false},"author":1763,"featured_media":72660,"comment_status":"closed","ping_status":"closed","sticky":false,"template":"","format":"standard","meta":{"fifu_image_url":"","fifu_image_alt":"","footnotes":""},"categories":[78,54],"tags":[],"class_list":["post-72659","post","type-post","status-publish","format-standard","has-post-thumbnail","hentry","category-economie","category-maroc"],"_links":{"self":[{"href":"https:\/\/linitiative.ca\/International\/wp-json\/wp\/v2\/posts\/72659","targetHints":{"allow":["GET"]}}],"collection":[{"href":"https:\/\/linitiative.ca\/International\/wp-json\/wp\/v2\/posts"}],"about":[{"href":"https:\/\/linitiative.ca\/International\/wp-json\/wp\/v2\/types\/post"}],"author":[{"embeddable":true,"href":"https:\/\/linitiative.ca\/International\/wp-json\/wp\/v2\/users\/1763"}],"replies":[{"embeddable":true,"href":"https:\/\/linitiative.ca\/International\/wp-json\/wp\/v2\/comments?post=72659"}],"version-history":[{"count":0,"href":"https:\/\/linitiative.ca\/International\/wp-json\/wp\/v2\/posts\/72659\/revisions"}],"wp:featuredmedia":[{"embeddable":true,"href":"https:\/\/linitiative.ca\/International\/wp-json\/"}],"wp:attachment":[{"href":"https:\/\/linitiative.ca\/International\/wp-json\/wp\/v2\/media?parent=72659"}],"wp:term":[{"taxonomy":"category","embeddable":true,"href":"https:\/\/linitiative.ca\/International\/wp-json\/wp\/v2\/categories?post=72659"},{"taxonomy":"post_tag","embeddable":true,"href":"https:\/\/linitiative.ca\/International\/wp-json\/wp\/v2\/tags?post=72659"}],"curies":[{"name":"wp","href":"https:\/\/api.w.org\/{rel}","templated":true}]}}