{"id":72665,"date":"2020-01-10T15:14:08","date_gmt":"2020-01-10T20:14:08","guid":{"rendered":"https:\/\/linitiative.ca\/International\/international-nouri-ait-nouri-courtise-par-crystal-palace\/"},"modified":"2020-01-10T15:14:08","modified_gmt":"2020-01-10T20:14:08","slug":"international-nouri-ait-nouri-courtise-par-crystal-palace","status":"publish","type":"post","link":"https:\/\/linitiative.ca\/International\/international-nouri-ait-nouri-courtise-par-crystal-palace\/","title":{"rendered":"International : Nouri A\u00eft-Nouri courtis\u00e9 par Crystal Palace"},"content":{"rendered":"<div readability=\"32\">\n<p>Auteur : <span>Riad O.<\/span> <span class=\"time\">vendredi 10 janvier 2020 18:59<\/span><\/p>\n<\/div>\n<div id=\"post_core\" readability=\"41\">\n<p>A en croire le m\u00e9dia fran\u00e7ais, L\u2019Equipe, Rayan A\u00eft-Nouri plairait beaucoup \u00e0 Crystal Palace, qui aimerait s\u2019offrir le lat\u00e9ral gauche d\u2019Angers d\u00e8s cet hiver. Selon la m\u00eame source toujours, les Eagles auraient d\u2019ailleurs pour objectif de boucler le recrutement du jeune Sco\u00efste avant la fin du Mercato hivernal. Les dirigeants londoniens pourraient toutefois \u00eatre refroidis par les exigences financi\u00e8res du club de l\u2019Anjou. L\u2019Atl\u00e9tico Madrid serait \u00e9galement sur le coup.<\/p>\n<p><strong>Publi\u00e9 dans :<\/strong> <span>Crystal Palace<\/span> <span>Nouri A\u00eft-Nouri<\/span><\/p>\n<\/div>\n<p>Auteur:<br \/>\n<a href=\"http:\/\/www.lebuteur.com\/article\/detail?titre=nouri-ait-nouri-courtise-par-crystal-palace&#038;id=94078&#038;utm_source=feedburner&#038;utm_medium=feed&#038;utm_campaign=Feed%3A+GalerieFArtciles+%28Les+derniers+articles++-+lebuteur.com%29\">Cliquez ici pour lire l&rsquo;article depuis sa source.<\/a><\/p>\n","protected":false},"excerpt":{"rendered":"<p>Auteur : Riad O. vendredi 10 janvier 2020 18:59 A en croire le m\u00e9dia fran\u00e7ais, L\u2019Equipe, Rayan A\u00eft-Nouri plairait beaucoup \u00e0 Crystal Palace, qui aimerait s\u2019offrir le lat\u00e9ral gauche d\u2019Angers d\u00e8s cet hiver. Selon la m\u00eame source toujours, les Eagles auraient d\u2019ailleurs pour objectif de boucler le recrutement du jeune Sco\u00efste avant la fin du [&hellip;]<\/p>\n","protected":false},"author":1738,"featured_media":72666,"comment_status":"closed","ping_status":"closed","sticky":false,"template":"","format":"standard","meta":{"fifu_image_url":"","fifu_image_alt":"","footnotes":""},"categories":[53,75],"tags":[],"class_list":["post-72665","post","type-post","status-publish","format-standard","has-post-thumbnail","hentry","category-algerie","category-sport"],"_links":{"self":[{"href":"https:\/\/linitiative.ca\/International\/wp-json\/wp\/v2\/posts\/72665","targetHints":{"allow":["GET"]}}],"collection":[{"href":"https:\/\/linitiative.ca\/International\/wp-json\/wp\/v2\/posts"}],"about":[{"href":"https:\/\/linitiative.ca\/International\/wp-json\/wp\/v2\/types\/post"}],"author":[{"embeddable":true,"href":"https:\/\/linitiative.ca\/International\/wp-json\/wp\/v2\/users\/1738"}],"replies":[{"embeddable":true,"href":"https:\/\/linitiative.ca\/International\/wp-json\/wp\/v2\/comments?post=72665"}],"version-history":[{"count":0,"href":"https:\/\/linitiative.ca\/International\/wp-json\/wp\/v2\/posts\/72665\/revisions"}],"wp:featuredmedia":[{"embeddable":true,"href":"https:\/\/linitiative.ca\/International\/wp-json\/"}],"wp:attachment":[{"href":"https:\/\/linitiative.ca\/International\/wp-json\/wp\/v2\/media?parent=72665"}],"wp:term":[{"taxonomy":"category","embeddable":true,"href":"https:\/\/linitiative.ca\/International\/wp-json\/wp\/v2\/categories?post=72665"},{"taxonomy":"post_tag","embeddable":true,"href":"https:\/\/linitiative.ca\/International\/wp-json\/wp\/v2\/tags?post=72665"}],"curies":[{"name":"wp","href":"https:\/\/api.w.org\/{rel}","templated":true}]}}