{"id":72669,"date":"2020-01-10T15:14:12","date_gmt":"2020-01-10T20:14:12","guid":{"rendered":"https:\/\/linitiative.ca\/International\/international-le-real-sur-le-point-de-faire-un-enorme-sacrifice-pour-bale\/"},"modified":"2020-01-10T15:14:12","modified_gmt":"2020-01-10T20:14:12","slug":"international-le-real-sur-le-point-de-faire-un-enorme-sacrifice-pour-bale","status":"publish","type":"post","link":"https:\/\/linitiative.ca\/International\/international-le-real-sur-le-point-de-faire-un-enorme-sacrifice-pour-bale\/","title":{"rendered":"International : Le Real sur le point de faire un \u00e9norme sacrifice pour Bale ?"},"content":{"rendered":"<div readability=\"32\">\n<p>Auteur : <span class=\"time\">vendredi 10 janvier 2020 19:11<\/span><\/p>\n<\/div>\n<div id=\"post_core\" readability=\"52\">\n<p>\u00ab\u00a0Bale ne va nulle part en hiver, et il partira encore moins l\u2019\u00e9t\u00e9 prochain\u00a0\u00bb, a lanc\u00e9 Jonathan Barnett \u00e0 ESPN. Mais selon le Daily Telegraph, le Real Madrid est toujours d\u00e9termin\u00e9 \u00e0 se s\u00e9parer de son international gallois dans quelques mois. Sauf que, comme l&rsquo;indique Footmercato, le pessimisme est de mise pour lui trouver un acheteur l\u2019\u00e9t\u00e9 prochain, alors que Manchester United, longtemps pr\u00e9sent\u00e9 comme la destination id\u00e9ale, ne semble plus int\u00e9ress\u00e9.<\/p>\n<p>Seule la Chine peut encore \u00eatre en mesure de payer une indemnit\u00e9 de transfert pour attirer le Gallois, comme l\u2019avait fait le Jiangsu Suning l\u2019\u00e9t\u00e9 dernier avant que le Real Madrid ne change finalement d\u2019avis. Le Telegraph assure cependant que le club espagnol serait d\u00e9sormais pr\u00eat \u00e0 le laisser partir quasiment gratuitement afin d\u2019\u00e9conomiser son colossal salaire (plus de 15 M\u20ac par an), alors que le contrat du Gallois s\u2019\u00e9tire jusqu\u2019en 2022. Le Real Madrid n\u2019a pas fini d\u2019en baver dans ce dossier.<\/p>\n<p><strong>Publi\u00e9 dans :<\/strong> <span>real madrid<\/span><\/p>\n<\/div>\n<p>Auteur:<br \/>\n<a href=\"http:\/\/www.lebuteur.com\/article\/detail?titre=le-real-sur-le-point-de-faire-un-enorme-sacrifice-pour-bale&#038;id=94080&#038;utm_source=feedburner&#038;utm_medium=feed&#038;utm_campaign=Feed%3A+GalerieFArtciles+%28Les+derniers+articles++-+lebuteur.com%29\">Cliquez ici pour lire l&rsquo;article depuis sa source.<\/a><\/p>\n","protected":false},"excerpt":{"rendered":"<p>Auteur : vendredi 10 janvier 2020 19:11 \u00ab\u00a0Bale ne va nulle part en hiver, et il partira encore moins l\u2019\u00e9t\u00e9 prochain\u00a0\u00bb, a lanc\u00e9 Jonathan Barnett \u00e0 ESPN. Mais selon le Daily Telegraph, le Real Madrid est toujours d\u00e9termin\u00e9 \u00e0 se s\u00e9parer de son international gallois dans quelques mois. Sauf que, comme l&rsquo;indique Footmercato, le pessimisme [&hellip;]<\/p>\n","protected":false},"author":1738,"featured_media":72670,"comment_status":"closed","ping_status":"closed","sticky":false,"template":"","format":"standard","meta":{"fifu_image_url":"","fifu_image_alt":"","footnotes":""},"categories":[53,75],"tags":[],"class_list":["post-72669","post","type-post","status-publish","format-standard","has-post-thumbnail","hentry","category-algerie","category-sport"],"_links":{"self":[{"href":"https:\/\/linitiative.ca\/International\/wp-json\/wp\/v2\/posts\/72669","targetHints":{"allow":["GET"]}}],"collection":[{"href":"https:\/\/linitiative.ca\/International\/wp-json\/wp\/v2\/posts"}],"about":[{"href":"https:\/\/linitiative.ca\/International\/wp-json\/wp\/v2\/types\/post"}],"author":[{"embeddable":true,"href":"https:\/\/linitiative.ca\/International\/wp-json\/wp\/v2\/users\/1738"}],"replies":[{"embeddable":true,"href":"https:\/\/linitiative.ca\/International\/wp-json\/wp\/v2\/comments?post=72669"}],"version-history":[{"count":0,"href":"https:\/\/linitiative.ca\/International\/wp-json\/wp\/v2\/posts\/72669\/revisions"}],"wp:featuredmedia":[{"embeddable":true,"href":"https:\/\/linitiative.ca\/International\/wp-json\/"}],"wp:attachment":[{"href":"https:\/\/linitiative.ca\/International\/wp-json\/wp\/v2\/media?parent=72669"}],"wp:term":[{"taxonomy":"category","embeddable":true,"href":"https:\/\/linitiative.ca\/International\/wp-json\/wp\/v2\/categories?post=72669"},{"taxonomy":"post_tag","embeddable":true,"href":"https:\/\/linitiative.ca\/International\/wp-json\/wp\/v2\/tags?post=72669"}],"curies":[{"name":"wp","href":"https:\/\/api.w.org\/{rel}","templated":true}]}}