{"id":72671,"date":"2020-01-10T15:22:42","date_gmt":"2020-01-10T20:22:42","guid":{"rendered":"https:\/\/linitiative.ca\/International\/me-mae-sentretient-avec-son-homologue-italien-m-boukadoum-qualifie-la-coordination-avec-litalie-de-tres-bonne\/"},"modified":"2020-01-10T15:22:42","modified_gmt":"2020-01-10T20:22:42","slug":"me-mae-sentretient-avec-son-homologue-italien-m-boukadoum-qualifie-la-coordination-avec-litalie-de-tres-bonne","status":"publish","type":"post","link":"https:\/\/linitiative.ca\/International\/me-mae-sentretient-avec-son-homologue-italien-m-boukadoum-qualifie-la-coordination-avec-litalie-de-tres-bonne\/","title":{"rendered":"Me mae s\u2019entretient avec son homologue italien     : M. Boukadoum qualifie la coordination avec l\u2019Italie de \u00abtr\u00e8s bonne\u00bb"},"content":{"rendered":"<p>Le ministre des Affaires \u00e9trang\u00e8res, Sabri Boukadoum, s&rsquo;est entretenu, jeudi \u00e0 Alger, avec son homologue italien des Affaires \u00e9trang\u00e8res et de la Coop\u00e9ration internationale, Luigi Di Maio. L&rsquo;entretien a \u00e9t\u00e9 \u00e9largi par la suite aux membres de la d\u00e9l\u00e9gation italienne et responsables du minist\u00e8re alg\u00e9rien des Affaires \u00e9trang\u00e8res. La visite en Alg\u00e9rie du chef de la diplomatie italienne a permis \u00abun examen des relations d&rsquo;ensemble et de la coop\u00e9ration entre l&rsquo;Alg\u00e9rie et l&rsquo;Italie ainsi que des perspectives de leur approfondissement\u00bb, a indiqu\u00e9 le minist\u00e8re des Affaires \u00e9trang\u00e8res (MAE) dans un communiqu\u00e9. Les entretiens entre les deux ministres ont port\u00e9 \u00e9galement sur \u00abdes questions r\u00e9gionales et internationales, notamment la situation en Libye sur laquelle les deux pays d\u00e9ploient des efforts diplomatiques intenses en faveur d&rsquo;une solution politique\u00bb, a-t-on ajout\u00e9. Selon le MAE, cette visite a \u00e9t\u00e9, pour les responsables des deux pays, \u00abl&rsquo;occasion de faire le point sur les \u00e9ch\u00e9ances bilat\u00e9rales en pr\u00e9paration, notamment la prochaine r\u00e9union du comit\u00e9 bilat\u00e9ral de suivi et la tenue de la 4e session de la r\u00e9union bilat\u00e9rale de haut niveau alg\u00e9ro-italienne \u00e0 Alger au cours du 1er semestre 2020\u00bb.\u00a0 Sabri Boukadoum, a qualifi\u00e9, jeudi \u00e0 Alger, la coordination avec l&rsquo;Italie sur le dossier libyen de \u00abtr\u00e8s bonne\u00bb, r\u00e9it\u00e9rant la position alg\u00e9rienne en faveur d&rsquo;une \u00absolution politique\u00bb et le \u00abrefus de toute intervention militaire\u00bb dans ce pays. A l&rsquo;issue de ses entretiens avec son homologue italien, M. Boukadoum a indiqu\u00e9 que la coordination avec l&rsquo;Italie sur le \u00abdossier br\u00fblant\u00bb de la Libye est \u00abtr\u00e8s bonne\u00bb, mettant en avant la position alg\u00e9rienne en faveur d&rsquo;une \u00absolution politique, le refus de toute intervention militaire et le respect de l&#8217;embargo sur les armes\u00bb. Le chef de la diplomatie alg\u00e9rienne a \u00e9galement insist\u00e9 sur la mise en \u0153uvre des n\u00e9gociations entre toutes les parties libyennes dans \u00able respect du droit international, avec le soutien de la communaut\u00e9 internationale, notamment les pays de la r\u00e9gion\u00bb. Le ministre a salu\u00e9, \u00e0 ce propos, le gouvernement italien pour son \u00absoutien\u00bb \u00e0 la position de l&rsquo;Alg\u00e9rie et son r\u00f4le dans la r\u00e9solution de la crise dans ce pays voisin. Par ailleurs, M. Boukadoum s&rsquo;est f\u00e9licit\u00e9 de la qualit\u00e9 des relations alg\u00e9ro-italiennes dans tous les domaines, notamment la coop\u00e9ration \u00abdans les secteurs de l&rsquo;\u00e9nergie et de l&rsquo;enseignement sup\u00e9rieur\u00bb. Dans le m\u00eame contexte, le ministre italien s&rsquo;est r\u00e9joui des efforts de l&rsquo;Alg\u00e9rie en mati\u00e8re de s\u00e9curisation des fronti\u00e8res avec la Libye, estimant que ces efforts lou\u00e9s par tous les pays de la M\u00e9diterran\u00e9e permettent de pr\u00e9venir les \u00abinfiltrations terroristes\u00bb. Tout en rappelant ses visites \u00e0 Bruxelles, \u00e0 Istanbul et au Caire, le ministre italien a soulign\u00e9 que \u00abtout le monde est d&rsquo;accord pour un cessez-le-feu en Libye\u00bb, qualifiant, par la m\u00eame occasion, sa rencontre avec le ministre alg\u00e9rien d&rsquo;opportunit\u00e9 \u00abhistorique\u00bb pour travailler \u00abensemble\u00bb en vue de r\u00e9soudre la crise libyenne. \u00abC&rsquo;est notre objectif commun\u00bb, a-t-il d\u00e9clar\u00e9. \u00abIl est temps de mettre tous les pays et toutes les personnes autour d&rsquo;une table et trouver la solution permettant de garantir la paix dans cette r\u00e9gion\u00bb, a-t-il ajout\u00e9.\u00a0 Au plan bilat\u00e9ral, M. Di Maio a \u00e9mis le souhait de trouver les moyens d&rsquo;investir \u00abensemble\u00bb dans les nouvelles technologies, mettant l&rsquo;accent \u00e9galement sur l&rsquo;importance d&rsquo;accro\u00eetre les \u00e9changes \u00e9conomiques entre les deux pays, notamment dans le domaine du tourisme, estimant, n\u00e9anmoins, que \u00absans la stabilit\u00e9, il est difficile de r\u00e9ussir \u00e0 implanter de nouveaux projets communs\u00bb.\u00a0<\/p>\n<p>Auteur: elmoudjahid<br \/>\n<a href=\"http:\/\/www.elmoudjahid.com\/fr\/actualites\/146903\">Cliquez ici pour lire l&rsquo;article depuis sa source.<\/a><\/p>\n","protected":false},"excerpt":{"rendered":"<p>Le ministre des Affaires \u00e9trang\u00e8res, Sabri Boukadoum, s&rsquo;est entretenu, jeudi \u00e0 Alger, avec son homologue italien des Affaires \u00e9trang\u00e8res et de la Coop\u00e9ration internationale, Luigi Di Maio. L&rsquo;entretien a \u00e9t\u00e9 \u00e9largi par la suite aux membres de la d\u00e9l\u00e9gation italienne et responsables du minist\u00e8re alg\u00e9rien des Affaires \u00e9trang\u00e8res. La visite en Alg\u00e9rie du chef de [&hellip;]<\/p>\n","protected":false},"author":1744,"featured_media":0,"comment_status":"closed","ping_status":"closed","sticky":false,"template":"","format":"standard","meta":{"fifu_image_url":"","fifu_image_alt":"","footnotes":""},"categories":[73,53],"tags":[],"class_list":["post-72671","post","type-post","status-publish","format-standard","hentry","category-actualite","category-algerie"],"_links":{"self":[{"href":"https:\/\/linitiative.ca\/International\/wp-json\/wp\/v2\/posts\/72671","targetHints":{"allow":["GET"]}}],"collection":[{"href":"https:\/\/linitiative.ca\/International\/wp-json\/wp\/v2\/posts"}],"about":[{"href":"https:\/\/linitiative.ca\/International\/wp-json\/wp\/v2\/types\/post"}],"author":[{"embeddable":true,"href":"https:\/\/linitiative.ca\/International\/wp-json\/wp\/v2\/users\/1744"}],"replies":[{"embeddable":true,"href":"https:\/\/linitiative.ca\/International\/wp-json\/wp\/v2\/comments?post=72671"}],"version-history":[{"count":0,"href":"https:\/\/linitiative.ca\/International\/wp-json\/wp\/v2\/posts\/72671\/revisions"}],"wp:attachment":[{"href":"https:\/\/linitiative.ca\/International\/wp-json\/wp\/v2\/media?parent=72671"}],"wp:term":[{"taxonomy":"category","embeddable":true,"href":"https:\/\/linitiative.ca\/International\/wp-json\/wp\/v2\/categories?post=72671"},{"taxonomy":"post_tag","embeddable":true,"href":"https:\/\/linitiative.ca\/International\/wp-json\/wp\/v2\/tags?post=72671"}],"curies":[{"name":"wp","href":"https:\/\/api.w.org\/{rel}","templated":true}]}}