{"id":72672,"date":"2020-01-10T15:22:44","date_gmt":"2020-01-10T20:22:44","guid":{"rendered":"https:\/\/linitiative.ca\/International\/situation-en-libye-appels-a-un-cessez-le-feu-et-a-la-reprise-du-dialogue\/"},"modified":"2020-01-10T15:22:44","modified_gmt":"2020-01-10T20:22:44","slug":"situation-en-libye-appels-a-un-cessez-le-feu-et-a-la-reprise-du-dialogue","status":"publish","type":"post","link":"https:\/\/linitiative.ca\/International\/situation-en-libye-appels-a-un-cessez-le-feu-et-a-la-reprise-du-dialogue\/","title":{"rendered":"Situation en Libye : Appels \u00e0 un cessez-le-feu  et \u00e0 la reprise du dialogue"},"content":{"rendered":"<p>Plusieurs pays et organisations internationales ont multipli\u00e9 leurs appels \u00e0 un cessez-le-feu \u00abimm\u00e9diat\u00bb en Libye, et exhort\u00e9 les parties en conflit \u00e0 \u00abrevenir\u00bb \u00e0 la table des n\u00e9gociations pour mettre fin \u00e0 l&rsquo;escalade militaire, r\u00e9affirmant le soutien \u00e0 toutes les initiatives visant \u00e0 trouver une solution politique \u00e0 la crise.<\/p>\n<p>\u00c0 la suite des derniers d\u00e9veloppements intervenus sur la sc\u00e8ne libyenne, le pr\u00e9sident turc, Recep Tayyip Erdogan, et son homologue russe, Vladimir Poutine, ont appel\u00e9, mercredi dernier, \u00e0 un cessez-le-feu en Libye, \u00ab\u00e0 partir de dimanche 12 janvier\u00bb, selon une d\u00e9claration commune publi\u00e9e, \u00e0 l&rsquo;issue d&rsquo;une rencontre \u00e0 Istanbul.<\/p>\n<div readability=\"153\">\n<p>\u00abNous appelons tous les bellig\u00e9rants en Libye \u00e0 cesser les hostilit\u00e9s \u00e0 00h00 le 12 janvier et \u00e0 d\u00e9clarer un cessez-le-feu durable\u00bb, a indiqu\u00e9 le document publi\u00e9 par la pr\u00e9sidence turque.<\/p>\n<p>Les deux chefs d&rsquo;Etat exhortent, en outre, les diff\u00e9rentes parties \u00e0 \u00abs&rsquo;asseoir imm\u00e9diatement \u00e0 la table des n\u00e9gociations dans l&rsquo;objectif de mettre un terme aux souffrances du peuple libyen\u00bb. MM. Erdogan et Poutine ont aussi exprim\u00e9 leur soutien \u00e0 une conf\u00e9rence internationale pr\u00e9vue en janvier \u00e0 Berlin afin de trouver une solution pour retourner au processus politique sous l&rsquo;\u00e9gide des Nations unies.<\/p>\n<p>L&rsquo;Italie a, quant \u00e0 elle, appel\u00e9, par la voix de son chef du gouvernement, Giuseppe Conte, le g\u00e9n\u00e9ral \u00e0 la retraite, Khalifa Haftar, \u00e0 cesser son offensive en Libye, lanc\u00e9e en avril dernier pour tenter de prendre le contr\u00f4le de la capitale Tripoli.<\/p>\n<p>M. Conte a mis en garde mercredi dernier contre \u00ables risques pour la stabilit\u00e9 de la r\u00e9gion tout enti\u00e8re\u00bb et \u00aba appel\u00e9 \u00e0 l&rsquo;abandon de l&rsquo;option militaire\u00bb. \u00abLa seule solution viable est politique\u00bb, a-t-il insist\u00e9.<\/p>\n<p>Dans le cadre de ses efforts pour un r\u00e8glement politique de la crise libyenne, l&rsquo;Alg\u00e9rie, avait appel\u00e9 lundi dernier la communaut\u00e9 internationale et le Conseil de s\u00e9curit\u00e9 en\u00a0<\/p>\n<p>particulier \u00e0 assumer leurs responsabilit\u00e9s pour imposer \u00abun cessez-le-feu imm\u00e9diat\u00bb en Libye et \u00abmettre un terme \u00e0 cette escalade militaire qui fait, chaque jour, davantage de victimes&#8230;\u00bb.<\/p>\n<p>L&rsquo;Alg\u00e9rie avait appel\u00e9 \u00e9galement \u00ables parties \u00e9trang\u00e8res \u00e0 cesser d&rsquo;alimenter cette escalade et d&rsquo;accorder aux parties bellig\u00e9rantes, leur soutien militaire, mat\u00e9riel et humain\u00bb, et a plaid\u00e9 pour \u00able respect de la l\u00e9galit\u00e9 internationale afin de faciliter la reprise du dialogue pour parvenir \u00e0 une solution politique \u00e0 la crise\u00bb.\u00a0<\/p>\n<p>Le pr\u00e9sident du Conseil pr\u00e9sidentiel du Gouvernement d&rsquo;union nationale (GNA) libyen, Fayez El-Serraj, avait, de son c\u00f4t\u00e9, r\u00e9it\u00e9r\u00e9 sa pleine confiance dans les efforts que l&rsquo;Alg\u00e9rie d\u00e9ploie en vue d&rsquo;att\u00e9nuer l&rsquo;escalade, \u00aben soutenant la solution politique\u00bb.\u00a0<\/p>\n<p><strong>Large soutien au r\u00e8glement politique<\/strong><\/p>\n<p>Les r\u00e9actions soutenant un r\u00e8glement pacifique de la crise libyenne, loin de toute ing\u00e9rence \u00e9trang\u00e8re, se poursuivent aussi, notamment apr\u00e8s l&rsquo;annonce d&rsquo;un d\u00e9ploiement militaire turc en Libye.\u00a0<\/p>\n<p>Dans ce contexte, l&rsquo;Union europ\u00e9enne (UE) a promis d&rsquo;intensifier ses efforts pour une solution pacifique \u00e0 la crise en Libye.<\/p>\n<p>\u00abL&rsquo;UE soutient pleinement le processus de Berlin et toutes les initiatives de l&rsquo;Onu visant \u00e0 trouver une solution politique globale \u00e0 la crise en Libye\u00bb, a indiqu\u00e9 un communiqu\u00e9 du Conseil europ\u00e9en (repr\u00e9sentant les Etats membres), publi\u00e9 \u00e0 l&rsquo;issue d&rsquo;une r\u00e9union avec le chef du GNA libyen, Fayez al-Serraj, \u00e0 Bruxelles.\u00a0<\/p>\n<p>\u00abNous voulons emp\u00eacher la Libye de devenir le th\u00e9\u00e2tre d&rsquo;une guerre par procuration. Et faire en sorte que la Libye ne devienne pas une seconde Syrie\u00bb, a lanc\u00e9 \u00e9galement le chef de la diplomatie allemande, Heiko Maas, a l&rsquo;issue de la r\u00e9union.<\/p>\n<p>Le pr\u00e9sident du Conseil pr\u00e9sidentiel libyen a une fois de plus, a-t-on soulign\u00e9, r\u00e9it\u00e9r\u00e9 \u00abson soutien total au processus (conf\u00e9rence) de Berlin\u00bb. Selon M. Mass, le responsable libyen a fait savoir en particulier \u00abqu&rsquo;il \u00e9tait pr\u00eat \u00e0 faire avancer ce qui doit y \u00eatre convenu \u2014 \u00e0 la fois un cessez-le-feu et un embargo sur les armes avec les Etats voisins, mais aussi et surtout le processus politique en Libye sous l&rsquo;\u00e9gide de l&rsquo;Onu\u00bb.\u00a0<\/p>\n<p>Mardi, le chef de la diplomatie de l&rsquo;Union europ\u00e9enne (UE), Josep Borrell, avait condamn\u00e9 \u00abl&rsquo;ing\u00e9rence \u00e9trang\u00e8re\u00bb dans la crise libyenne, plaidant auparavant en faveur d&rsquo;une solution politique en Libye.\u00a0<\/p>\n<p>Pr\u00e9occup\u00e9e par la situation en Libye voisine, la Tunisie, a, quant \u00e0 elle, par le biais de son pr\u00e9sident Kais Saied, \u00e9mis l&rsquo;espoir que la crise (libyenne) \u00abne d\u00e9g\u00e9n\u00e8re pas en combats \u00e0 l&rsquo;int\u00e9rieur de la Libye\u00bb, soulignant toutefois que tout indique que \u00abla situation risque de conna\u00eetre des complications, en particulier \u00e0 la lumi\u00e8re de l&rsquo;ing\u00e9rence \u00e9trang\u00e8re\u00bb, avait rapport\u00e9 l&rsquo;agence de presse TAP. Apr\u00e8s avoir rappel\u00e9 les efforts pour r\u00e9soudre le conflit libyen de mani\u00e8re pacifique, le pr\u00e9sident tunisien a \u00e9voqu\u00e9 la possibilit\u00e9 d&rsquo;\u00abun afflux de r\u00e9fugi\u00e9s, que ce soit des fr\u00e8res libyens ou d&rsquo;autres pays dont les citoyens r\u00e9sident en Libye comme cela s&rsquo;est produit en 2011\u00bb.<\/p>\n<p>Le pr\u00e9sident Saied a, \u00e0 cet effet, soulign\u00e9 l&rsquo;importance de coordonner les actions au niveau r\u00e9gional \u00abafin que certains obstacles ne se produisent pas ou qu&rsquo;un certain nombre de probl\u00e8mes qui n&rsquo;ont pas \u00e9t\u00e9 pris en compte n&rsquo;apparaissent pas entre-temps\u00bb.\u00a0<\/p>\n<p><strong>Haftar rejette l\u2019appel au cessez-le-feu d\u2019Ankara et de Moscou<\/strong><\/p>\n<p>Le g\u00e9n\u00e9ral \u00e0 la retraite, Khalifa Haftar, a rejet\u00e9 jeudi soir l&rsquo;appel au cessez-le-feu lanc\u00e9 la veille par Ankara et Moscou, annon\u00e7ant ainsi la poursuite de ses op\u00e9rations militaires contre les forces loyales au Gouvernement d&rsquo;union nationale (GNA), reconnu par l&rsquo;ONU et la communaut\u00e9 internationale.<\/p>\n<p>Dans un communiqu\u00e9 lu par son porte-parole Ahmad al-Mesmari, le g\u00e9n\u00e9ral Haftar a indiqu\u00e9 que \u00abla stabilit\u00e9 ou la relance du processus politique\u00bb en Libye ne pouvaient \u00eatre r\u00e9alis\u00e9es avant l&rsquo;\u00ab\u00e9radication des groupes terroristes\u00bb et \u00abla dissolution et le d\u00e9sarmement des milices qui contr\u00f4lent, selon lui, la capitale libyenne\u00bb.<\/p>\n<p>Le g\u00e9n\u00e9ral Khalifa Haftar m\u00e8ne depuis d\u00e9but avril une offensive contre la capitale libyenne, si\u00e8ge du GNA de Fayez al-Serraj. Le GNA a de son c\u00f4t\u00e9 salu\u00e9 mercredi soir le cessez-le-feu.<\/p>\n<p>Les pr\u00e9sidents turc Recep Tayyip Erdogan et russe Vladimir Poutine ont appel\u00e9 mercredi \u00e0 Istanbul \u00e0 un cessez-le-feu en Libye.\u00a0<\/p>\n<\/div>\n<p>Auteur: elmoudjahid<br \/>\n<a href=\"http:\/\/www.elmoudjahid.com\/fr\/actualites\/146904\">Cliquez ici pour lire l&rsquo;article depuis sa source.<\/a><\/p>\n","protected":false},"excerpt":{"rendered":"<p>Plusieurs pays et organisations internationales ont multipli\u00e9 leurs appels \u00e0 un cessez-le-feu \u00abimm\u00e9diat\u00bb en Libye, et exhort\u00e9 les parties en conflit \u00e0 \u00abrevenir\u00bb \u00e0 la table des n\u00e9gociations pour mettre fin \u00e0 l&rsquo;escalade militaire, r\u00e9affirmant le soutien \u00e0 toutes les initiatives visant \u00e0 trouver une solution politique \u00e0 la crise. \u00c0 la suite des derniers [&hellip;]<\/p>\n","protected":false},"author":1744,"featured_media":0,"comment_status":"closed","ping_status":"closed","sticky":false,"template":"","format":"standard","meta":{"fifu_image_url":"","fifu_image_alt":"","footnotes":""},"categories":[73,53],"tags":[],"class_list":["post-72672","post","type-post","status-publish","format-standard","hentry","category-actualite","category-algerie"],"_links":{"self":[{"href":"https:\/\/linitiative.ca\/International\/wp-json\/wp\/v2\/posts\/72672","targetHints":{"allow":["GET"]}}],"collection":[{"href":"https:\/\/linitiative.ca\/International\/wp-json\/wp\/v2\/posts"}],"about":[{"href":"https:\/\/linitiative.ca\/International\/wp-json\/wp\/v2\/types\/post"}],"author":[{"embeddable":true,"href":"https:\/\/linitiative.ca\/International\/wp-json\/wp\/v2\/users\/1744"}],"replies":[{"embeddable":true,"href":"https:\/\/linitiative.ca\/International\/wp-json\/wp\/v2\/comments?post=72672"}],"version-history":[{"count":0,"href":"https:\/\/linitiative.ca\/International\/wp-json\/wp\/v2\/posts\/72672\/revisions"}],"wp:attachment":[{"href":"https:\/\/linitiative.ca\/International\/wp-json\/wp\/v2\/media?parent=72672"}],"wp:term":[{"taxonomy":"category","embeddable":true,"href":"https:\/\/linitiative.ca\/International\/wp-json\/wp\/v2\/categories?post=72672"},{"taxonomy":"post_tag","embeddable":true,"href":"https:\/\/linitiative.ca\/International\/wp-json\/wp\/v2\/tags?post=72672"}],"curies":[{"name":"wp","href":"https:\/\/api.w.org\/{rel}","templated":true}]}}