{"id":72673,"date":"2020-01-10T15:22:46","date_gmt":"2020-01-10T20:22:46","guid":{"rendered":"https:\/\/linitiative.ca\/International\/reglement-de-la-crise-libyenne-ballet-diplomatique-a-alger\/"},"modified":"2020-01-10T15:22:46","modified_gmt":"2020-01-10T20:22:46","slug":"reglement-de-la-crise-libyenne-ballet-diplomatique-a-alger","status":"publish","type":"post","link":"https:\/\/linitiative.ca\/International\/reglement-de-la-crise-libyenne-ballet-diplomatique-a-alger\/","title":{"rendered":"R\u00e8glement de la crise libyenne :  Ballet diplomatique \u00e0 Alger"},"content":{"rendered":"<p>Le ballet diplomatique centr\u00e9 sur le r\u00e8glement de la crise libyenne s\u2019est poursuivi jeudi dernier \u00e0 Alger avec l\u2019arriv\u00e9e des chefs de la diplomatie \u00e9gyptienne et italienne, Sameh Choukri et Luigi Di Maio.\u00a0<\/p>\n<div readability=\"84\">\n<p>En d\u00e9but d\u2019apr\u00e8s-midi, le pr\u00e9sident de la R\u00e9publique, M. Abdelmadjid Tebboune, a re\u00e7u le ministre \u00e9gyptien porteur d\u2019un message du pr\u00e9sident Abdel Fattah Al Sissi.<\/p>\n<p>Sameh Choukri devrait avoir un t\u00eate-\u00e0-t\u00eate avec son homologue alg\u00e9rien, Sabri Boukadoum, autour des derniers d\u00e9veloppements survenus sur la sc\u00e8ne libyenne.<\/p>\n<p>Peu auparavant, Sabri Boukadoum a eu des discussions avec le ministre italien, Luigi Di Maio.<\/p>\n<p>Sur la crise libyenne, la coordination avec Rome est \u00abtr\u00e8s bonne\u00bb, a d\u00e9clar\u00e9 M. Boukadoum \u00e0 l\u2019issue de ses discussions avec M. Di Maio, tout en insistant sur un retour \u00e0 la table des n\u00e9gociations avec \u00able soutien de la communaut\u00e9 internationale notamment celui des pays de la r\u00e9gion\u00bb.<\/p>\n<p>\u00abTout le monde est d&rsquo;accord pour un cessez-le-feu en Libye\u00bb, a indiqu\u00e9 de son c\u00f4t\u00e9 Luigi Di Maio.<\/p>\n<p>Alger multiplie depuis quelques jours les initiatives diplomatiques pour parvenir \u00e0 un cessez-le-feu en Libye en crise, alors que la bataille pour la prise de la capitale libyenne Tripoli s\u2019intensifie entre les deux camps rivaux, le Gouvernement d\u2019Union nationale (GNA) et les troupes du g\u00e9n\u00e9ral \u00e0 la retraite Khalifa Haftar.<\/p>\n<p>Soucieuse de rester \u00e0 \u00ab\u00e9quidistance\u00bb des deux camps, Alger a rejet\u00e9 toute ing\u00e9rence \u00e9trang\u00e8re en Libye et a exhort\u00e9 toutes \u00ables parties libyennes \u00e0 retourner rapidement \u00e0 la table des n\u00e9gociations\u00bb.<\/p>\n<p>Lundi, en recevant le chef du GNA, Fayez El Serraj, le pr\u00e9sident Abdelmadjid Tebboune a eu \u00e0 r\u00e9it\u00e9rer \u00abl\u2019attachement de l\u2019Alg\u00e9rie \u00e0 pr\u00e9server la r\u00e9gion de toute ing\u00e9rence \u00e9trang\u00e8re\u00bb au moment o\u00f9 la Turquie a d\u00e9cid\u00e9 de d\u00e9ployer des troupes en Libye \u00aben soutien\u00bb au GNA dans la bataille de Tripoli. Au terme de cet entretien, l\u2019Alg\u00e9rie a appel\u00e9 la communaut\u00e9 internationale, en particulier le Conseil de s\u00e9curit\u00e9, \u00e0 \u00abprendre ses responsabilit\u00e9s\u00bb et \u00e0 \u00abimposer un cessez-le-feu\u00bb. L\u2019appel d\u2019Alger a \u00e9t\u00e9 suivi mercredi dernier par la Turquie et la Russie, dont les deux dirigeants, Recep Tayyip Erdogan et Vladimir Poutine, ont appel\u00e9 \u00e0 Istanbul \u00e0 un cessez-le-feu \u00e0 partir de ce dimanche 12 janvier \u00e0 minuit en Libye. Les deux capitales qui tentent d\u2019harmoniser leurs positions antagonistes sur le dossier libyen, insistent toutefois sur l\u2019absence de solution militaire en Libye.<\/p>\n<p>Acc\u00e9l\u00e9rant ses efforts diplomatiques, l\u2019Alg\u00e9rie a re\u00e7u lundi le chef de la diplomatie turque, Mevlut Cavusoglu dans le cadre d\u2019une visite officielle ax\u00e9e essentiellement sur la Libye. Alger et Ankara ont discut\u00e9 des \u00abmoyens \u00e0 mettre en \u0153uvre pour \u00e9viter (&#8230;) une aggravation de la situation\u00bb en Libye.<\/p>\n<p>Avant d&rsquo;\u00eatre re\u00e7u par le pr\u00e9sident de la R\u00e9publique, Abdelmadjid Tebboune, le ministre turc a eu des entretiens avec son homologue alg\u00e9rien, Sabri Boukadoum.<\/p>\n<p>Le rejet de la solution militaire gagne du terrain. En parall\u00e8le au forcing diplomatique d\u2019Alger, l\u2019Union europ\u00e9enne a promis d\u2019intensifier ses efforts pour parvenir \u00e0 une solution pacifique \u00e0 la crise libyenne et emp\u00eacher ce pays de devenir le th\u00e9\u00e2tre d\u2019une guerre par procuration.<\/p>\n<p>De son c\u00f4t\u00e9, le pr\u00e9sident tunisien, Kais Saied, a mis en garde contre les risques d\u2019escalade en \u00abparticulier \u00e0 la lumi\u00e8re d\u2019ing\u00e9rence \u00e9trang\u00e8re\u00bb, relevant l\u2019importance de coordonner les actions sur le plan r\u00e9gional pour aplanir les obstacles au r\u00e8glement de la crise.\u00a0<\/p>\n<\/div>\n<p>Auteur: elmoudjahid<br \/>\n<a href=\"http:\/\/www.elmoudjahid.com\/fr\/actualites\/146905\">Cliquez ici pour lire l&rsquo;article depuis sa source.<\/a><\/p>\n","protected":false},"excerpt":{"rendered":"<p>Le ballet diplomatique centr\u00e9 sur le r\u00e8glement de la crise libyenne s\u2019est poursuivi jeudi dernier \u00e0 Alger avec l\u2019arriv\u00e9e des chefs de la diplomatie \u00e9gyptienne et italienne, Sameh Choukri et Luigi Di Maio.\u00a0 En d\u00e9but d\u2019apr\u00e8s-midi, le pr\u00e9sident de la R\u00e9publique, M. Abdelmadjid Tebboune, a re\u00e7u le ministre \u00e9gyptien porteur d\u2019un message du pr\u00e9sident Abdel [&hellip;]<\/p>\n","protected":false},"author":1744,"featured_media":0,"comment_status":"closed","ping_status":"closed","sticky":false,"template":"","format":"standard","meta":{"fifu_image_url":"","fifu_image_alt":"","footnotes":""},"categories":[73,53],"tags":[],"class_list":["post-72673","post","type-post","status-publish","format-standard","hentry","category-actualite","category-algerie"],"_links":{"self":[{"href":"https:\/\/linitiative.ca\/International\/wp-json\/wp\/v2\/posts\/72673","targetHints":{"allow":["GET"]}}],"collection":[{"href":"https:\/\/linitiative.ca\/International\/wp-json\/wp\/v2\/posts"}],"about":[{"href":"https:\/\/linitiative.ca\/International\/wp-json\/wp\/v2\/types\/post"}],"author":[{"embeddable":true,"href":"https:\/\/linitiative.ca\/International\/wp-json\/wp\/v2\/users\/1744"}],"replies":[{"embeddable":true,"href":"https:\/\/linitiative.ca\/International\/wp-json\/wp\/v2\/comments?post=72673"}],"version-history":[{"count":0,"href":"https:\/\/linitiative.ca\/International\/wp-json\/wp\/v2\/posts\/72673\/revisions"}],"wp:attachment":[{"href":"https:\/\/linitiative.ca\/International\/wp-json\/wp\/v2\/media?parent=72673"}],"wp:term":[{"taxonomy":"category","embeddable":true,"href":"https:\/\/linitiative.ca\/International\/wp-json\/wp\/v2\/categories?post=72673"},{"taxonomy":"post_tag","embeddable":true,"href":"https:\/\/linitiative.ca\/International\/wp-json\/wp\/v2\/tags?post=72673"}],"curies":[{"name":"wp","href":"https:\/\/api.w.org\/{rel}","templated":true}]}}