{"id":72680,"date":"2020-01-10T10:11:00","date_gmt":"2020-01-10T15:11:00","guid":{"rendered":"https:\/\/linitiative.ca\/International\/le-correspondant-de-tv5-monde-interpelle\/"},"modified":"2020-01-10T10:11:00","modified_gmt":"2020-01-10T15:11:00","slug":"le-correspondant-de-tv5-monde-interpelle","status":"publish","type":"post","link":"https:\/\/linitiative.ca\/International\/le-correspondant-de-tv5-monde-interpelle\/","title":{"rendered":"Le correspondant de TV5 Monde interpell\u00e9"},"content":{"rendered":"<p><br id=\"sep_para_1\" class=\"sep_para access\"\/><\/p>\n<div id=\"para_1\" class=\"para_34918799 resize\">\n<div class=\"texte access firstletter\">Le correspondant de la chaine de t\u00e9l\u00e9vision fran\u00e7aise \u2018\u2019TV5 Monde\u2019\u2019 Khaled Drareni, a \u00e9t\u00e9 interpell\u00e9 jeudi 9 janvier \u00e0 15h22, par des agents en civil. Il n\u2019a \u00e9t\u00e9 rel\u00e2ch\u00e9 qu\u2019\u00e0 23h00 et apr\u00e8s des heures d\u2019interrogatoire. \u00ab Ce jeudi 9 janvier 2020 \u00e0 15h22, deux officiers se sont pr\u00e9sent\u00e9s chez moi \u00e0 la rue Didouche Mourad et m\u2019ont emmen\u00e9 (de mon plein gr\u00e9) \u00e0 un lieu situ\u00e9 \u00e0 Hydra, j\u2019y suis rest\u00e9 jusqu\u2019\u00e0 23h00 \u00bb, a indiqu\u00e9 le correspondant de TV5 Monde dans une publication post\u00e9e sur son mur Facebook. \u00ab Tout ce que je peux dire c\u2019est qu\u2019on m\u2019a dit que c\u2019\u00e9tait le \u00ab dernier avertissement \u00bb et on m\u2019a demand\u00e9 de ne plus faire de \u00ab tweets subversifs \u00bb et de ne plus \u00ab induire en erreur l\u2019opinion publique \u00bb sous peine de poursuites judiciaires \u00bb, explique-t-il. Propri\u00e9taire du site d\u2019information Casbah Tribune, Khaled Drareni affirme avoir sign\u00e9 \u00e0 la fin un proc\u00e8s verbal qui a sanctionn\u00e9 son interrogatoire. \u00ab La seule v\u00e9ritable violence que j\u2019ai subie est qu\u2019on remette en cause mon patriotisme, alors que nous \u00e9tions \u00e0 une centaine de m\u00e8tres de la rue Mohamed Drareni (mon oncle paternel) \u00bb, conclut-il. Membre de l\u2019ONG, Reporters sans fronti\u00e8res (RSF), Drareni \u00e9tait \u00e0 32 ans, la star de Dza\u00efr TV avant de rejoindre Echorouk TV qu\u2019il quitta apr\u00e8s que son d\u00e9funt DG a d\u00e9cid\u00e9 de soutenir le 5\u00e8me mandat de Bouteflika. Apr\u00e8s huit ans de journalisme, dont quatre dans la presse \u00e9crite, deux en radio et les deux derniers en t\u00e9l\u00e9vision, Khaled Drareni est embauch\u00e9 par Dzair TV en octobre 2012. \u00ab\u00a0Ma mission \u00e9tait de cr\u00e9er et de diriger le service fran\u00e7ais en toute libert\u00e9\u00a0\u00bb, explique-t-il.\u00a0 Le jeune homme arrive \u00e0 point nomm\u00e9. L&rsquo;ann\u00e9e 2014 est celle de la pr\u00e9sidentielle que l&rsquo;on dit acquise \u00e0 Abdelaziz Bouteflika. Alors que l&rsquo;on pr\u00e9dit une campagne ennuyeuse et sans int\u00e9r\u00eat, la donne change radicalement en janvier avec la r\u00e9v\u00e9lation de dissensions au sommet de l&rsquo;\u00c9tat sur le sort r\u00e9serv\u00e9 au pr\u00e9sident sortant, gravement malade. Lanc\u00e9e en juin 2013, Controverse, l&rsquo;\u00e9mission-phare de la cha\u00eene, prend son envol. Le plus grand succ\u00e8s de Controverse r\u00e9side dans son ton, enti\u00e8rement libre, qui donne l&rsquo;occasion de vivre des moments d&rsquo;anthologie. Comme lorsque Khaled Drareni demande au directeur de campagne de Bouteflika, l&rsquo;ex-Premier ministre Abdelmalek Sellal, s&rsquo;il n&rsquo;en fait pas trop lorsqu&rsquo;il qualifie le pr\u00e9sident sortant de \u00ab\u00a0don de Dieu\u00a0\u00bb. Furieux, celui-ci quitte le plateau avec fracas. \u00ab\u00a0Au d\u00e9part, les gens venaient difficilement, reconna\u00eet le journaliste. Aujourd&rsquo;hui, ils appellent d&rsquo;eux-m\u00eames pour \u00eatre invit\u00e9s.\u00a0\u00bb<\/div>\n<\/div>\n<p>Auteur: R\u00e9flexion<br \/>\n<a href=\"https:\/\/www.reflexiondz.net\/Le-correspondant-de-TV5-Monde-interpelle_a59925.html\">Cliquez ici pour lire l&rsquo;article depuis sa source.<\/a><\/p>\n","protected":false},"excerpt":{"rendered":"<p>Le correspondant de la chaine de t\u00e9l\u00e9vision fran\u00e7aise \u2018\u2019TV5 Monde\u2019\u2019 Khaled Drareni, a \u00e9t\u00e9 interpell\u00e9 jeudi 9 janvier \u00e0 15h22, par des agents en civil. Il n\u2019a \u00e9t\u00e9 rel\u00e2ch\u00e9 qu\u2019\u00e0 23h00 et apr\u00e8s des heures d\u2019interrogatoire. \u00ab Ce jeudi 9 janvier 2020 \u00e0 15h22, deux officiers se sont pr\u00e9sent\u00e9s chez moi \u00e0 la rue Didouche [&hellip;]<\/p>\n","protected":false},"author":1740,"featured_media":0,"comment_status":"closed","ping_status":"closed","sticky":false,"template":"","format":"standard","meta":{"fifu_image_url":"","fifu_image_alt":"","footnotes":""},"categories":[53,76],"tags":[],"class_list":["post-72680","post","type-post","status-publish","format-standard","hentry","category-algerie","category-regions"],"_links":{"self":[{"href":"https:\/\/linitiative.ca\/International\/wp-json\/wp\/v2\/posts\/72680","targetHints":{"allow":["GET"]}}],"collection":[{"href":"https:\/\/linitiative.ca\/International\/wp-json\/wp\/v2\/posts"}],"about":[{"href":"https:\/\/linitiative.ca\/International\/wp-json\/wp\/v2\/types\/post"}],"author":[{"embeddable":true,"href":"https:\/\/linitiative.ca\/International\/wp-json\/wp\/v2\/users\/1740"}],"replies":[{"embeddable":true,"href":"https:\/\/linitiative.ca\/International\/wp-json\/wp\/v2\/comments?post=72680"}],"version-history":[{"count":0,"href":"https:\/\/linitiative.ca\/International\/wp-json\/wp\/v2\/posts\/72680\/revisions"}],"wp:attachment":[{"href":"https:\/\/linitiative.ca\/International\/wp-json\/wp\/v2\/media?parent=72680"}],"wp:term":[{"taxonomy":"category","embeddable":true,"href":"https:\/\/linitiative.ca\/International\/wp-json\/wp\/v2\/categories?post=72680"},{"taxonomy":"post_tag","embeddable":true,"href":"https:\/\/linitiative.ca\/International\/wp-json\/wp\/v2\/tags?post=72680"}],"curies":[{"name":"wp","href":"https:\/\/api.w.org\/{rel}","templated":true}]}}