{"id":72681,"date":"2020-01-10T10:11:00","date_gmt":"2020-01-10T15:11:00","guid":{"rendered":"https:\/\/linitiative.ca\/International\/consultations-politiques-le-president-tebboune-recoit-abdelaziz-rahabi\/"},"modified":"2020-01-10T10:11:00","modified_gmt":"2020-01-10T15:11:00","slug":"consultations-politiques-le-president-tebboune-recoit-abdelaziz-rahabi","status":"publish","type":"post","link":"https:\/\/linitiative.ca\/International\/consultations-politiques-le-president-tebboune-recoit-abdelaziz-rahabi\/","title":{"rendered":"CONSULTATIONS POLITIQUES : Le Pr\u00e9sident Tebboune re\u00e7oit Abdelaziz Rahabi"},"content":{"rendered":"<p><br id=\"sep_para_1\" class=\"sep_para access\"\/><\/p>\n<div id=\"para_1\" class=\"para_34918794 resize\">\n<div class=\"photo shadow left\"><a href=\"javascript:void(0)\" rel=\"https:\/\/www.reflexiondz.net\/photo\/art\/grande\/41606706-34918794.jpg?v=1578678415&#038;ibox\" title=\"CONSULTATIONS POLITIQUES : Le Pr\u00e9sident Tebboune re\u00e7oit Abdelaziz Rahabi\"><img decoding=\"async\" class=\"responsive c9\" src=\"https:\/\/www.reflexiondz.net\/photo\/art\/grande\/41606706-34918794.jpg?v=1578678415\" alt=\"CONSULTATIONS POLITIQUES : Le Pr\u00e9sident Tebboune re\u00e7oit Abdelaziz Rahabi\" title=\"CONSULTATIONS POLITIQUES : Le Pr\u00e9sident Tebboune re\u00e7oit Abdelaziz Rahabi\"\/><img decoding=\"async\" class=\"not-responsive\" src=\"https:\/\/www.reflexiondz.net\/photo\/art\/default\/41606706-34918794.jpg?v=1578678416\" alt=\"CONSULTATIONS POLITIQUES : Le Pr\u00e9sident Tebboune re\u00e7oit Abdelaziz Rahabi\" title=\"CONSULTATIONS POLITIQUES : Le Pr\u00e9sident Tebboune re\u00e7oit Abdelaziz Rahabi\"\/><\/a><\/div>\n<div class=\"texte access firstletter\">Le Pr\u00e9sident de la R\u00e9publique, Abdelmadjid Tebboune a re\u00e7u, jeudi, l&rsquo;ancien ministre et homme politique, Abdelaziz Rahabi, a indiqu\u00e9 un communiqu\u00e9 de la Pr\u00e9sidence. \u00ab\u00a0Cette rencontre, qui sera suivie d&rsquo;autres rencontres avec des personnalit\u00e9s nationales, pr\u00e9sidents de partis et repr\u00e9sentants de la soci\u00e9t\u00e9 civile, s&rsquo;inscrit dans le cadre des consultations tenues par le Pr\u00e9sident de la R\u00e9publique sur la situation globale du pays et la r\u00e9vision de la Constitution afin de l&rsquo;adapter aux exigences de l&rsquo;\u00e9dification d&rsquo;une R\u00e9publique nouvelle, prenant en consid\u00e9ration les revendications populaires urgentes\u00a0\u00bb, a not\u00e9 le communiqu\u00e9. Le Pr\u00e9sident de la R\u00e9publique a \u00ab\u00a0expliqu\u00e9 les d\u00e9marches politiques en cours et \u00e0 venir pour instaurer la confiance devant renforcer la communication et le dialogue dans l&rsquo;objectif de construire un front interne solide et coh\u00e9rent permettant la mobilisation des \u00e9nergies et des comp\u00e9tences nationales, et de rattraper le temps perdu en vue d&rsquo;\u00e9difier un Etat d&rsquo;institutions qui consacre la d\u00e9mocratie et \u00e9vite au pays toute d\u00e9rive autocratique, un Etat dans lequel les citoyens jouiront de la s\u00e9curit\u00e9, de la\u00a0 stabilit\u00e9 et des libert\u00e9s\u00a0\u00bb, a ajout\u00e9 le communiqu\u00e9. Le Pr\u00e9sident de la R\u00e9publique \u00ab\u00a0a \u00e9cout\u00e9 les observations et suggestions de M. Rahabi concernant les d\u00e9marches lanc\u00e9es juste apr\u00e8s le 12 d\u00e9cembre\u00a0\u00bb, a conclu le communiqu\u00e9.<\/div>\n<\/div>\n<p>Auteur: Nadine<br \/>\n<a href=\"https:\/\/www.reflexiondz.net\/CONSULTATIONS-POLITIQUES-Le-President-Tebboune-recoit-Abdelaziz-Rahabi_a59924.html\">Cliquez ici pour lire l&rsquo;article depuis sa source.<\/a><\/p>\n","protected":false},"excerpt":{"rendered":"<p>Le Pr\u00e9sident de la R\u00e9publique, Abdelmadjid Tebboune a re\u00e7u, jeudi, l&rsquo;ancien ministre et homme politique, Abdelaziz Rahabi, a indiqu\u00e9 un communiqu\u00e9 de la Pr\u00e9sidence. \u00ab\u00a0Cette rencontre, qui sera suivie d&rsquo;autres rencontres avec des personnalit\u00e9s nationales, pr\u00e9sidents de partis et repr\u00e9sentants de la soci\u00e9t\u00e9 civile, s&rsquo;inscrit dans le cadre des consultations tenues par le Pr\u00e9sident de [&hellip;]<\/p>\n","protected":false},"author":1740,"featured_media":0,"comment_status":"closed","ping_status":"closed","sticky":false,"template":"","format":"standard","meta":{"fifu_image_url":"","fifu_image_alt":"","footnotes":""},"categories":[53,76],"tags":[],"class_list":["post-72681","post","type-post","status-publish","format-standard","hentry","category-algerie","category-regions"],"_links":{"self":[{"href":"https:\/\/linitiative.ca\/International\/wp-json\/wp\/v2\/posts\/72681","targetHints":{"allow":["GET"]}}],"collection":[{"href":"https:\/\/linitiative.ca\/International\/wp-json\/wp\/v2\/posts"}],"about":[{"href":"https:\/\/linitiative.ca\/International\/wp-json\/wp\/v2\/types\/post"}],"author":[{"embeddable":true,"href":"https:\/\/linitiative.ca\/International\/wp-json\/wp\/v2\/users\/1740"}],"replies":[{"embeddable":true,"href":"https:\/\/linitiative.ca\/International\/wp-json\/wp\/v2\/comments?post=72681"}],"version-history":[{"count":0,"href":"https:\/\/linitiative.ca\/International\/wp-json\/wp\/v2\/posts\/72681\/revisions"}],"wp:attachment":[{"href":"https:\/\/linitiative.ca\/International\/wp-json\/wp\/v2\/media?parent=72681"}],"wp:term":[{"taxonomy":"category","embeddable":true,"href":"https:\/\/linitiative.ca\/International\/wp-json\/wp\/v2\/categories?post=72681"},{"taxonomy":"post_tag","embeddable":true,"href":"https:\/\/linitiative.ca\/International\/wp-json\/wp\/v2\/tags?post=72681"}],"curies":[{"name":"wp","href":"https:\/\/api.w.org\/{rel}","templated":true}]}}