{"id":72683,"date":"2020-01-10T10:11:00","date_gmt":"2020-01-10T15:11:00","guid":{"rendered":"https:\/\/linitiative.ca\/International\/anep-assia-baz-installee-directrice-generale-par-interim\/"},"modified":"2020-01-10T10:11:00","modified_gmt":"2020-01-10T15:11:00","slug":"anep-assia-baz-installee-directrice-generale-par-interim","status":"publish","type":"post","link":"https:\/\/linitiative.ca\/International\/anep-assia-baz-installee-directrice-generale-par-interim\/","title":{"rendered":"ANEP : Assia Baz install\u00e9e Directrice g\u00e9n\u00e9rale par int\u00e9rim"},"content":{"rendered":"<p><br id=\"sep_para_1\" class=\"sep_para access\"\/><\/p>\n<div id=\"para_1\" class=\"para_34918789 resize\">\n<div class=\"photo shadow left\"><a href=\"javascript:void(0)\" rel=\"https:\/\/www.reflexiondz.net\/photo\/art\/grande\/41606702-34918789.jpg?v=1578678420&#038;ibox\" title=\"ANEP : Assia Baz install\u00e9e Directrice g\u00e9n\u00e9rale par int\u00e9rim\"><img decoding=\"async\" class=\"responsive c9\" src=\"https:\/\/www.reflexiondz.net\/photo\/art\/grande\/41606702-34918789.jpg?v=1578678420\" alt=\"ANEP : Assia Baz install\u00e9e Directrice g\u00e9n\u00e9rale par int\u00e9rim\" title=\"ANEP : Assia Baz install\u00e9e Directrice g\u00e9n\u00e9rale par int\u00e9rim\"\/><img decoding=\"async\" class=\"not-responsive\" src=\"https:\/\/www.reflexiondz.net\/photo\/art\/default\/41606702-34918789.jpg?v=1578678421\" alt=\"ANEP : Assia Baz install\u00e9e Directrice g\u00e9n\u00e9rale par int\u00e9rim\" title=\"ANEP : Assia Baz install\u00e9e Directrice g\u00e9n\u00e9rale par int\u00e9rim\"\/><\/a><\/div>\n<div class=\"texte access firstletter\">Assia Baz a pris jeudi ses nouvelles fonctions de Directrice g\u00e9n\u00e9rale par int\u00e9rim de l&rsquo;Agence nationale d&rsquo;\u00e9dition et de publicit\u00e9 (ANEP) en remplacement de Mounir Hema\u00efdia. La c\u00e9r\u00e9monie de passation de pouvoir a \u00e9t\u00e9 pr\u00e9sid\u00e9e par la Secr\u00e9taire g\u00e9n\u00e9rale du minist\u00e8re de la Communication, Fatma Zohra Taieb Ezzraimi qui a appel\u00e9, \u00e0 cette occasion, l&rsquo;ensemble des fonctionnaires et des responsables \u00e0 poursuivre le travail, soulignant que l&rsquo;ANEP assumait une \u00ab\u00a0lourde mission\u00a0\u00bb d&rsquo;o\u00f9 l&rsquo;imp\u00e9ratif de relever les d\u00e9fis auxquels elle fait face. Mme Baz qui occupait le poste de directrice des \u00e9ditions \u00e0 l&rsquo;ANEP, a remerci\u00e9, pour sa part, le ministre de la Communication et \u00e0 travers lui le Pr\u00e9sident Tebboune pour la confiance plac\u00e9e en sa personne, se disant consciente des d\u00e9fis majeurs et la mission d\u00e9licate qui l&rsquo;attendent. Dans ce contexte, Mme Baz a d\u00e9clar\u00e9 qu&rsquo;elle sera aid\u00e9e par les travailleurs, fonctionnaires et cadres de l&rsquo;entreprise pour relever le d\u00e9fi, affirmant que le d\u00e9veloppement de l&rsquo;entreprise \u00ab\u00a0passe incontestablement par la ressource humaine, \u00e0 travers l&rsquo;implication des travailleurs, du syndicat et des partenaires sociaux\u00a0\u00bb. Soulignant que la r\u00e9ussite de l&rsquo;entreprise est \u00ab\u00a0la r\u00e9ussite de tous\u00a0\u00bb, la nouvelle DG par int\u00e9rim a appel\u00e9 tout un chacun \u00e0 comprendre la situation de l&rsquo;entreprise et \u00e0 travailler ensemble en cette \u00e9tape, notamment pour pr\u00e9server les postes d&#8217;emploi. De son c\u00f4t\u00e9, M. Hema\u00efdia a souhait\u00e9 plein succ\u00e8s \u00e0 son successeur, appelant \u00e0 conjuguer les efforts pour assurer le d\u00e9veloppement de l&rsquo;entreprise.<\/div>\n<\/div>\n<p>Auteur: Nadine<br \/>\n<a href=\"https:\/\/www.reflexiondz.net\/ANEP-Assia-Baz-installee-Directrice-generale-par-interim_a59922.html\">Cliquez ici pour lire l&rsquo;article depuis sa source.<\/a><\/p>\n","protected":false},"excerpt":{"rendered":"<p>Assia Baz a pris jeudi ses nouvelles fonctions de Directrice g\u00e9n\u00e9rale par int\u00e9rim de l&rsquo;Agence nationale d&rsquo;\u00e9dition et de publicit\u00e9 (ANEP) en remplacement de Mounir Hema\u00efdia. La c\u00e9r\u00e9monie de passation de pouvoir a \u00e9t\u00e9 pr\u00e9sid\u00e9e par la Secr\u00e9taire g\u00e9n\u00e9rale du minist\u00e8re de la Communication, Fatma Zohra Taieb Ezzraimi qui a appel\u00e9, \u00e0 cette occasion, l&rsquo;ensemble [&hellip;]<\/p>\n","protected":false},"author":1740,"featured_media":0,"comment_status":"closed","ping_status":"closed","sticky":false,"template":"","format":"standard","meta":{"fifu_image_url":"","fifu_image_alt":"","footnotes":""},"categories":[53,76],"tags":[],"class_list":["post-72683","post","type-post","status-publish","format-standard","hentry","category-algerie","category-regions"],"_links":{"self":[{"href":"https:\/\/linitiative.ca\/International\/wp-json\/wp\/v2\/posts\/72683","targetHints":{"allow":["GET"]}}],"collection":[{"href":"https:\/\/linitiative.ca\/International\/wp-json\/wp\/v2\/posts"}],"about":[{"href":"https:\/\/linitiative.ca\/International\/wp-json\/wp\/v2\/types\/post"}],"author":[{"embeddable":true,"href":"https:\/\/linitiative.ca\/International\/wp-json\/wp\/v2\/users\/1740"}],"replies":[{"embeddable":true,"href":"https:\/\/linitiative.ca\/International\/wp-json\/wp\/v2\/comments?post=72683"}],"version-history":[{"count":0,"href":"https:\/\/linitiative.ca\/International\/wp-json\/wp\/v2\/posts\/72683\/revisions"}],"wp:attachment":[{"href":"https:\/\/linitiative.ca\/International\/wp-json\/wp\/v2\/media?parent=72683"}],"wp:term":[{"taxonomy":"category","embeddable":true,"href":"https:\/\/linitiative.ca\/International\/wp-json\/wp\/v2\/categories?post=72683"},{"taxonomy":"post_tag","embeddable":true,"href":"https:\/\/linitiative.ca\/International\/wp-json\/wp\/v2\/tags?post=72683"}],"curies":[{"name":"wp","href":"https:\/\/api.w.org\/{rel}","templated":true}]}}