{"id":72684,"date":"2020-01-10T11:18:00","date_gmt":"2020-01-10T16:18:00","guid":{"rendered":"https:\/\/linitiative.ca\/International\/lutte-antiterroriste-2-terroristes-abattus-a-jijel\/"},"modified":"2020-01-10T11:18:00","modified_gmt":"2020-01-10T16:18:00","slug":"lutte-antiterroriste-2-terroristes-abattus-a-jijel","status":"publish","type":"post","link":"https:\/\/linitiative.ca\/International\/lutte-antiterroriste-2-terroristes-abattus-a-jijel\/","title":{"rendered":"LUTTE ANTITERRORISTE : 2 terroristes abattus \u00e0 Jijel"},"content":{"rendered":"<p><br id=\"sep_para_1\" class=\"sep_para access\"\/><\/p>\n<div id=\"para_1\" class=\"para_34919623 resize\">\n<div class=\"photo shadow left\"><a href=\"javascript:void(0)\" rel=\"https:\/\/www.reflexiondz.net\/photo\/art\/grande\/41608763-34919623.jpg?v=1578678398&#038;ibox\" title=\"LUTTE ANTITERRORISTE : 2 terroristes abattus \u00e0 Jijel\"><img decoding=\"async\" class=\"responsive c9\" src=\"https:\/\/www.reflexiondz.net\/photo\/art\/grande\/41608763-34919623.jpg?v=1578678398\" alt=\"LUTTE ANTITERRORISTE : 2 terroristes abattus \u00e0 Jijel\" title=\"LUTTE ANTITERRORISTE : 2 terroristes abattus \u00e0 Jijel\"\/><img decoding=\"async\" class=\"not-responsive\" src=\"https:\/\/www.reflexiondz.net\/photo\/art\/default\/41608763-34919623.jpg?v=1578678400\" alt=\"LUTTE ANTITERRORISTE : 2 terroristes abattus \u00e0 Jijel\" title=\"LUTTE ANTITERRORISTE : 2 terroristes abattus \u00e0 Jijel\"\/><\/a><\/div>\n<div class=\"texte access firstletter\">Dans le cadre de la lutte antiterroriste et gr\u00e2ce \u00e0 l&rsquo;exploitation de renseignements, un d\u00e9tachement de l&rsquo;Arm\u00e9e Nationale Populaire a abattu, ce vendredi, apr\u00e8s-midi du 10 janvier 2020, lors d&rsquo;une embuscade dans la localit\u00e9 de Mechatte commune de M\u00e9lia, wilaya de Jijel\/ 5\u00b0RM, deux (02) dangereux terroristes. Il s&rsquo;agit du terroriste \u00ab Ouga Mahieddine \u00bb d\u00e9nomm\u00e9 \u00ab Abou Oubeida \u00bb qui a ralli\u00e9 les groupes terroristes en 1993 et le terroriste \u00abLaaouar Chawki \u00bb d\u00e9nomm\u00e9 \u00abIbrahim Abou Mouslim \u00bb qui a ralli\u00e9 les groupes terroristes en 1995. Cette op\u00e9ration qualitative a permis la r\u00e9cup\u00e9ration de deux (02) pistolets mitrailleurs de type Kalachnikov, trois (03) chargeurs garnis, deux (02) jumelles de nuit et d&rsquo;autres objets. Cette op\u00e9ration vient de renforcer la dynamique de r\u00e9sultats positifs r\u00e9alis\u00e9s par les unit\u00e9s de l&rsquo;Arm\u00e9e Nationale Populaire, et d\u00e9note leurs permanentes veille et disponibilit\u00e9, \u00e0 travers le pays, pour faire face \u00e0 toute tentative visant \u00e0 porter atteinte \u00e0 sa s\u00e9curit\u00e9 et sa stabilit\u00e9, indique un communiqu\u00e9 du minist\u00e8re de la d\u00e9fense nationale (MDN).<\/div>\n<\/div>\n<p>Auteur: Riad<br \/>\n<a href=\"https:\/\/www.reflexiondz.net\/LUTTE-ANTITERRORISTE-2-terroristes-abattus-a-Jijel_a59928.html\">Cliquez ici pour lire l&rsquo;article depuis sa source.<\/a><\/p>\n","protected":false},"excerpt":{"rendered":"<p>Dans le cadre de la lutte antiterroriste et gr\u00e2ce \u00e0 l&rsquo;exploitation de renseignements, un d\u00e9tachement de l&rsquo;Arm\u00e9e Nationale Populaire a abattu, ce vendredi, apr\u00e8s-midi du 10 janvier 2020, lors d&rsquo;une embuscade dans la localit\u00e9 de Mechatte commune de M\u00e9lia, wilaya de Jijel\/ 5\u00b0RM, deux (02) dangereux terroristes. Il s&rsquo;agit du terroriste \u00ab Ouga Mahieddine \u00bb [&hellip;]<\/p>\n","protected":false},"author":1740,"featured_media":0,"comment_status":"closed","ping_status":"closed","sticky":false,"template":"","format":"standard","meta":{"fifu_image_url":"","fifu_image_alt":"","footnotes":""},"categories":[53,76],"tags":[],"class_list":["post-72684","post","type-post","status-publish","format-standard","hentry","category-algerie","category-regions"],"_links":{"self":[{"href":"https:\/\/linitiative.ca\/International\/wp-json\/wp\/v2\/posts\/72684","targetHints":{"allow":["GET"]}}],"collection":[{"href":"https:\/\/linitiative.ca\/International\/wp-json\/wp\/v2\/posts"}],"about":[{"href":"https:\/\/linitiative.ca\/International\/wp-json\/wp\/v2\/types\/post"}],"author":[{"embeddable":true,"href":"https:\/\/linitiative.ca\/International\/wp-json\/wp\/v2\/users\/1740"}],"replies":[{"embeddable":true,"href":"https:\/\/linitiative.ca\/International\/wp-json\/wp\/v2\/comments?post=72684"}],"version-history":[{"count":0,"href":"https:\/\/linitiative.ca\/International\/wp-json\/wp\/v2\/posts\/72684\/revisions"}],"wp:attachment":[{"href":"https:\/\/linitiative.ca\/International\/wp-json\/wp\/v2\/media?parent=72684"}],"wp:term":[{"taxonomy":"category","embeddable":true,"href":"https:\/\/linitiative.ca\/International\/wp-json\/wp\/v2\/categories?post=72684"},{"taxonomy":"post_tag","embeddable":true,"href":"https:\/\/linitiative.ca\/International\/wp-json\/wp\/v2\/tags?post=72684"}],"curies":[{"name":"wp","href":"https:\/\/api.w.org\/{rel}","templated":true}]}}