{"id":72685,"date":"2020-01-10T07:13:00","date_gmt":"2020-01-10T12:13:00","guid":{"rendered":"https:\/\/linitiative.ca\/International\/habib-jemli-sollicite-laval-du-parlement-pour-un-gouvernement-de-devoir-et-daction-quelles-chances-reelles-album-photos-et-video\/"},"modified":"2020-01-10T07:13:00","modified_gmt":"2020-01-10T12:13:00","slug":"habib-jemli-sollicite-laval-du-parlement-pour-un-gouvernement-de-devoir-et-daction-quelles-chances-reelles-album-photos-et-video","status":"publish","type":"post","link":"https:\/\/linitiative.ca\/International\/habib-jemli-sollicite-laval-du-parlement-pour-un-gouvernement-de-devoir-et-daction-quelles-chances-reelles-album-photos-et-video\/","title":{"rendered":"Habib Jemli sollicite l\u2019aval du Parlement pour un gouvernement de devoir et d\u2019action: quelles chances r\u00e9elles  (Album Photos et Vid\u00e9o)"},"content":{"rendered":"<p>Comment conqu\u00e9rir la confiance des \u00e9lus de la nation en faveur du gouvernement candidat sans verser dans le populisme et la surench\u00e8re des fausses promesses? Devant les 188 \u00e9lus de la nation, pr\u00e9sents ce vendredi 10 janvier sur les bancs de l\u2019ARP sous la coupole du Bardo, Habib Jemli devait s\u2019y exercer, dans un climat des plus tourment\u00e9s, sans la moindre garantie de r\u00e9ussite. L\u2019\u00e9preuve est d\u2019autant plus redoutable qu\u2019il devait affronter un tsunami de contestation, \u00e9manant de toutes part, y compris du parti qui l\u2019a parrain\u00e9, Ennahdha. Aussi, et sur un plan \u00abtechnique\u00bb, il appartenait \u00e0 Jemli de couvrir en moins d\u2019une heure, toutes les questions, toutes les r\u00e9gions, et toutes les cat\u00e9gories, mais aussi, les relations internationales. Tous l\u2019attendaient s\u2019y prononcer, certains le guettant au tournant.<\/p>\n<p>Peu apr\u00e8s 10 heures, lorsqu\u2019il montera au perchoir, Habib Jemli, costume noir, cravate rouge sur une chemise blanche et l\u2019\u00e9cusson tunisien sur le revers de la veste, montera au perchoir, il arrivait mal \u00e0 cacher tout le poids qui lui pause sur les \u00e9paules, pour gagner la majorit\u00e9 indispensable d\u2019aval. Pr\u00e8s de 45 minutes apr\u00e8s, en concluant ses propos, son discours est accueilli par des applaudissements nourris. L\u2019applaudim\u00e8tre continuera \u00e0 fonctionner, \u00e0 la pr\u00e9sentation de chaque membre du gouvernement propos\u00e9. Simple courtoisie r\u00e9publicaine ou un premier signal favorable? Rien ne permet de trancher, tant la d\u00e9cision finale des d\u00e9put\u00e9s demeure compl\u00e8tement impr\u00e9vue, malgr\u00e9 les assurances des uns et la d\u00e9fiance des autres.<\/p>\n<h2>La quadrature du cercle<\/h2>\n<p>Tour-\u00e0-tour, rationnel, passionn\u00e9, d\u00e9termin\u00e9, enthousiaste, le ton serein, haussant la voix, Habib Jemli devait d\u00e9livrer son discours-programme, \u00e9grener son plan d\u2019action, jouant d\u2019un seul coup, toute sa carri\u00e8re politique future. \u00abLa Tunisie interpelle aujourd\u2019hui \u00e0 votre conscience, dira-t-il. Une Tunisie en souffrance, inqui\u00e8te pour son quotidien et son lendemain, \u00e9rod\u00e9e dans son pouvoir d\u2019achat, menac\u00e9e de pr\u00e9carit\u00e9 et par l\u2019\u00e9largissement plus grave de la zone de pauvret\u00e9, sujette \u00e0 des convulsions sociales successives, priv\u00e9e d\u2019emplois suffisants et de revenus convenables, confront\u00e9e \u00e0 la d\u00e9gradation des services publics de sant\u00e9, transport et \u00e9ducation\u2026\u00a0\u00bb.<\/p>\n<p class=\"c2\"><iframe loading=\"lazy\" src=\"https:\/\/www.youtube.com\/embed\/wTaf3JJdwtk\" allow=\"accelerometer; autoplay; encrypted-media; gyroscope; picture-in-picture\" allowfullscreen=\"\" width=\"560\" height=\"315\" frameborder=\"0\">[embedded content]<\/iframe><\/p>\n<p>\u00abCe gouvernement, ajoutera-t-il, \u00e0 titre prudentiel, pourrait ne pas satisfaire certains, mais je l\u2019ai form\u00e9 en mon \u00e2me et conscience, et nous sommes tous r\u00e9solus \u00e0 r\u00e9pondre aux aspirations des Tunisiens, au plus vite.\u00a0Je n\u2019h\u00e9siterai pas \u00e0 y apporter les ajustements appropri\u00e9s, et dument justifi\u00e9s, d\u00e8s que n\u00e9cessaire.\u00bb<\/p>\n<p>Charpent\u00e9 entre consid\u00e9rations politiques, mesures \u00e9conomiques et sociales et positions diplomatiques, avec une pointe d\u2019\u00e9vocation des origines personnelles du chef du gouvernement candidat et son parcours professionnel, le discours de Habib Jemli, semble avoir \u00e9t\u00e9 con\u00e7u pour convaincre. Son concept fondateur: \u00abun gouvernement de devoir et d\u2019action pour un Etat de confiance et de solidarit\u00e9. Devoir \u00e0 l\u2019\u00e9gard de la nation, des r\u00e9gions, des g\u00e9n\u00e9rations, de l\u2019entreprise, des d\u00e9munis et du futur. Mais, aussi, le devoir dans la r\u00e9gion \u00e0 la quelle appartient la Tunisie et la communaut\u00e9 internationale. Action, tant de mesures concr\u00e8tes, r\u00e9alistes, r\u00e9alisables, \u00e0 haut pouvoir de r\u00e9duction des risques et d\u2019accroissement de la valeur ajout\u00e9e escompt\u00e9e.<\/p>\n<p>Lancement d&rsquo;un fond de r\u00e9duction de la pauvret\u00e9, avec 220\u00a0MD en dotation initiale, cr\u00e9ation d&rsquo;agences sp\u00e9cialis\u00e9es dans la gestion de la dette publique et des participations de l&rsquo;Etat dans les entreprises publiques, sont au programme.\u00a0Tout comme la mise en place de brigades nationales s\u00e9curitaires sp\u00e9cialis\u00e9es dans la lutte contre le trafic et la contrebande, la traque des braquages, la s\u00e9curisation des environs des \u00e9tablissements d&rsquo;enseignement contre les harceleurs sexuels et les dealers de drogues et autres criminels.\u00a0<\/p>\n<p>Au total, pas moins de 67 mesures urgentes programm\u00e9es pour cette ann\u00e9e sont \u00e9tay\u00e9s autour de 7 axes. Elles couvrent la lutte contre la malversation (audit des march\u00e9s publics, etc.), la maitrise des prix et la traque de la contrebande, l\u2019assistance aux cat\u00e9gories vuln\u00e9rables et la r\u00e9duction de la pauvret\u00e9, la lutte contre le terrorisme et le renforcement de la s\u00e9curit\u00e9, la mise \u00e0 niveau des services publics, le renforcement de la comp\u00e9titivit\u00e9 des entreprises, et l\u2019accroissement des investissements. Dans une phase 2, couvrant les ann\u00e9es 2021 \u2013 2025, Jemli s\u2019investit dans le moyen terme, avec 96 mesures, dans une d\u00e9marche r\u00e9aliste.<\/p>\n<p>Discours prononc\u00e9, il ne reste plus \u00e0 Habib Jemli qu\u2019\u00e0 arracher les 109 voix n\u00e9cessaires \u00e0 son investiture, m\u00eame s\u2019il ambitionne plus. Le d\u00e9bat commence avec pr\u00e8s de 100\u00a0intervenants (compter pas moins de 10 heures, hors pauses).\u00a0Le suspens est total. Faites vos jeux.<\/p>\n<p><a href=\"\/uploads\/FCK_files\/%D8%AE%D8%B7%D8%A7%D8%A8%2009012020-.pdf\" target=\"_blank\" rel=\"noopener noreferrer\">T\u00e9lecharger le discours<\/a><\/p>\n<p><strong>Lire aussi:<\/strong><\/p>\n<p><a href=\"https:\/\/www.leaders.com.tn\/article\/28848-ce-qu-il-faut-retenir-du-discours-de-habib-jemli-devant-l-arp-les-engagements-fermes-et-les-mesures-concretes\" target=\"_blank\" rel=\"noopener noreferrer\">Ce qu\u2019il faut retenir du discours de Habib Jemli devant l\u2019ARP: les engagements fermes et les mesures concr\u00e8tes<\/a><\/p>\n<p>Auteur:<br \/>\n<a href=\"https:\/\/www.leaders.com.tn\/article\/28846-habib-jemli-rached-ghannouchi\">Cliquez ici pour lire l&rsquo;article depuis sa source.<\/a><\/p>\n","protected":false},"excerpt":{"rendered":"<p>Comment conqu\u00e9rir la confiance des \u00e9lus de la nation en faveur du gouvernement candidat sans verser dans le populisme et la surench\u00e8re des fausses promesses? Devant les 188 \u00e9lus de la nation, pr\u00e9sents ce vendredi 10 janvier sur les bancs de l\u2019ARP sous la coupole du Bardo, Habib Jemli devait s\u2019y exercer, dans un climat [&hellip;]<\/p>\n","protected":false},"author":1772,"featured_media":0,"comment_status":"closed","ping_status":"closed","sticky":false,"template":"","format":"standard","meta":{"fifu_image_url":"","fifu_image_alt":"","footnotes":""},"categories":[73,55],"tags":[],"class_list":["post-72685","post","type-post","status-publish","format-standard","hentry","category-actualite","category-tunisie"],"_links":{"self":[{"href":"https:\/\/linitiative.ca\/International\/wp-json\/wp\/v2\/posts\/72685","targetHints":{"allow":["GET"]}}],"collection":[{"href":"https:\/\/linitiative.ca\/International\/wp-json\/wp\/v2\/posts"}],"about":[{"href":"https:\/\/linitiative.ca\/International\/wp-json\/wp\/v2\/types\/post"}],"author":[{"embeddable":true,"href":"https:\/\/linitiative.ca\/International\/wp-json\/wp\/v2\/users\/1772"}],"replies":[{"embeddable":true,"href":"https:\/\/linitiative.ca\/International\/wp-json\/wp\/v2\/comments?post=72685"}],"version-history":[{"count":0,"href":"https:\/\/linitiative.ca\/International\/wp-json\/wp\/v2\/posts\/72685\/revisions"}],"wp:attachment":[{"href":"https:\/\/linitiative.ca\/International\/wp-json\/wp\/v2\/media?parent=72685"}],"wp:term":[{"taxonomy":"category","embeddable":true,"href":"https:\/\/linitiative.ca\/International\/wp-json\/wp\/v2\/categories?post=72685"},{"taxonomy":"post_tag","embeddable":true,"href":"https:\/\/linitiative.ca\/International\/wp-json\/wp\/v2\/tags?post=72685"}],"curies":[{"name":"wp","href":"https:\/\/api.w.org\/{rel}","templated":true}]}}