{"id":72686,"date":"2020-01-10T07:58:00","date_gmt":"2020-01-10T12:58:00","guid":{"rendered":"https:\/\/linitiative.ca\/International\/ce-quil-faut-retenir-du-discours-de-habib-jemli-devant-larp-les-engagements-fermes-et-les-mesures-concretes-album-photos-et-video\/"},"modified":"2020-01-10T07:58:00","modified_gmt":"2020-01-10T12:58:00","slug":"ce-quil-faut-retenir-du-discours-de-habib-jemli-devant-larp-les-engagements-fermes-et-les-mesures-concretes-album-photos-et-video","status":"publish","type":"post","link":"https:\/\/linitiative.ca\/International\/ce-quil-faut-retenir-du-discours-de-habib-jemli-devant-larp-les-engagements-fermes-et-les-mesures-concretes-album-photos-et-video\/","title":{"rendered":"Ce qu\u2019il faut retenir du discours de Habib Jemli devant l\u2019ARP: les engagements fermes et les mesures concr\u00e8tes (Album Photos et Vid\u00e9o)"},"content":{"rendered":"<p>S\u2019il commence par saluer la m\u00e9moire des p\u00e8res fondateurs, Thaalbi, Hached et Bourguiba, et s\u2019incliner devant le sacrifice des martyrs, mutil\u00e9s et bless\u00e9s du mouvement national, puis de la r\u00e9volution, Habib Jemli s\u2019empressera par attaquer les questions politiques. S\u2019adressant aux d\u00e9put\u00e9s ce vendredi matin 10 janvier en qu\u00eate de leur investiture pour son gouvernement, il doit brasser large dans la th\u00e9matique \u00e0 traiter, apporter de v\u00e9ritables solutions convaincantes et oser des r\u00e9ponses sans langue de bois, ce qui n\u2019est gu\u00e8re facile.<\/p>\n<h2>Une ind\u00e9pendance difficile \u00e0 \u00eatre reconnue<\/h2>\n<p>\u00abVous en aurez la preuve, promet Habib Jemli. Je suis un chef de gouvernement ind\u00e9pendant de tous les partis. Mon gouvernement ne d\u00e9pend ni de partis, ni d\u2019organisation, ni de r\u00e9gions, ni de groupes de pression ou autres. Cette ind\u00e9pendance ne signifie pas rupture avec tous. Nous sommes ouverts sur tous, d\u00e9termin\u00e9s \u00e0 collaborer avec tous\u00bb. Bien qu\u2019il s\u2019\u00e9poumone \u00e0 le r\u00e9p\u00e9ter, Jemli doit savoir d\u2019avance qu\u2019il lui sera difficile d\u2019en persuader les d\u00e9put\u00e9s et les Tunisiens. Il embrayera imm\u00e9diatement, sur la comp\u00e9tence des membres de son \u00e9quipe et leur d\u00e9termination \u00e0 r\u00e9ussir. \u00abJ\u2019instaure, annoncera-t-il, une charte d\u2019honneur qui sera sign\u00e9e par chacun des ministres et secr\u00e9taires d\u2019Etat, mais aussi les hauts cadres de la nation, adoss\u00e9e \u00e0 un contrat de performance selon des objectifs pr\u00e9cis, mesurables et soumis \u00e0 \u00e9valuation continue.\u00bb<\/p>\n<h2>Des mesures d\u2019urgence<\/h2>\n<p>La s\u00e9curit\u00e9 prend une place particuli\u00e8re dans le programme de Jemli. Il annonce la cr\u00e9ation de brigades sp\u00e9ciales nationales au sein du minist\u00e8re de l\u2019Int\u00e9rieur, pour la traque de la contrebande, la criminalit\u00e9 cybern\u00e9tique, la s\u00e9curisation des enceintes scolaires et universitaires ext\u00e9rieures contre les dealers de drogues et le harc\u00e8lement sexuel, la lutte contre les braquages avec dispositif d\u2019alerte et moyens d\u2019intervention d\u2019urgence. Aussi, les syst\u00e8mes de t\u00e9l\u00e9surveillance seront g\u00e9n\u00e9ralis\u00e9s et la lutte contre la violence, le crime et le banditisme renforc\u00e9e avec des effectifs additionnels.<\/p>\n<p>Le volet \u00e9conomique du discours de Jemli reprend une s\u00e9rie d\u2019actions d\u00e9j\u00e0 amorc\u00e9es par ses pr\u00e9d\u00e9cesseurs. Il s\u2019y inscrit en affirmant l\u2019acc\u00e9l\u00e9ration tr\u00e8s rapide de leur mise en \u0153uvre, en y introduisant des ajustements appropri\u00e9s. La mesure la plus importante, m\u00eame s\u2019il l\u2019annonce de mani\u00e8re globale, c\u2019est de soumettre \u00e0 l\u2019adoption de l\u2019ARP, d\u2019un \u00ab\u00a0m\u00e9canisme\u00a0\u00bb permettant au chef du gouvernement l\u2019octroi d\u2019autorisations d\u2019investissement, et de toute la liasse des proc\u00e9dures y aff\u00e9rentes, dans des d\u00e9lais tr\u00e8s brefs. Ce one-stop, longtemps recommand\u00e9 par la Banque mondiale et vivement revendiqu\u00e9 par les op\u00e9rateurs \u00e9conomiques tunisiens et \u00e9trangers, abr\u00e8ge les formalit\u00e9s et les d\u00e9lais, r\u00e9unit sous une m\u00eame seule signature, et met fin au long parcours du combattant qui freine les investissements.<\/p>\n<p class=\"c2\"><iframe loading=\"lazy\" src=\"https:\/\/www.youtube.com\/embed\/wTaf3JJdwtk\" allow=\"accelerometer; autoplay; encrypted-media; gyroscope; picture-in-picture\" allowfullscreen=\"\" width=\"560\" height=\"315\" frameborder=\"0\">[embedded content]<\/iframe><\/p>\n<p>Habib Jemli annoncera \u00e9galement la cr\u00e9ation de deux agences gouvernementales sp\u00e9cialis\u00e9es pour la gestion, la premi\u00e8re des participations de l\u2019Etat au capital d\u2019entreprises publiques, et la seconde de la dette publique, en les dotant des comp\u00e9tences de haut niveau requises.<\/p>\n<h2>Un fond sp\u00e9cial de lutte contre la pauvret\u00e9<\/h2>\n<p>La pr\u00e9carit\u00e9 et le d\u00e9nuement constituent des facteurs redoutables de toutes formes de d\u00e9linquance, violence et criminalit\u00e9, en plus des mouvements de contestation sociale, affirme Jemli. Il y rel\u00e8ve aussi un risque majeur de dislocation sociale et un manquement \u00e0 l\u2019imp\u00e9ratif de solidarit\u00e9 nationale. La premi\u00e8re action qu\u2019il se propose d\u2019entreprendre, c\u2019est la cr\u00e9ation d\u2019un fond national de r\u00e9duction de la pauvret\u00e9, dot\u00e9 d\u2019une mise initiale sur le budget de l\u2019Etat d\u2019un montant de 200 millions de dinars en 2020. Ce fond sera ouvert \u00e0 la contribution des entreprises, personnes physiques, organisations et autres composantes de la soci\u00e9t\u00e9 civile et aux dons \u00e9trangers. La gouvernance sera fond\u00e9e sur la redevabilit\u00e9 et la transparence.<\/p>\n<p>Sur le m\u00eame registre, Jemli se propose de faire prendre en charge par le budget public les frais de soins de sant\u00e9 arri\u00e9r\u00e9s des familles d\u00e9munies aupr\u00e8s des \u00e9tablissements publics de sant\u00e9.<\/p>\n<p>Sur le plan international, le chef du gouvernement candidat s\u2019inscrit dans les fondamentaux de la diplomatie tunisienne, sans y prendre le moindre \u00e9cart. Il ne cache pas la grande inqui\u00e9tude de la Tunisie face \u00e0 l\u2019aggravation de l\u2019escalade en Libye, rappelant les liens fraternels ind\u00e9fectibles entre Tunisiens et Libyens.<\/p>\n<h2>\u00abThat is the question\u00a0!\u00bb<\/h2>\n<p>Plus qu\u2019un simple catalogue d\u2019intentions ou un round-up des grands dossiers, Habib Jemli a voulu donner de lui une image d\u2019homme politique et de chef de gouvernement capable de conduire une \u00e9quipe qu\u2019il consid\u00e8re harmonieuse. \u00ab\u00a0Je suis moi-m\u00eame issue d\u2019une famille modeste, fils d\u2019un cultivateur, issue des fins fonds du pays, ponctuera-t-il avant de conclure. J\u2019ai servi dans le secteur public, appr\u00e9ciant ainsi tout le r\u00f4le structurant de l\u2019Etat. J\u2019ai \u00e9galement servi dans le secteur public, mesurant alors la pr\u00e9cieuse contribution de l\u2019entreprise. Fort de ma sinc\u00e9rit\u00e9, de ma d\u00e9termination, et de mon sens du devoir national qui anime \u00e9galement chacun et chacune de mes coll\u00e8gues, que je m\u2019adresse \u00e0 votre conscience et sollicite votre confiance.\u00bb<\/p>\n<p>Le d\u00e9bat commence, s\u2019annon\u00e7ant long et anim\u00e9. Pr\u00e8s de 100 d\u00e9put\u00e9s se sont inscrits pour prendre la parole. Commenc\u00e9es peu apr\u00e8s 11 heures du matin, les interventions limit\u00e9es \u00e0 3 minutes par d\u00e9put\u00e9 et 6 minutes par pr\u00e9sident de groupe, prendraient pas moins de 10 heures de s\u00e9ance pl\u00e9ni\u00e8re, hors pauses et pri\u00e8res. Vous pouvez calculer ais\u00e9ment le temps que prendrait l\u2019annonce du verdict du Parlement.<\/p>\n<p>Passera ou ne passera pas?\u00a0 \u00abThat is the question!\u00bb<\/p>\n<p><a href=\"\/uploads\/FCK_files\/%D8%AE%D8%B7%D8%A7%D8%A8%2009012020-.pdf\" target=\"_blank\" rel=\"noopener noreferrer\">T\u00e9lecharger le discours<\/a><\/p>\n<p><span class=\"c3\"><strong>Lire aussi:<\/strong><\/span><\/p>\n<p><a href=\"https:\/\/www.leaders.com.tn\/article\/28846-habib-jemli-rached-ghannouchi\">Habib Jemli sollicite l\u2019aval du Parlement pour un gouvernement de devoir et d\u2019action: quelles chances r\u00e9elles<\/a><strong><br \/><\/strong><\/p>\n<p>Auteur:<br \/>\n<a href=\"https:\/\/www.leaders.com.tn\/article\/28848-ce-qu-il-faut-retenir-du-discours-de-habib-jemli-devant-l-arp-les-engagements-fermes-et-les-mesures-concretes\">Cliquez ici pour lire l&rsquo;article depuis sa source.<\/a><\/p>\n","protected":false},"excerpt":{"rendered":"<p>S\u2019il commence par saluer la m\u00e9moire des p\u00e8res fondateurs, Thaalbi, Hached et Bourguiba, et s\u2019incliner devant le sacrifice des martyrs, mutil\u00e9s et bless\u00e9s du mouvement national, puis de la r\u00e9volution, Habib Jemli s\u2019empressera par attaquer les questions politiques. S\u2019adressant aux d\u00e9put\u00e9s ce vendredi matin 10 janvier en qu\u00eate de leur investiture pour son gouvernement, il [&hellip;]<\/p>\n","protected":false},"author":1772,"featured_media":0,"comment_status":"closed","ping_status":"closed","sticky":false,"template":"","format":"standard","meta":{"fifu_image_url":"","fifu_image_alt":"","footnotes":""},"categories":[73,55],"tags":[],"class_list":["post-72686","post","type-post","status-publish","format-standard","hentry","category-actualite","category-tunisie"],"_links":{"self":[{"href":"https:\/\/linitiative.ca\/International\/wp-json\/wp\/v2\/posts\/72686","targetHints":{"allow":["GET"]}}],"collection":[{"href":"https:\/\/linitiative.ca\/International\/wp-json\/wp\/v2\/posts"}],"about":[{"href":"https:\/\/linitiative.ca\/International\/wp-json\/wp\/v2\/types\/post"}],"author":[{"embeddable":true,"href":"https:\/\/linitiative.ca\/International\/wp-json\/wp\/v2\/users\/1772"}],"replies":[{"embeddable":true,"href":"https:\/\/linitiative.ca\/International\/wp-json\/wp\/v2\/comments?post=72686"}],"version-history":[{"count":0,"href":"https:\/\/linitiative.ca\/International\/wp-json\/wp\/v2\/posts\/72686\/revisions"}],"wp:attachment":[{"href":"https:\/\/linitiative.ca\/International\/wp-json\/wp\/v2\/media?parent=72686"}],"wp:term":[{"taxonomy":"category","embeddable":true,"href":"https:\/\/linitiative.ca\/International\/wp-json\/wp\/v2\/categories?post=72686"},{"taxonomy":"post_tag","embeddable":true,"href":"https:\/\/linitiative.ca\/International\/wp-json\/wp\/v2\/tags?post=72686"}],"curies":[{"name":"wp","href":"https:\/\/api.w.org\/{rel}","templated":true}]}}