{"id":72687,"date":"2020-01-10T13:02:00","date_gmt":"2020-01-10T18:02:00","guid":{"rendered":"https:\/\/linitiative.ca\/International\/lhumoriste-samia-orosemane-au-colisee-un-discours-positif-sur-la-diversite\/"},"modified":"2020-01-10T13:02:00","modified_gmt":"2020-01-10T18:02:00","slug":"lhumoriste-samia-orosemane-au-colisee-un-discours-positif-sur-la-diversite","status":"publish","type":"post","link":"https:\/\/linitiative.ca\/International\/lhumoriste-samia-orosemane-au-colisee-un-discours-positif-sur-la-diversite\/","title":{"rendered":"L&rsquo;humoriste Samia Orosemane au Colis\u00e9e : un discours positif sur la diversit\u00e9"},"content":{"rendered":"<p>Samia Orosemane s\u2019est produite derni\u00e8rement au Colis\u00e9e. Au cours de ce pectacle, elle a su jouer sur les contrastes d\u2019un humour qui positive la diversit\u00e9 culturelle. Son v\u00e9cu et sa fa\u00e7on de le relater affichent un parcours de com\u00e9dienne pas comme les autres.<\/p>\n<p>La franco-tunisienne d\u2019origine djerbienne raconte avec humour plusieurs \u00e9pisodes sur la diversit\u00e9, la perception de l\u2019islam dans la soci\u00e9t\u00e9 ou encore des moments de vie v\u00e9cus en Tunisie.\u00a0 Elle r\u00e9v\u00e8le \u00e9galement de grands moments de son parcours en tant que com\u00e9dienne, elle fait le r\u00e9cit des diff\u00e9rences entre la Tunisie, l\u2019Alg\u00e9rie et le Maroc, elle parle des impressions post-spectacle que lui font ses spectateurs, ou encore de ses m\u00e9saventures sur les r\u00e9seaux sociaux, tout cela avec une note d\u2019improvisation adapt\u00e9e \u00e0 chaque circonstance.<\/p>\n<p class=\"c2\"><img decoding=\"async\" src=\"\/uploads\/FCK_files\/64478.jpg\" width=\"100%\" vspace=\"5\" hspace=\"5\" align=\"middle\" alt=\"\"\/><\/p>\n<p>Le sketch o\u00f9 elle imite les accents africains est r\u00e9ussi, puisque c\u2019est son sketch cl\u00e9 au Jamel Comedy Club. Elle l\u2019a repris en ajoutant des anecdotes de plusieurs pays en plus de l\u2019imitation. Pour les personnes qui la suivent depuis longtemps, le spectacle reprend plusieurs sketchs plus anciens, et m\u00e9lange l\u2019ancien et le nouveau.<\/p>\n<p>M\u00eame si elle a une fa\u00e7on hilarante de raconter les histoires, plusieurs \u00e9l\u00e9ments de son spectacle font r\u00e9f\u00e9rence \u00e0 des \u00e9l\u00e9ments qui ne permettent pas de s\u2019identifier \u00e0 ses anecdotes. Son humour est trop sp\u00e9cifique \u00e0 son propre v\u00e9cu pour \u00eatre compris par un large public.<\/p>\n<p class=\"c3\"><strong>Sarra Boussen<\/strong><\/p>\n<p>\u00a0<\/p>\n<p>Auteur:<br \/>\n<a href=\"https:\/\/www.leaders.com.tn\/article\/28853-samia-orosemane-au-colisee-un-discours-positif-sur-la-diversite\">Cliquez ici pour lire l&rsquo;article depuis sa source.<\/a><\/p>\n","protected":false},"excerpt":{"rendered":"<p>Samia Orosemane s\u2019est produite derni\u00e8rement au Colis\u00e9e. Au cours de ce pectacle, elle a su jouer sur les contrastes d\u2019un humour qui positive la diversit\u00e9 culturelle. Son v\u00e9cu et sa fa\u00e7on de le relater affichent un parcours de com\u00e9dienne pas comme les autres. La franco-tunisienne d\u2019origine djerbienne raconte avec humour plusieurs \u00e9pisodes sur la diversit\u00e9, [&hellip;]<\/p>\n","protected":false},"author":1772,"featured_media":72688,"comment_status":"closed","ping_status":"closed","sticky":false,"template":"","format":"standard","meta":{"fifu_image_url":"","fifu_image_alt":"","footnotes":""},"categories":[73,55],"tags":[],"class_list":["post-72687","post","type-post","status-publish","format-standard","has-post-thumbnail","hentry","category-actualite","category-tunisie"],"_links":{"self":[{"href":"https:\/\/linitiative.ca\/International\/wp-json\/wp\/v2\/posts\/72687","targetHints":{"allow":["GET"]}}],"collection":[{"href":"https:\/\/linitiative.ca\/International\/wp-json\/wp\/v2\/posts"}],"about":[{"href":"https:\/\/linitiative.ca\/International\/wp-json\/wp\/v2\/types\/post"}],"author":[{"embeddable":true,"href":"https:\/\/linitiative.ca\/International\/wp-json\/wp\/v2\/users\/1772"}],"replies":[{"embeddable":true,"href":"https:\/\/linitiative.ca\/International\/wp-json\/wp\/v2\/comments?post=72687"}],"version-history":[{"count":0,"href":"https:\/\/linitiative.ca\/International\/wp-json\/wp\/v2\/posts\/72687\/revisions"}],"wp:featuredmedia":[{"embeddable":true,"href":"https:\/\/linitiative.ca\/International\/wp-json\/"}],"wp:attachment":[{"href":"https:\/\/linitiative.ca\/International\/wp-json\/wp\/v2\/media?parent=72687"}],"wp:term":[{"taxonomy":"category","embeddable":true,"href":"https:\/\/linitiative.ca\/International\/wp-json\/wp\/v2\/categories?post=72687"},{"taxonomy":"post_tag","embeddable":true,"href":"https:\/\/linitiative.ca\/International\/wp-json\/wp\/v2\/tags?post=72687"}],"curies":[{"name":"wp","href":"https:\/\/api.w.org\/{rel}","templated":true}]}}