{"id":72689,"date":"2020-01-10T13:04:00","date_gmt":"2020-01-10T18:04:00","guid":{"rendered":"https:\/\/linitiative.ca\/International\/les-debats-sur-le-vote-de-confiance-au-gouvernement-a-larp-lopposition-parle-deja-de-lapres-jemli-album-photos-et-video\/"},"modified":"2020-01-10T13:04:00","modified_gmt":"2020-01-10T18:04:00","slug":"les-debats-sur-le-vote-de-confiance-au-gouvernement-a-larp-lopposition-parle-deja-de-lapres-jemli-album-photos-et-video","status":"publish","type":"post","link":"https:\/\/linitiative.ca\/International\/les-debats-sur-le-vote-de-confiance-au-gouvernement-a-larp-lopposition-parle-deja-de-lapres-jemli-album-photos-et-video\/","title":{"rendered":"Les d\u00e9bats sur le vote de confiance au gouvernement \u00e0 l&rsquo;ARP : l&rsquo;opposition parle d\u00e9j\u00e0 de l&rsquo;apr\u00e8s-Jemli (Album photos et Vid\u00e9o)"},"content":{"rendered":"<p>Quelles sont les chances du gouvernement d\u2019obtenir la confiance du parlement ? Tr\u00e8s faibles, pour les observateurs, nulles pour les adversaires du gouvernement qui se recrutent dans tout le spectre politIque, A l&rsquo;exception d&rsquo;Ennahdha et la coalition El Karama. D&rsquo;ailleurs, les d\u00e9bats de la s\u00e9ance pl\u00e9ni\u00e8re du parlement consacr\u00e9e au vote de confiance au gouvernement qui a d\u00e9marr\u00e9 dans la matin\u00e9e de ce vendredi ont d\u00e9montr\u00e9 que le rapport de forces \u00e9tait largement en d\u00e9faveur du gouvernement. Habib Jemli a eu beau insister dans son discours sur l\u2019ind\u00e9pendance de ses ministres, leur comp\u00e9tence, mettre l\u2019accent sur son programme pour \u00e9radiquer la pauvret\u00e9, relancer l\u2019\u00e9conomie, se d\u00e9clarer pr\u00eat \u00e0 se s\u00e9parer de ceux de ses ministres sur lesquels pesaient des soup\u00e7ons de corruption si leur culpabilit\u00e9 est av\u00e9r\u00e9e, il n\u2019a pas r\u00e9ussi \u00e0 convaincre ses contempteurs.<\/p>\n<p>Mais ni le chef de Gouvernement d\u00e9sign\u00e9, ni ses partisans ne s\u2019avouent vaincus. Leur terre de mission seront les partis. En ultime recours, ils ont d\u00e9cid\u00e9 de pr\u00eacher les d\u00e9put\u00e9s eux-m\u00eames\u00a0 en faisant fi des \u00e9tats-majors. Une d\u00e9marche dont le pr\u00e9sident du groupe d&rsquo;Ennahdha, Noureddine Bhiri et Habib\u00a0 Jemli ont reconnu avoir recours. Outre le fait que les r\u00e9sultats ne sont pas s\u00fbrs, de telles d\u00e9marches risquent de fragiliser les partis et les coalitions pour la plupart en constitution et peut-\u00eatre de bouleverser le paysage politique. D\u2019ailleurs, les chefs de partis vis\u00e9s\u00a0 comme Nabil Karoui ou Zouheir Maghzaoui ne s\u2019y sont pas tromp\u00e9s en condamnant ces pratiques.<\/p>\n<p class=\"c2\"><iframe loading=\"lazy\" src=\"https:\/\/www.youtube.com\/embed\/wTaf3JJdwtk\" allow=\"accelerometer; autoplay; encrypted-media; gyroscope; picture-in-picture\" allowfullscreen=\"\" width=\"560\" height=\"315\" frameborder=\"0\">[embedded content]<\/iframe><\/p>\n<p>Reste \u00e0 penser au jour d\u2019apr\u00e8s en cas de d\u00e9fiance de l&rsquo;ARP. Bien s\u00fbr, la constitution a pr\u00e9vu cette \u00e9ventualit\u00e9, c&rsquo;est le pr\u00e9sident\u00a0 qui s&rsquo;en chargera. Mais ce qui fait probl\u00e8me, c&rsquo;est la formation du gouvernement. Combien lui faudra-t-il de temps\u00a0 pour y arriver ? D\u00e9j\u00e0, un des lieutenants de Mohamed Abbou, Ghazi Chaouachi, se pla\u00e7ant d\u00e9j\u00e0 dans\u00a0 la perspective de la chute du gouvernement Jemli a affirm\u00e9 haut et fort que son parti ne veut pas entendre parler de certains noms comme Youssef Chahed ou\u00a0 Ridha Ben Mosbah pour pr\u00e9sider le prochain gouvernement.<\/p>\n<p><a href=\"\/uploads\/FCK_files\/%D8%AE%D8%B7%D8%A7%D8%A8%2009012020-.pdf\" target=\"_blank\" rel=\"noopener noreferrer\">T\u00e9lecharger le discours<\/a><\/p>\n<p><span class=\"c3\"><strong>Lire aussi:<\/strong><\/span><\/p>\n<p><a href=\"https:\/\/www.leaders.com.tn\/article\/28848-ce-qu-il-faut-retenir-du-discours-de-habib-jemli-devant-l-arp-les-engagements-fermes-et-les-mesures-concretes\" target=\"_blank\" rel=\"noopener noreferrer\">Ce qu\u2019il faut retenir du discours de Habib Jemli devant l\u2019ARP: les engagements fermes et les mesures concr\u00e8tes (Album Photos et Vid\u00e9o)<\/a><\/p>\n<p><a href=\"https:\/\/www.leaders.com.tn\/article\/28846-habib-jemli-rached-ghannouchi\">Habib Jemli sollicite l\u2019aval du Parlement pour un gouvernement de devoir et d\u2019action: quelles chances r\u00e9elles<\/a><strong><br \/><\/strong><\/p>\n<p>Auteur:<br \/>\n<a href=\"https:\/\/www.leaders.com.tn\/article\/28855-debats\">Cliquez ici pour lire l&rsquo;article depuis sa source.<\/a><\/p>\n","protected":false},"excerpt":{"rendered":"<p>Quelles sont les chances du gouvernement d\u2019obtenir la confiance du parlement ? Tr\u00e8s faibles, pour les observateurs, nulles pour les adversaires du gouvernement qui se recrutent dans tout le spectre politIque, A l&rsquo;exception d&rsquo;Ennahdha et la coalition El Karama. D&rsquo;ailleurs, les d\u00e9bats de la s\u00e9ance pl\u00e9ni\u00e8re du parlement consacr\u00e9e au vote de confiance au gouvernement [&hellip;]<\/p>\n","protected":false},"author":1772,"featured_media":0,"comment_status":"closed","ping_status":"closed","sticky":false,"template":"","format":"standard","meta":{"fifu_image_url":"","fifu_image_alt":"","footnotes":""},"categories":[73,55],"tags":[],"class_list":["post-72689","post","type-post","status-publish","format-standard","hentry","category-actualite","category-tunisie"],"_links":{"self":[{"href":"https:\/\/linitiative.ca\/International\/wp-json\/wp\/v2\/posts\/72689","targetHints":{"allow":["GET"]}}],"collection":[{"href":"https:\/\/linitiative.ca\/International\/wp-json\/wp\/v2\/posts"}],"about":[{"href":"https:\/\/linitiative.ca\/International\/wp-json\/wp\/v2\/types\/post"}],"author":[{"embeddable":true,"href":"https:\/\/linitiative.ca\/International\/wp-json\/wp\/v2\/users\/1772"}],"replies":[{"embeddable":true,"href":"https:\/\/linitiative.ca\/International\/wp-json\/wp\/v2\/comments?post=72689"}],"version-history":[{"count":0,"href":"https:\/\/linitiative.ca\/International\/wp-json\/wp\/v2\/posts\/72689\/revisions"}],"wp:attachment":[{"href":"https:\/\/linitiative.ca\/International\/wp-json\/wp\/v2\/media?parent=72689"}],"wp:term":[{"taxonomy":"category","embeddable":true,"href":"https:\/\/linitiative.ca\/International\/wp-json\/wp\/v2\/categories?post=72689"},{"taxonomy":"post_tag","embeddable":true,"href":"https:\/\/linitiative.ca\/International\/wp-json\/wp\/v2\/tags?post=72689"}],"curies":[{"name":"wp","href":"https:\/\/api.w.org\/{rel}","templated":true}]}}