{"id":72693,"date":"2020-01-10T14:01:04","date_gmt":"2020-01-10T19:01:04","guid":{"rendered":"https:\/\/linitiative.ca\/International\/ligue-des-champions-de-la-caf-le-raja-tenu-en-echec-par-la-js-kabylie\/"},"modified":"2020-01-10T14:01:04","modified_gmt":"2020-01-10T19:01:04","slug":"ligue-des-champions-de-la-caf-le-raja-tenu-en-echec-par-la-js-kabylie","status":"publish","type":"post","link":"https:\/\/linitiative.ca\/International\/ligue-des-champions-de-la-caf-le-raja-tenu-en-echec-par-la-js-kabylie\/","title":{"rendered":"Ligue des Champions de la CAF : Le Raja tenu en \u00e9chec par la JS Kabylie"},"content":{"rendered":"<p>Le Raja de Casablanca a fait match nul (0-0) face aux Alg\u00e9riens de la JS Kabylie, lors d\u2019une rencontre comptant pour la 4e journ\u00e9e de la phase de poules de la Ligue des champions d\u2019Afrique de football (Groupe D), disput\u00e9e vendredi soir au stade du 1er novembre \u00e0 Tizi Ouzou.<\/p>\n<div class=\"c10\"\/>\n<\/p>\n<div class=\"wp-block-embed__wrapper\"><iframe loading=\"lazy\" title=\"Service D\u00e9sactivation\/R\u00e9activation de la carte mon\u00e9tique - Chaabi Net\" width=\"1140\" height=\"641\" src=\"https:\/\/www.youtube.com\/embed\/ZWia2opt630?feature=oembed\" frameborder=\"0\" allow=\"accelerometer; autoplay; encrypted-media; gyroscope; picture-in-picture\" allowfullscreen=\"\">[embedded content]<\/iframe><\/div>\n<p>Au terme de la 4e journ\u00e9e, le club casablancais et l\u2019Esp\u00e9rance Sportive de Tunis occupent la t\u00eate du classement du groupe D avec 7 points chacun, en attendant le r\u00e9sultat de la rencontre des tenants du titre, ce samedi, face au club congolais AS Vita.<\/p>\n<p>Lors du match de la troisi\u00e8me journ\u00e9e, disput\u00e9 \u00e0 Casablanca, le Raja avait battu la JS Kabylie par 2 buts \u00e0 0.<\/p>\n<div class=\"c17\">\n<fieldset class=\"c16\">\n<legend><strong><span class=\"c11\">Challenge<\/span><span class=\"c12\">news<\/span><\/strong><\/legend>\n<div class=\"c15\">Le meilleur de Challenge s\u00e9lectionn\u00e9 par la r\u00e9daction :<\/p>\n<\/div>\n<\/fieldset>\n<\/div>\n<p>Auteur: challenge<br \/>\n<a href=\"https:\/\/www.challenge.ma\/ligue-des-champions-de-la-caf-le-raja-tenu-en-echec-par-la-js-kabylie-127774\/\">Cliquez ici pour lire l&rsquo;article depuis sa source.<\/a><\/p>\n","protected":false},"excerpt":{"rendered":"<p>Le Raja de Casablanca a fait match nul (0-0) face aux Alg\u00e9riens de la JS Kabylie, lors d\u2019une rencontre comptant pour la 4e journ\u00e9e de la phase de poules de la Ligue des champions d\u2019Afrique de football (Groupe D), disput\u00e9e vendredi soir au stade du 1er novembre \u00e0 Tizi Ouzou. [embedded content] Au terme de [&hellip;]<\/p>\n","protected":false},"author":1787,"featured_media":0,"comment_status":"closed","ping_status":"closed","sticky":false,"template":"","format":"standard","meta":{"fifu_image_url":"","fifu_image_alt":"","footnotes":""},"categories":[78,54],"tags":[],"class_list":["post-72693","post","type-post","status-publish","format-standard","hentry","category-economie","category-maroc"],"_links":{"self":[{"href":"https:\/\/linitiative.ca\/International\/wp-json\/wp\/v2\/posts\/72693","targetHints":{"allow":["GET"]}}],"collection":[{"href":"https:\/\/linitiative.ca\/International\/wp-json\/wp\/v2\/posts"}],"about":[{"href":"https:\/\/linitiative.ca\/International\/wp-json\/wp\/v2\/types\/post"}],"author":[{"embeddable":true,"href":"https:\/\/linitiative.ca\/International\/wp-json\/wp\/v2\/users\/1787"}],"replies":[{"embeddable":true,"href":"https:\/\/linitiative.ca\/International\/wp-json\/wp\/v2\/comments?post=72693"}],"version-history":[{"count":0,"href":"https:\/\/linitiative.ca\/International\/wp-json\/wp\/v2\/posts\/72693\/revisions"}],"wp:attachment":[{"href":"https:\/\/linitiative.ca\/International\/wp-json\/wp\/v2\/media?parent=72693"}],"wp:term":[{"taxonomy":"category","embeddable":true,"href":"https:\/\/linitiative.ca\/International\/wp-json\/wp\/v2\/categories?post=72693"},{"taxonomy":"post_tag","embeddable":true,"href":"https:\/\/linitiative.ca\/International\/wp-json\/wp\/v2\/tags?post=72693"}],"curies":[{"name":"wp","href":"https:\/\/api.w.org\/{rel}","templated":true}]}}