{"id":72696,"date":"2020-01-10T16:33:59","date_gmt":"2020-01-10T21:33:59","guid":{"rendered":"https:\/\/linitiative.ca\/International\/tunisie-images-comme-par-hasard-les-protestations-eclatent-dans-le-sud-et-a-kasserine\/"},"modified":"2020-01-10T16:33:59","modified_gmt":"2020-01-10T21:33:59","slug":"tunisie-images-comme-par-hasard-les-protestations-eclatent-dans-le-sud-et-a-kasserine","status":"publish","type":"post","link":"https:\/\/linitiative.ca\/International\/tunisie-images-comme-par-hasard-les-protestations-eclatent-dans-le-sud-et-a-kasserine\/","title":{"rendered":"Tunisie \u2013 IMAGES\u00a0: Comme par hasard, les protestations \u00e9clatent dans le sud et \u00e0 Kasserine"},"content":{"rendered":"<div class=\"post-cont-in left relative\">\n<p>La ville de Kasserine a v\u00e9cu hier, au rythme des protestations des jeunes de la cit\u00e9 Ennour, qui ont bloqu\u00e9 les routes et mis le feu \u00e0 des pneus. Ils ont harcel\u00e9 les forces de l\u2019ordre, qui ont d\u00fb\u00a0recourir aux gaz lacrymog\u00e8nes.<\/p>\n<div class=\"code-block code-block-1 c3\"><ins class=\"adsbygoogle c2\" data-ad-layout=\"in-article\" data-ad-format=\"fluid\" data-ad-client=\"ca-pub-2102118777505746\" data-ad-slot=\"7301775417\"\/> <\/div>\n<p>Cette nuit, \u00e7\u00e0 a \u00e9t\u00e9 le tour de la ville de Tataouine, d\u2019\u00eatre le th\u00e9\u00e2tre de troubles du m\u00eame genre, sous\u00a0 pr\u00e9texte de la d\u00e9t\u00e9rioration de l\u2019\u00e9tat de sant\u00e9 des gr\u00e9vistes de la faim. D\u00e9j\u00e0, en apprenant ce qui se passe cette nuit \u00e0 Tataouine, on ne peut pas s\u2019emp\u00eacher de se rem\u00e9morer les avertissements de certains d\u00e9put\u00e9s d\u2019<a href=\"https:\/\/www.tunisienumerique.com\/tunisie-actualite\/ennahdha\/\" title=\"Ennahdha\" target=\"_top\" class=\"auto-link\" rel=\"noopener noreferrer\">Ennahdha<\/a>, lanc\u00e9s sous le d\u00f4me de l\u2019ARP, en rapport avec la possibilit\u00e9 de la survenue de troubles dans le sud du pays et de gr\u00e8ves qui risquent de paralyser les champs p\u00e9troliers dans le d\u00e9sert.<\/p>\n<p>A partir de l\u00e0, il est \u00e0 craindre que ces protestations qui commencent \u00e0 \u00e9clater ici et l\u00e0, ne soient qu\u2019\u00e0 leur d\u00e9but et qu\u2019ils soient \u00ab\u00a0command\u00e9es\u00a0\u00bb par certaines parties politiques.<\/p>\n<p>Par ailleurs, ce qui suscite encore plus de craintes, c\u2019est que ces mouvements protestataires vont disperser l\u2019attention et la concentration des forces arm\u00e9es et de s\u00e9curit\u00e9 int\u00e9rieure charg\u00e9es de s\u00e9curiser les fronti\u00e8res du pays, qui sont plus que jamais menac\u00e9es d\u2019invasion par des \u00e9l\u00e9ments terroristes et d\u2019entr\u00e9e d\u2019armes, aussi bien sur le flanc Est (troubles \u00e0 Tataouine) que sur le flanc Ouest (troubles \u00e0 Kasserine). Les m\u00eames parties politiques, suspect\u00e9es de se cacher derri\u00e8re ces troubles sont justement les m\u00eames qui ont tout int\u00e9r\u00eat \u00e0 fragiliser les fronti\u00e8res, surtout en face de la Libye, pour desserrer l\u2019\u00e9tau qui \u00e9touffe leurs fr\u00e8res de Tripoli.<\/p>\n<p><img loading=\"lazy\" decoding=\"async\" class=\"aligncenter size-full wp-image-488751\" src=\"https:\/\/www.tunisienumerique.com\/wp-content\/uploads\/2020\/01\/tata2.jpg\" alt=\"\" width=\"640\" height=\"480\" srcset=\"https:\/\/www.tunisienumerique.com\/wp-content\/uploads\/2020\/01\/tata2.jpg 640w, https:\/\/www.tunisienumerique.com\/wp-content\/uploads\/2020\/01\/tata2-600x450.jpg 600w\" sizes=\"auto, (max-width: 640px) 100vw, 640px\"\/><\/p>\n<div class=\"swp_social_panel swp_horizontal_panel swp_flat_fresh swp_default_full_color swp_individual_full_color swp_other_full_color scale-100 scale-\" data-min-width=\"1100\" data-float-color=\"#ffffff\" data-float=\"bottom\" data-float-mobile=\"bottom\" data-transition=\"slide\">\n<div class=\"nc_tweetContainer swp_share_button total_shares total_sharesalt\"><span class=\"swp_count\">33 <span class=\"swp_label\">Partages<\/span><\/span><\/div>\n<\/div>\n<p><strong>Que se passe-t-il en Tunisie?<\/strong><br \/>Nous expliquons sur notre <a href=\"https:\/\/www.youtube.com\/channel\/UCRzypVq0B_yBad5eGrwBx0Q?sub_confirmation=1\" target=\"_blank\" rel=\"noopener noreferrer\">cha\u00eene YouTube<\/a> . <a href=\"https:\/\/www.youtube.com\/channel\/UCRzypVq0B_yBad5eGrwBx0Q?sub_confirmation=1\" target=\"_blank\" rel=\"noopener noreferrer\">Abonnez-vous!<\/a><\/p>\n<div class=\"mvp-org-wrap mvp-org-logo\" itemprop=\"publisher\" itemscope=\"\" itemtype=\"https:\/\/schema.org\/Organization\"><img decoding=\"async\" src=\"https:\/\/www.tunisienumerique.com\/wp-content\/uploads\/2017\/02\/logo_tunisie_numerique.png\"\/><\/div>\n<div class=\"mvp-related-posts left relative\">\n<h4 class=\"post-header\"><span class=\"post-header\">Lire aussi<\/span><\/h4>\n<\/div>\n<\/div>\n<p>Auteur: Ramsis<br \/>\n<a href=\"https:\/\/www.tunisienumerique.com\/tunisie-images-comme-par-hasard-les-protestations-eclatent-dans-le-sud-et-a-kasserine\/\">Cliquez ici pour lire l&rsquo;article depuis sa source.<\/a><\/p>\n","protected":false},"excerpt":{"rendered":"<p>La ville de Kasserine a v\u00e9cu hier, au rythme des protestations des jeunes de la cit\u00e9 Ennour, qui ont bloqu\u00e9 les routes et mis le feu \u00e0 des pneus. Ils ont harcel\u00e9 les forces de l\u2019ordre, qui ont d\u00fb\u00a0recourir aux gaz lacrymog\u00e8nes. Cette nuit, \u00e7\u00e0 a \u00e9t\u00e9 le tour de la ville de Tataouine, d\u2019\u00eatre [&hellip;]<\/p>\n","protected":false},"author":1789,"featured_media":72697,"comment_status":"closed","ping_status":"closed","sticky":false,"template":"","format":"standard","meta":{"fifu_image_url":"","fifu_image_alt":"","footnotes":""},"categories":[73,55],"tags":[],"class_list":["post-72696","post","type-post","status-publish","format-standard","has-post-thumbnail","hentry","category-actualite","category-tunisie"],"_links":{"self":[{"href":"https:\/\/linitiative.ca\/International\/wp-json\/wp\/v2\/posts\/72696","targetHints":{"allow":["GET"]}}],"collection":[{"href":"https:\/\/linitiative.ca\/International\/wp-json\/wp\/v2\/posts"}],"about":[{"href":"https:\/\/linitiative.ca\/International\/wp-json\/wp\/v2\/types\/post"}],"author":[{"embeddable":true,"href":"https:\/\/linitiative.ca\/International\/wp-json\/wp\/v2\/users\/1789"}],"replies":[{"embeddable":true,"href":"https:\/\/linitiative.ca\/International\/wp-json\/wp\/v2\/comments?post=72696"}],"version-history":[{"count":0,"href":"https:\/\/linitiative.ca\/International\/wp-json\/wp\/v2\/posts\/72696\/revisions"}],"wp:featuredmedia":[{"embeddable":true,"href":"https:\/\/linitiative.ca\/International\/wp-json\/"}],"wp:attachment":[{"href":"https:\/\/linitiative.ca\/International\/wp-json\/wp\/v2\/media?parent=72696"}],"wp:term":[{"taxonomy":"category","embeddable":true,"href":"https:\/\/linitiative.ca\/International\/wp-json\/wp\/v2\/categories?post=72696"},{"taxonomy":"post_tag","embeddable":true,"href":"https:\/\/linitiative.ca\/International\/wp-json\/wp\/v2\/tags?post=72696"}],"curies":[{"name":"wp","href":"https:\/\/api.w.org\/{rel}","templated":true}]}}