{"id":72698,"date":"2020-01-10T16:48:58","date_gmt":"2020-01-10T21:48:58","guid":{"rendered":"https:\/\/linitiative.ca\/International\/tunisie-deniere-minute-9alb-tounes-tahya-tounes-la-reforme-nationale-et-al-mustakbel-vont-tenir-une-conference-de-presse\/"},"modified":"2020-01-10T16:48:58","modified_gmt":"2020-01-10T21:48:58","slug":"tunisie-deniere-minute-9alb-tounes-tahya-tounes-la-reforme-nationale-et-al-mustakbel-vont-tenir-une-conference-de-presse","status":"publish","type":"post","link":"https:\/\/linitiative.ca\/International\/tunisie-deniere-minute-9alb-tounes-tahya-tounes-la-reforme-nationale-et-al-mustakbel-vont-tenir-une-conference-de-presse\/","title":{"rendered":"Tunisie \u2013 DENIERE MINUTE\u00a0: 9alb Tounes, Tahya Tounes, La r\u00e9forme nationale et Al Mustakbel vont tenir une conf\u00e9rence de presse"},"content":{"rendered":"<div class=\"post-cont-in left relative\">\n<p>Plusieurs d\u00e9put\u00e9s ont annonc\u00e9, dans les couloirs de l\u2019ARP, que les repr\u00e9sentants des partis Tahya Toounes et <a href=\"https:\/\/www.tunisienumerique.com\/tunisie-actualite\/qalb-tounes\/\" title=\"9alb Tounes\" target=\"_top\" class=\"auto-link\" rel=\"noopener noreferrer\">9alb Tounes<\/a> et des blocs parlementaires de la R\u00e9forme Nationale et d\u2019Al Mustakbal, avec la participation probable d\u2019autres partis vont tenir, \u00e0 la fin de la s\u00e9ance de vote pour ou contre le gouvernement, une conf\u00e9rence de presse, en pr\u00e9vision du refus de la confiance au gouvernement, pour calmer les craintes des citoyens en rapport avec les al\u00e9as d\u2019un possible vide administratif, comme cela a \u00e9t\u00e9 avanc\u00e9 par les d\u00e9put\u00e9s d\u2019<a href=\"https:\/\/www.tunisienumerique.com\/tunisie-actualite\/ennahdha\/\" title=\"Ennahdha\" target=\"_top\" class=\"auto-link\" rel=\"noopener noreferrer\">Ennahdha<\/a>, pour mettre la pression sur les d\u00e9put\u00e9s et les forcer \u00e0 voter en faveur du gouvernement Jemli.<\/p>\n<div class=\"code-block code-block-1 c3\"><ins class=\"adsbygoogle c2\" data-ad-layout=\"in-article\" data-ad-format=\"fluid\" data-ad-client=\"ca-pub-2102118777505746\" data-ad-slot=\"7301775417\"\/> <\/div>\n<div class=\"swp_social_panel swp_horizontal_panel swp_flat_fresh swp_default_full_color swp_individual_full_color swp_other_full_color scale-100 scale-\" data-min-width=\"1100\" data-float-color=\"#ffffff\" data-float=\"bottom\" data-float-mobile=\"bottom\" data-transition=\"slide\">\n<div class=\"nc_tweetContainer swp_share_button total_shares total_sharesalt\"><span class=\"swp_count\">58 <span class=\"swp_label\">Partages<\/span><\/span><\/div>\n<\/div>\n<p><strong>Que se passe-t-il en Tunisie?<\/strong><br \/>Nous expliquons sur notre <a href=\"https:\/\/www.youtube.com\/channel\/UCRzypVq0B_yBad5eGrwBx0Q?sub_confirmation=1\" target=\"_blank\" rel=\"noopener noreferrer\">cha\u00eene YouTube<\/a> . <a href=\"https:\/\/www.youtube.com\/channel\/UCRzypVq0B_yBad5eGrwBx0Q?sub_confirmation=1\" target=\"_blank\" rel=\"noopener noreferrer\">Abonnez-vous!<\/a><\/p>\n<div class=\"mvp-org-wrap mvp-org-logo\" itemprop=\"publisher\" itemscope=\"\" itemtype=\"https:\/\/schema.org\/Organization\"><img decoding=\"async\" src=\"https:\/\/www.tunisienumerique.com\/wp-content\/uploads\/2017\/02\/logo_tunisie_numerique.png\"\/><\/div>\n<div class=\"mvp-related-posts left relative\">\n<h4 class=\"post-header\"><span class=\"post-header\">Lire aussi<\/span><\/h4>\n<\/div>\n<\/div>\n<p>Auteur: LM<br \/>\n<a href=\"https:\/\/www.tunisienumerique.com\/tunisie-deniere-minute-9alb-tounes-tahya-tounes-la-reforme-nationale-et-al-mustakbel-vont-tenir-une-conference-de-presse\/\">Cliquez ici pour lire l&rsquo;article depuis sa source.<\/a><\/p>\n","protected":false},"excerpt":{"rendered":"<p>Plusieurs d\u00e9put\u00e9s ont annonc\u00e9, dans les couloirs de l\u2019ARP, que les repr\u00e9sentants des partis Tahya Toounes et 9alb Tounes et des blocs parlementaires de la R\u00e9forme Nationale et d\u2019Al Mustakbal, avec la participation probable d\u2019autres partis vont tenir, \u00e0 la fin de la s\u00e9ance de vote pour ou contre le gouvernement, une conf\u00e9rence de presse, [&hellip;]<\/p>\n","protected":false},"author":1789,"featured_media":72699,"comment_status":"closed","ping_status":"closed","sticky":false,"template":"","format":"standard","meta":{"fifu_image_url":"","fifu_image_alt":"","footnotes":""},"categories":[73,55],"tags":[],"class_list":["post-72698","post","type-post","status-publish","format-standard","has-post-thumbnail","hentry","category-actualite","category-tunisie"],"_links":{"self":[{"href":"https:\/\/linitiative.ca\/International\/wp-json\/wp\/v2\/posts\/72698","targetHints":{"allow":["GET"]}}],"collection":[{"href":"https:\/\/linitiative.ca\/International\/wp-json\/wp\/v2\/posts"}],"about":[{"href":"https:\/\/linitiative.ca\/International\/wp-json\/wp\/v2\/types\/post"}],"author":[{"embeddable":true,"href":"https:\/\/linitiative.ca\/International\/wp-json\/wp\/v2\/users\/1789"}],"replies":[{"embeddable":true,"href":"https:\/\/linitiative.ca\/International\/wp-json\/wp\/v2\/comments?post=72698"}],"version-history":[{"count":0,"href":"https:\/\/linitiative.ca\/International\/wp-json\/wp\/v2\/posts\/72698\/revisions"}],"wp:featuredmedia":[{"embeddable":true,"href":"https:\/\/linitiative.ca\/International\/wp-json\/"}],"wp:attachment":[{"href":"https:\/\/linitiative.ca\/International\/wp-json\/wp\/v2\/media?parent=72698"}],"wp:term":[{"taxonomy":"category","embeddable":true,"href":"https:\/\/linitiative.ca\/International\/wp-json\/wp\/v2\/categories?post=72698"},{"taxonomy":"post_tag","embeddable":true,"href":"https:\/\/linitiative.ca\/International\/wp-json\/wp\/v2\/tags?post=72698"}],"curies":[{"name":"wp","href":"https:\/\/api.w.org\/{rel}","templated":true}]}}