{"id":72700,"date":"2020-01-10T16:57:58","date_gmt":"2020-01-10T21:57:58","guid":{"rendered":"https:\/\/linitiative.ca\/International\/tunisie-deniere-depeche-habib-jemli-pourrait-retirer-son-gouvernement-avant-le-vote\/"},"modified":"2020-01-10T16:57:58","modified_gmt":"2020-01-10T21:57:58","slug":"tunisie-deniere-depeche-habib-jemli-pourrait-retirer-son-gouvernement-avant-le-vote","status":"publish","type":"post","link":"https:\/\/linitiative.ca\/International\/tunisie-deniere-depeche-habib-jemli-pourrait-retirer-son-gouvernement-avant-le-vote\/","title":{"rendered":"Tunisie \u2013 DENIERE DEPECHE : Habib Jemli pourrait retirer son gouvernement avant le vote"},"content":{"rendered":"<div class=\"post-cont-in left relative\">\n<p>Selon Mosa\u00efque FM, le chef du gouvernement charg\u00e9, <a href=\"https:\/\/www.tunisienumerique.com\/tunisie-actualite\/habib-jemli\/\" title=\"Habib Jemli\" target=\"_top\" class=\"auto-link\" rel=\"noopener noreferrer\">Habib Jemli<\/a> pourrait annoncer le retrait de son gouvernement, juste avant le d\u00e9but du vote des d\u00e9put\u00e9s. La pr\u00e9sidence de l\u2019ARP, lui donnera la parole pour l\u2019annoncer lui-m\u00eame.<\/p>\n<div class=\"code-block code-block-1 c3\"><ins class=\"adsbygoogle c2\" data-ad-layout=\"in-article\" data-ad-format=\"fluid\" data-ad-client=\"ca-pub-2102118777505746\" data-ad-slot=\"7301775417\"\/> <\/div>\n<div class=\"swp_social_panel swp_horizontal_panel swp_flat_fresh swp_default_full_color swp_individual_full_color swp_other_full_color scale-100 scale-\" data-min-width=\"1100\" data-float-color=\"#ffffff\" data-float=\"bottom\" data-float-mobile=\"bottom\" data-transition=\"slide\">\n<div class=\"nc_tweetContainer swp_share_button total_shares total_sharesalt\"><span class=\"swp_count\">0 <span class=\"swp_label\">Partages<\/span><\/span><\/div>\n<\/div>\n<p><strong>Que se passe-t-il en Tunisie?<\/strong><br \/>Nous expliquons sur notre <a href=\"https:\/\/www.youtube.com\/channel\/UCRzypVq0B_yBad5eGrwBx0Q?sub_confirmation=1\" target=\"_blank\" rel=\"noopener noreferrer\">cha\u00eene YouTube<\/a> . <a href=\"https:\/\/www.youtube.com\/channel\/UCRzypVq0B_yBad5eGrwBx0Q?sub_confirmation=1\" target=\"_blank\" rel=\"noopener noreferrer\">Abonnez-vous!<\/a><\/p>\n<div class=\"mvp-org-wrap mvp-org-logo\" itemprop=\"publisher\" itemscope=\"\" itemtype=\"https:\/\/schema.org\/Organization\"><img decoding=\"async\" src=\"https:\/\/www.tunisienumerique.com\/wp-content\/uploads\/2017\/02\/logo_tunisie_numerique.png\"\/><\/div>\n<div class=\"mvp-related-posts left relative\">\n<h4 class=\"post-header\"><span class=\"post-header\">Lire aussi<\/span><\/h4>\n<\/div>\n<\/div>\n<p>Auteur: LM<br \/>\n<a href=\"https:\/\/www.tunisienumerique.com\/tunisie-deniere-depeche-habib-jemli-pourrait-retirer-son-gouvernement-avant-le-vote\/\">Cliquez ici pour lire l&rsquo;article depuis sa source.<\/a><\/p>\n","protected":false},"excerpt":{"rendered":"<p>Selon Mosa\u00efque FM, le chef du gouvernement charg\u00e9, Habib Jemli pourrait annoncer le retrait de son gouvernement, juste avant le d\u00e9but du vote des d\u00e9put\u00e9s. La pr\u00e9sidence de l\u2019ARP, lui donnera la parole pour l\u2019annoncer lui-m\u00eame. 0 Partages Que se passe-t-il en Tunisie?Nous expliquons sur notre cha\u00eene YouTube . Abonnez-vous! Lire aussi Auteur: LM Cliquez [&hellip;]<\/p>\n","protected":false},"author":1789,"featured_media":72701,"comment_status":"closed","ping_status":"closed","sticky":false,"template":"","format":"standard","meta":{"fifu_image_url":"","fifu_image_alt":"","footnotes":""},"categories":[73,55],"tags":[],"class_list":["post-72700","post","type-post","status-publish","format-standard","has-post-thumbnail","hentry","category-actualite","category-tunisie"],"_links":{"self":[{"href":"https:\/\/linitiative.ca\/International\/wp-json\/wp\/v2\/posts\/72700","targetHints":{"allow":["GET"]}}],"collection":[{"href":"https:\/\/linitiative.ca\/International\/wp-json\/wp\/v2\/posts"}],"about":[{"href":"https:\/\/linitiative.ca\/International\/wp-json\/wp\/v2\/types\/post"}],"author":[{"embeddable":true,"href":"https:\/\/linitiative.ca\/International\/wp-json\/wp\/v2\/users\/1789"}],"replies":[{"embeddable":true,"href":"https:\/\/linitiative.ca\/International\/wp-json\/wp\/v2\/comments?post=72700"}],"version-history":[{"count":0,"href":"https:\/\/linitiative.ca\/International\/wp-json\/wp\/v2\/posts\/72700\/revisions"}],"wp:featuredmedia":[{"embeddable":true,"href":"https:\/\/linitiative.ca\/International\/wp-json\/"}],"wp:attachment":[{"href":"https:\/\/linitiative.ca\/International\/wp-json\/wp\/v2\/media?parent=72700"}],"wp:term":[{"taxonomy":"category","embeddable":true,"href":"https:\/\/linitiative.ca\/International\/wp-json\/wp\/v2\/categories?post=72700"},{"taxonomy":"post_tag","embeddable":true,"href":"https:\/\/linitiative.ca\/International\/wp-json\/wp\/v2\/tags?post=72700"}],"curies":[{"name":"wp","href":"https:\/\/api.w.org\/{rel}","templated":true}]}}