{"id":72704,"date":"2020-01-10T14:50:05","date_gmt":"2020-01-10T19:50:05","guid":{"rendered":"https:\/\/linitiative.ca\/International\/independantistes-catalans-le-parlement-europeen-retire-son-mandat-a-junqueras\/"},"modified":"2020-01-10T14:50:05","modified_gmt":"2020-01-10T19:50:05","slug":"independantistes-catalans-le-parlement-europeen-retire-son-mandat-a-junqueras","status":"publish","type":"post","link":"https:\/\/linitiative.ca\/International\/independantistes-catalans-le-parlement-europeen-retire-son-mandat-a-junqueras\/","title":{"rendered":"Ind\u00e9pendantistes catalans : le Parlement europ\u00e9en retire son mandat \u00e0 Junqueras"},"content":{"rendered":"<div readability=\"32\">\n<p>Publi\u00e9 le 10.01.2020 \u00e0 20h50 par AFP<\/p>\n<\/div>\n<div readability=\"133\">\n<p>Le Parlement europ\u00e9en, secou\u00e9 par les d\u00e9chirements espagnols \u00e0 propos de la Catalogne, a retir\u00e9 vendredi son mandat d\u2019eurod\u00e9put\u00e9 \u00e0 l\u2019ind\u00e9pendantiste Oriol Junqueras, au lendemain d\u2019une d\u00e9cision en ce sens de la justice espagnole.<\/p>\n<p>\u00ab\u00a0Le mandat de M. Junqueras (qui avait \u00e9t\u00e9 \u00e9lu au scrutin europ\u00e9en de fin mai, ndlr) a pris fin avec effet au 3 janvier 2020\u00a0\u00bb, a \u00e9crit dans un communiqu\u00e9 le pr\u00e9sident du Parlement, l\u2019Italien David Sassoli.<\/p>\n<p>A cette date, la Commission \u00e9lectorale centrale espagnole avait retir\u00e9 ce mandat, une d\u00e9cision confirm\u00e9e jeudi par la Cour supr\u00eame \u00e0 Madrid.<\/p>\n<p>Cette juridiction a estim\u00e9 que la condamnation de M. Junqueras en octobre \u00e0 13 ans de prison et d\u2019in\u00e9ligibilit\u00e9 pour s\u00e9dition et d\u00e9tournement de fonds, \u00ab\u00a0impliqu(ait) l\u2019exclusion du statut de d\u00e9put\u00e9 europ\u00e9en\u00a0\u00bb pourtant reconnu par la justice europ\u00e9enne.<\/p>\n<p>L\u2019annonce de David Sassoli a \u00e9t\u00e9 salu\u00e9e par l\u2019eurod\u00e9put\u00e9e espagnole du PPE (droite) Dolors Montserrat.<\/p>\n<p>\u00ab\u00a0La justice est rendue (\u2026) C\u2019est une d\u00e9faite pour ceux qui ont l\u2019intention d\u2019utiliser les institutions europ\u00e9ennes pour mentir et nuire \u00e0 l\u2019Espagne\u00a0\u00bb, a twitt\u00e9 cette \u00e9lue catalane farouchement oppos\u00e9e aux s\u00e9paratistes.<\/p>\n<p>A l\u2019inverse, l\u2019eurod\u00e9put\u00e9e fran\u00e7aise Manon Aubry (gauche radicale) a accus\u00e9 David Sassoli de s\u2019\u00eatre \u00ab\u00a0\u00e9cras\u00e9 devant la justice politique espagnole\u00a0\u00bb.<\/p>\n<p>\u00ab\u00a0L\u2019arr\u00eat r\u00e9cent de la Cour de justice europ\u00e9enne, l\u2019\u00e9tat de droit et la d\u00e9mocratie sont pi\u00e9tin\u00e9s dans un silence embarrass\u00e9\u00a0\u00bb, a r\u00e9agi Mme Aubry, \u00e9galement sur Twitter.<\/p>\n<p>Le 19 d\u00e9cembre, la Cour de justice de l\u2019UE avait donn\u00e9 raison \u00e0 M. Junqueras, l\u2019ancien num\u00e9ro deux du gouvernement catalan de Carles Puigdemont, estimant qu\u2019en tant qu\u2019eurod\u00e9put\u00e9 il disposait d\u2019une immunit\u00e9 \u00ab\u00a0d\u00e8s la proclamation des r\u00e9sultats\u00a0\u00bb de l\u2019\u00e9lection.<\/p>\n<p>\u2013 Cas \u00e9pineux \u2013<\/p>\n<p>Les s\u00e9paratistes avaient consid\u00e9r\u00e9 comme une victoire la d\u00e9cision de la CJUE. Elle a permis \u00e0 Carles Puigdemont et \u00e0 son \u00ab\u00a0ministre\u00a0\u00bb Toni Comin \u2013 qui avaient fui \u00e0 Bruxelles les poursuites de la justice espagnole en 2017 et ont aussi \u00e9t\u00e9 \u00e9lus eurod\u00e9put\u00e9s le 26 mai \u2013 de s\u2019accr\u00e9diter pour si\u00e9ger au Parlement europ\u00e9en.<\/p>\n<p>Dans son communiqu\u00e9, diffus\u00e9 \u00e0 trois jours de la premi\u00e8re session pl\u00e9ni\u00e8re de 2020 du Parlement \u00e0 Strasbourg, M. Sassoli rel\u00e8ve d\u2019ailleurs que MM. Puigdemont et Comin pourront si\u00e9ger dans l\u2019h\u00e9micycle la semaine prochaine.<\/p>\n<p>Mais le si\u00e8ge d\u2019Oriol Junqueras restera donc vide malgr\u00e9 l\u2019appel lanc\u00e9 vendredi dans une lettre \u00e9crite en son nom par l\u2019eurod\u00e9put\u00e9e espagnole Diana Riba.<\/p>\n<p>Dans ce courrier, vu par l\u2019AFP, il \u00e9tait exig\u00e9 de M. Sassoli qu\u2019il r\u00e9clame la lib\u00e9ration du responsable catalan et qu\u2019il \u00ab\u00a0informe les autorit\u00e9s espagnoles comp\u00e9tentes de leurs obligations vis-\u00e0-vis de la l\u00e9gislation de l\u2019UE\u00a0\u00bb.<\/p>\n<p>\u00ab\u00a0Il est fondamental que le Parlement europ\u00e9en prot\u00e8ge les droits de ses membres, sa propre ind\u00e9pendance et son bon fonctionnement\u00a0\u00bb, plaidait-il.<\/p>\n<p>Mardi, Oriol Junqueras avait \u00e9t\u00e9 \u00e9lu \u00e0 la t\u00eate de la formation ALE (Alliance libre europ\u00e9enne), qui compose avec les Verts la quatri\u00e8me force politique du Parlement de Strasbourg. Il \u00e9tait ainsi devenu vice-pr\u00e9sident du groupe Verts-ALE.<\/p>\n<p>Interrog\u00e9 vendredi \u00e0 la mi-journ\u00e9e sur ce cas \u00e9pineux, l\u2019ex\u00e9cutif europ\u00e9en a \u00e9voqu\u00e9 la n\u00e9cessit\u00e9 pour les Etats membres de se conformer aux d\u00e9cisions de la CJUE.<\/p>\n<p>\u00ab\u00a0Il est \u00e9vident que tous les Etats membres doivent respecter les r\u00e8gles et les d\u00e9cisions prises par la Cour de justice, c\u2019est tr\u00e8s important. Ces d\u00e9cisions doivent \u00eatre interpr\u00e9t\u00e9es correctement et appliqu\u00e9es dans la pratique\u00a0\u00bb, a soulign\u00e9 un porte-parole de la Commission, Stefan De Keersmaecker.<\/p>\n<p>Quant \u00e0 MM. Puigdemont et Comin, vis\u00e9s chacun par un mandat d\u2019arr\u00eat europ\u00e9en \u00e9mis \u00e0 Madrid, un juge espagnol a demand\u00e9 vendredi au Parlement europ\u00e9en de suspendre leur immunit\u00e9.<\/p>\n<p>Le Parlement ne pouvait pas pour le moment confirmer la r\u00e9ception de cette requ\u00eate. Les demandes d\u2019immunit\u00e9 sont annonc\u00e9es en pl\u00e9ni\u00e8re puis renvoy\u00e9es \u00e0 la commission des affaires juridiques pour \u00eatre examin\u00e9es. In fine, la d\u00e9cision est prise par l\u2019ensemble des eurod\u00e9put\u00e9s \u00e0 la majorit\u00e9 simple.<\/p>\n<\/div>\n<p>Auteur: AFP<br \/>\n<a href=\"https:\/\/www.journalducameroun.com\/independantistes-catalans-le-parlement-europeen-retire-son-mandat-a-junqueras\/\">Cliquez ici pour lire l&rsquo;article depuis sa source.<\/a><\/p>\n","protected":false},"excerpt":{"rendered":"<p>Publi\u00e9 le 10.01.2020 \u00e0 20h50 par AFP Le Parlement europ\u00e9en, secou\u00e9 par les d\u00e9chirements espagnols \u00e0 propos de la Catalogne, a retir\u00e9 vendredi son mandat d\u2019eurod\u00e9put\u00e9 \u00e0 l\u2019ind\u00e9pendantiste Oriol Junqueras, au lendemain d\u2019une d\u00e9cision en ce sens de la justice espagnole. \u00ab\u00a0Le mandat de M. Junqueras (qui avait \u00e9t\u00e9 \u00e9lu au scrutin europ\u00e9en de fin [&hellip;]<\/p>\n","protected":false},"author":1965,"featured_media":0,"comment_status":"closed","ping_status":"closed","sticky":false,"template":"","format":"standard","meta":{"fifu_image_url":"","fifu_image_alt":"","footnotes":""},"categories":[73,82],"tags":[],"class_list":["post-72704","post","type-post","status-publish","format-standard","hentry","category-actualite","category-cameroun"],"_links":{"self":[{"href":"https:\/\/linitiative.ca\/International\/wp-json\/wp\/v2\/posts\/72704","targetHints":{"allow":["GET"]}}],"collection":[{"href":"https:\/\/linitiative.ca\/International\/wp-json\/wp\/v2\/posts"}],"about":[{"href":"https:\/\/linitiative.ca\/International\/wp-json\/wp\/v2\/types\/post"}],"author":[{"embeddable":true,"href":"https:\/\/linitiative.ca\/International\/wp-json\/wp\/v2\/users\/1965"}],"replies":[{"embeddable":true,"href":"https:\/\/linitiative.ca\/International\/wp-json\/wp\/v2\/comments?post=72704"}],"version-history":[{"count":0,"href":"https:\/\/linitiative.ca\/International\/wp-json\/wp\/v2\/posts\/72704\/revisions"}],"wp:attachment":[{"href":"https:\/\/linitiative.ca\/International\/wp-json\/wp\/v2\/media?parent=72704"}],"wp:term":[{"taxonomy":"category","embeddable":true,"href":"https:\/\/linitiative.ca\/International\/wp-json\/wp\/v2\/categories?post=72704"},{"taxonomy":"post_tag","embeddable":true,"href":"https:\/\/linitiative.ca\/International\/wp-json\/wp\/v2\/tags?post=72704"}],"curies":[{"name":"wp","href":"https:\/\/api.w.org\/{rel}","templated":true}]}}