{"id":72707,"date":"2020-01-10T17:50:03","date_gmt":"2020-01-10T22:50:03","guid":{"rendered":"https:\/\/linitiative.ca\/International\/au-mexique-un-eleve-tue-sa-professeure-et-se-suicide\/"},"modified":"2020-01-10T17:50:03","modified_gmt":"2020-01-10T22:50:03","slug":"au-mexique-un-eleve-tue-sa-professeure-et-se-suicide","status":"publish","type":"post","link":"https:\/\/linitiative.ca\/International\/au-mexique-un-eleve-tue-sa-professeure-et-se-suicide\/","title":{"rendered":"Au Mexique, un \u00e9l\u00e8ve tue sa professeure et se suicide"},"content":{"rendered":"<div readability=\"32\">\n<p>Publi\u00e9 le 10.01.2020 \u00e0 23h50 par AFP<\/p>\n<\/div>\n<div readability=\"118\">\n<p>Un \u00e9l\u00e8ve de onze ans a tu\u00e9 une enseignante et bless\u00e9 six personnes avant de se suicider vendredi dans une \u00e9cole au Mexique, choquant un pays plus habitu\u00e9 \u00e0 ce genre de drame aux \u00c9tats-Unis.<\/p>\n<p>Le gar\u00e7on a ouvert le feu dans l\u2019enceinte de son \u00e9cole \u00e0 Torreon, une ville de l\u2019\u00c9tat de Coahuila, dans le nord du Mexique, connu pour \u00eatre le th\u00e9\u00e2tre de violences li\u00e9s au trafic de drogues.<\/p>\n<p>Aucun mobile n\u2019a encore \u00e9t\u00e9 avanc\u00e9 par les autorit\u00e9s. Cependant, le gouverneur de Coahuila, Miguel Angel Riquelme a fait mention d\u2019un jeu vid\u00e9o sur le march\u00e9 depuis 2002, fond\u00e9 notamment sur le tir \u00e0 vue.<\/p>\n<p>\u2013 Un jeu vid\u00e9o ? \u2013<\/p>\n<p>\u00ab\u00a0Le gar\u00e7on a pu \u00eatre influenc\u00e9 par un jeu vid\u00e9o appel\u00e9 Natural Selection. Il portait un T-Shirt qui le mentionnait\u00a0\u00bb, a fait valoir le gouverneur.<\/p>\n<p>\u00ab\u00a0Il a pu tenter de recr\u00e9er (ce jeu vid\u00e9o) et a dit \u00e0 ses camarades de classe +Aujourd\u2019hui c\u2019est le jour+\u00a0\u00bb, a-t-il ajout\u00e9 en indiquant que le jeu \u00ab\u00a0simulait la manipulation d\u2019armes de gros calibre\u00a0\u00bb.<\/p>\n<p>Plusieurs m\u00e9dias mexicains ont rappel\u00e9 que les adolescents auteurs de la fusillade dans l\u2019\u00e9cole Columbine, aux Etats-Unis, en 1999, o\u00f9 deux lyc\u00e9es en avaient tu\u00e9 13 autres, arboraient un T-shirt blanc avec la l\u00e9gende \u00ab\u00a0Natural Selection\u00a0\u00bb, bien que ce jeu vid\u00e9o ait \u00e9t\u00e9 mis sur le march\u00e9 trois ans plus tard et n\u2019a donc aucun rapport avec Columbine.<\/p>\n<p>Selon les premiers \u00e9l\u00e9ments de l\u2019enqu\u00eate de la police locale, l\u2019\u00e9l\u00e8ve de l\u2019\u00e9cole Cervant\u00e8s \u00e9tait porteur de deux pistolets avec lesquels il a abattu son enseignante \u00e2g\u00e9e de 50 ans.<\/p>\n<p>Au d\u00e9but de la matin\u00e9e, \u00e0 08:20 locales (14:20 GMT), \u00ab\u00a0il a demand\u00e9 la permission d\u2019aller aux toilettes. Voyant qu\u2019il ne revenait pas au bout de 15 minutes, sa professeure a \u00e9t\u00e9 le chercher\u00a0\u00bb, a expliqu\u00e9 le gouverneur lors d\u2019une conf\u00e9rence de presse.<\/p>\n<p>\u00ab\u00a0Elle a alors vu dans le couloir l\u2019\u00e9l\u00e8ve qui avait chang\u00e9 de v\u00eatements, arm\u00e9 de deux pistolets, un dans chaque main, et il s\u2019est mis \u00e0 tirer\u00a0\u00bb, a-t-il ajout\u00e9.<\/p>\n<p>Dans la fusillade qui a suivi, il a bless\u00e9 cinq autres \u00e9l\u00e8ves de l\u2019\u00e9tablissement et un professeur d\u2019\u00e9ducation physique. Tous les bless\u00e9s ont \u00e9t\u00e9 transf\u00e9r\u00e9s dans un h\u00f4pital voisin. Deux seraient dans un \u00e9tat s\u00e9rieux, selon le maire de Torreon, Jorge Zermeno.<\/p>\n<p>\u00ab\u00a0Le gar\u00e7on vivait avec sa grand-m\u00e8re. Il souffrait tr\u00e8s certainement de probl\u00e8mes (psychologiques), m\u00eame s\u2019il avait de tr\u00e8s bonnes notes\u00a0\u00bb, a d\u00e9clar\u00e9 le maire \u00e0 la cha\u00eene de t\u00e9l\u00e9vision locale Televisa.<\/p>\n<p>Il avait perdu sa m\u00e8re \u00ab\u00a0il y a quelques ann\u00e9es\u00a0\u00bb, a pr\u00e9cis\u00e9 de son c\u00f4t\u00e9 M. Riquelme.<\/p>\n<p>\u2013 Bon comportement \u00e0 l\u2019\u00e9cole \u2013<\/p>\n<p>\u00ab\u00a0Il \u00e9tait connu pour bien se comporter \u00e0 l\u2019\u00e9cole\u00a0\u00bb, a d\u00e9clar\u00e9 le gouverneur en se disant \u00ab\u00a0constern\u00e9\u00a0\u00bb.<\/p>\n<p>\u00ab\u00a0Nous regrettons beaucoup ce qui s\u2019est pass\u00e9. C\u2019est choquant pour nous tous. Je veux r\u00e9it\u00e9rer que ce genre de choses ne constitue pas la norme dans nos \u00e9coles\u00a0\u00bb, a-t-il dit.<\/p>\n<p>Cette fusillade n\u2019est cependant pas sans pr\u00e9c\u00e9dent au Mexique. En 2014, un \u00e9l\u00e8ve de 15 ans a tu\u00e9 par balle un camarade de classe dans le centre de l\u2019Etat de Mexico et en 2017 un autre \u00e9l\u00e8ve du m\u00eame \u00e2ge en a bless\u00e9 quatre autres dans un lyc\u00e9e de Monterey, dans le nord du pays.<\/p>\n<\/div>\n<p>Auteur: AFP<br \/>\n<a href=\"https:\/\/www.journalducameroun.com\/au-mexique-un-eleve-tue-sa-professeure-et-se-suicide\/\">Cliquez ici pour lire l&rsquo;article depuis sa source.<\/a><\/p>\n","protected":false},"excerpt":{"rendered":"<p>Publi\u00e9 le 10.01.2020 \u00e0 23h50 par AFP Un \u00e9l\u00e8ve de onze ans a tu\u00e9 une enseignante et bless\u00e9 six personnes avant de se suicider vendredi dans une \u00e9cole au Mexique, choquant un pays plus habitu\u00e9 \u00e0 ce genre de drame aux \u00c9tats-Unis. Le gar\u00e7on a ouvert le feu dans l\u2019enceinte de son \u00e9cole \u00e0 Torreon, [&hellip;]<\/p>\n","protected":false},"author":1965,"featured_media":0,"comment_status":"closed","ping_status":"closed","sticky":false,"template":"","format":"standard","meta":{"fifu_image_url":"","fifu_image_alt":"","footnotes":""},"categories":[73,82],"tags":[],"class_list":["post-72707","post","type-post","status-publish","format-standard","hentry","category-actualite","category-cameroun"],"_links":{"self":[{"href":"https:\/\/linitiative.ca\/International\/wp-json\/wp\/v2\/posts\/72707","targetHints":{"allow":["GET"]}}],"collection":[{"href":"https:\/\/linitiative.ca\/International\/wp-json\/wp\/v2\/posts"}],"about":[{"href":"https:\/\/linitiative.ca\/International\/wp-json\/wp\/v2\/types\/post"}],"author":[{"embeddable":true,"href":"https:\/\/linitiative.ca\/International\/wp-json\/wp\/v2\/users\/1965"}],"replies":[{"embeddable":true,"href":"https:\/\/linitiative.ca\/International\/wp-json\/wp\/v2\/comments?post=72707"}],"version-history":[{"count":0,"href":"https:\/\/linitiative.ca\/International\/wp-json\/wp\/v2\/posts\/72707\/revisions"}],"wp:attachment":[{"href":"https:\/\/linitiative.ca\/International\/wp-json\/wp\/v2\/media?parent=72707"}],"wp:term":[{"taxonomy":"category","embeddable":true,"href":"https:\/\/linitiative.ca\/International\/wp-json\/wp\/v2\/categories?post=72707"},{"taxonomy":"post_tag","embeddable":true,"href":"https:\/\/linitiative.ca\/International\/wp-json\/wp\/v2\/tags?post=72707"}],"curies":[{"name":"wp","href":"https:\/\/api.w.org\/{rel}","templated":true}]}}