{"id":72708,"date":"2020-01-10T17:50:06","date_gmt":"2020-01-10T22:50:06","guid":{"rendered":"https:\/\/linitiative.ca\/International\/malte-les-adieux-du-premier-ministre-muscat-desole-du-meurtre-de-daphne-caruana\/"},"modified":"2020-01-10T17:50:06","modified_gmt":"2020-01-10T22:50:06","slug":"malte-les-adieux-du-premier-ministre-muscat-desole-du-meurtre-de-daphne-caruana","status":"publish","type":"post","link":"https:\/\/linitiative.ca\/International\/malte-les-adieux-du-premier-ministre-muscat-desole-du-meurtre-de-daphne-caruana\/","title":{"rendered":"Malte: les adieux du Premier ministre Muscat, \u00ab\u00a0d\u00e9sol\u00e9\u00a0\u00bb du meurtre de Daphne Caruana"},"content":{"rendered":"<div readability=\"32\">\n<p>Publi\u00e9 le 10.01.2020 \u00e0 23h50 par AFP<\/p>\n<\/div>\n<div readability=\"150\">\n<p>Joseph Muscat, le chef du gouvernement maltais, a fait ses adieux au pouvoir vendredi se disant \u00ab\u00a0d\u00e9sol\u00e9\u00a0\u00bb pour le meurtre de la journaliste Daphne Caruana Galizia, \u00e0 l\u2019origine de son d\u00e9part, mais assurant \u00ab\u00a0avoir pay\u00e9 le prix fort\u00a0\u00bb pour cette affaire.<\/p>\n<p>Accus\u00e9 d\u2019avoir interf\u00e9r\u00e9 et prot\u00e9g\u00e9 ses collaborateurs dans l\u2019enqu\u00eate sur le meurtre de la blogueuse maltaise, Joseph Muscat avait d\u00fb se r\u00e9soudre le 1er d\u00e9cembre \u00e0 annoncer son d\u00e9part.<\/p>\n<p>\u00ab\u00a0Je suis d\u00e9sol\u00e9 pour le meurtre de (Daphne) Caruana Galizia, une m\u00e8re qui a \u00e9t\u00e9 tu\u00e9e \u00e0 cause de ce en quoi elle croyait et de ce qu\u2019elle a \u00e9crit\u00a0\u00bb, a d\u00e9clar\u00e9 Joseph Muscat lors d\u2019une c\u00e9r\u00e9monie organis\u00e9e par le Parti travailliste, sa formation de centre-gauche, avant l\u2019\u00e9lection de son successeur pr\u00e9vue ce week-end.<\/p>\n<p>\u00ab\u00a0Elle m\u2019a fait du mal aussi, mais j\u2019ai pay\u00e9 le prix fort pour que cette affaire soit r\u00e9solue sous mon autorit\u00e9\u00a0\u00bb, a-t-il ajout\u00e9 devant quelques milliers de supporteurs.<\/p>\n<p>Daphne Caruana qui tenait un blog tr\u00e8s suivi o\u00f9 elle d\u00e9non\u00e7ait la corruption des \u00e9lites du petit archipel d\u2019un demi-million d\u2019habitants, a p\u00e9ri le 16 octobre 2017 dans l\u2019explosion de sa voiture pi\u00e9g\u00e9e, un assassinat qui avait choqu\u00e9 toute l\u2019Europe.<\/p>\n<p>Moins d\u2019une heure avant sa mort, elle \u00e9crivait encore sur son blog: \u00ab\u00a0il y a des escrocs partout o\u00f9 l\u2019on regarde, la situation est d\u00e9sesp\u00e9r\u00e9e\u00a0\u00bb.<\/p>\n<p>\u00ab\u00a0Malgr\u00e9 le soutien de mon groupe parlementaire et de la majorit\u00e9 absolue de la population, j\u2019ai pris une d\u00e9cision dans l\u2019int\u00e9r\u00eat du pays. J\u2019ai consacr\u00e9 ma vie \u00e0 ce pays et je ne le regrette pas\u00a0\u00bb, a d\u00e9clar\u00e9 Joseph Muscat en retenant ses larmes.<\/p>\n<p>\u2013 Succ\u00e8s \u00e9conomiques \u2013<\/p>\n<p>Il a \u00e9gren\u00e9 les succ\u00e8s \u00e9conomiques et sociaux obtenus sous son gouvernement, assurant que la croissance maltaise devrait \u00eatre cette ann\u00e9e sup\u00e9rieure \u00e0 celle de tout autre pays de l\u2019UE.<\/p>\n<p>A l\u2019annonce de son d\u00e9part, fix\u00e9 au 12 janvier une fois son successeur \u00e9lu, la famille de Daphne Caruana et le parlement europ\u00e9en avaient appel\u00e9 M. Muscat \u00e0 d\u00e9missionner imm\u00e9diatement mais, gr\u00e2ce au soutien de son parti et \u00e0 une forte popularit\u00e9 li\u00e9e \u00e0 de spectaculaires performances \u00e9conomiques (+6,6% de croissance en 2018), il a r\u00e9ussi \u00e0 se maintenir en poste.<\/p>\n<p>Il s\u2019est m\u00eame pay\u00e9 le luxe d\u2019aller \u00e0 Rome rencontrer le pape le 7 d\u00e9cembre, \u00e0 Bethl\u00e9em pour la messe de No\u00ebl, \u00e0 Duba\u00ef et \u00e0 Londres o\u00f9, selon des m\u00e9dias maltais, il aurait rencontr\u00e9 un fameux avocat.<\/p>\n<p>Pour le moment, suite aux investigations men\u00e9es en collaboration avec Interpol et l\u2019agence am\u00e9ricaine FBI, trois hommes consid\u00e9r\u00e9s comme de simples ex\u00e9cutants sont en proc\u00e8s, et un homme d\u2019affaires en vue, Jorge Fenech, a \u00e9t\u00e9 inculp\u00e9 de complicit\u00e9 alors qu\u2019il tentait de fuir sur son yacht.<\/p>\n<p>Son arrestation a entra\u00een\u00e9 la d\u00e9mission du ministre du Tourisme (et pr\u00e9c\u00e9demment de l\u2019Energie), Konrad Mizzi, et du chef de cabinet de M. Muscat, Keith Schembri.<\/p>\n<p>En creusant le volet maltais des fameux Panama Papers, Daphne Caruana avait r\u00e9v\u00e9l\u00e9 qu\u2019une soci\u00e9t\u00e9 de Dubai, la 17 Black, aurait vers\u00e9 2 millions d\u2019euros \u00e0 MM. Schembri et Mizzi pour des services non pr\u00e9cis\u00e9s. Le consortium de journalistes Daphne Project, qui a repris ses enqu\u00eates, a r\u00e9v\u00e9l\u00e9 que la 17 Black appartenait \u00e0 Jorge Fenech.<\/p>\n<p>\u2013 \u00ab\u00a0Mentalit\u00e9 malade\u00a0\u00bb \u2013<\/p>\n<p>M. Fenech accuse M. Schembri d\u2019avoir \u00e9t\u00e9 le \u00ab\u00a0vrai commanditaire\u00a0\u00bb du meurtre de Mme Caruana. Interpell\u00e9 bri\u00e8vement, il avait \u00e9t\u00e9 lib\u00e9r\u00e9 sans poursuites fin novembre, alimentant de nouvelles manifestations pour d\u00e9noncer une collusion entre le gouvernement et la police.<\/p>\n<p>Pour la premi\u00e8re fois de son histoire, le Parti travailliste a convoqu\u00e9 une \u00e9lection d\u2019un nouveau chef pendant que sa formation est au pouvoir. Dans le syst\u00e8me parlementaire maltais, le nouveau leader sera automatiquement Premier ministre pour les deux ans et demi restants de mandat.<\/p>\n<p>Environ 17.500 membres du Labour maltais doivent voter samedi de 8H00 \u00e0 20H00 locales (19H00 GMT) dans treize centres dont l\u2019un sur l\u2019\u00eele touristique de Gozo.<\/p>\n<p>Deux candidats se disputent le fauteuil de M. Muscat: le vice-Premier ministre sortant et ministre de la Sant\u00e9, Chris Fearne, un chirurgien de 56 ans, consid\u00e9r\u00e9 comme le favori, et un avocat d\u2019affaires, Robert Abela, 42 ans.<\/p>\n<\/div>\n<p>Auteur: AFP<br \/>\n<a href=\"https:\/\/www.journalducameroun.com\/malte-les-adieux-du-premier-ministre-muscat-desole-du-meurtre-de-daphne-caruana\/\">Cliquez ici pour lire l&rsquo;article depuis sa source.<\/a><\/p>\n","protected":false},"excerpt":{"rendered":"<p>Publi\u00e9 le 10.01.2020 \u00e0 23h50 par AFP Joseph Muscat, le chef du gouvernement maltais, a fait ses adieux au pouvoir vendredi se disant \u00ab\u00a0d\u00e9sol\u00e9\u00a0\u00bb pour le meurtre de la journaliste Daphne Caruana Galizia, \u00e0 l\u2019origine de son d\u00e9part, mais assurant \u00ab\u00a0avoir pay\u00e9 le prix fort\u00a0\u00bb pour cette affaire. Accus\u00e9 d\u2019avoir interf\u00e9r\u00e9 et prot\u00e9g\u00e9 ses collaborateurs [&hellip;]<\/p>\n","protected":false},"author":1965,"featured_media":0,"comment_status":"closed","ping_status":"closed","sticky":false,"template":"","format":"standard","meta":{"fifu_image_url":"","fifu_image_alt":"","footnotes":""},"categories":[73,82],"tags":[],"class_list":["post-72708","post","type-post","status-publish","format-standard","hentry","category-actualite","category-cameroun"],"_links":{"self":[{"href":"https:\/\/linitiative.ca\/International\/wp-json\/wp\/v2\/posts\/72708","targetHints":{"allow":["GET"]}}],"collection":[{"href":"https:\/\/linitiative.ca\/International\/wp-json\/wp\/v2\/posts"}],"about":[{"href":"https:\/\/linitiative.ca\/International\/wp-json\/wp\/v2\/types\/post"}],"author":[{"embeddable":true,"href":"https:\/\/linitiative.ca\/International\/wp-json\/wp\/v2\/users\/1965"}],"replies":[{"embeddable":true,"href":"https:\/\/linitiative.ca\/International\/wp-json\/wp\/v2\/comments?post=72708"}],"version-history":[{"count":0,"href":"https:\/\/linitiative.ca\/International\/wp-json\/wp\/v2\/posts\/72708\/revisions"}],"wp:attachment":[{"href":"https:\/\/linitiative.ca\/International\/wp-json\/wp\/v2\/media?parent=72708"}],"wp:term":[{"taxonomy":"category","embeddable":true,"href":"https:\/\/linitiative.ca\/International\/wp-json\/wp\/v2\/categories?post=72708"},{"taxonomy":"post_tag","embeddable":true,"href":"https:\/\/linitiative.ca\/International\/wp-json\/wp\/v2\/tags?post=72708"}],"curies":[{"name":"wp","href":"https:\/\/api.w.org\/{rel}","templated":true}]}}