{"id":72709,"date":"2020-01-10T08:35:37","date_gmt":"2020-01-10T13:35:37","guid":{"rendered":"https:\/\/linitiative.ca\/International\/risque-daugmentation-du-cout-des-bouquets-canal-sat-tv-tnt-africa-free-africa-au-cameroun\/"},"modified":"2020-01-10T08:35:37","modified_gmt":"2020-01-10T13:35:37","slug":"risque-daugmentation-du-cout-des-bouquets-canal-sat-tv-tnt-africa-free-africa-au-cameroun","status":"publish","type":"post","link":"https:\/\/linitiative.ca\/International\/risque-daugmentation-du-cout-des-bouquets-canal-sat-tv-tnt-africa-free-africa-au-cameroun\/","title":{"rendered":"Risque d\u2019augmentation du co\u00fbt des bouquets Canal Sat, TV+, TNT Africa, Free Africa au Cameroun"},"content":{"rendered":"<div class=\"featured-area featured-area-inner\"><img loading=\"lazy\" decoding=\"async\" width=\"424\" height=\"283\" src=\"https:\/\/ecomatin.net\/wp-content\/uploads\/2020\/01\/url.jpg?is-pending-load=1\" class=\"attachment-jannah-image-post size-jannah-image-post wp-post-image jetpack-lazy-image\" alt=\"\" data-lazy-srcset=\"https:\/\/ecomatin.net\/wp-content\/uploads\/2020\/01\/url.jpg 424w, https:\/\/ecomatin.net\/wp-content\/uploads\/2020\/01\/url-300x200.jpg 300w\" data-lazy-sizes=\"(max-width: 424px) 100vw, 424px\" srcset=\"data:image\/gif;base64,R0lGODlhAQABAIAAAAAAAP\/\/\/yH5BAEAAAAALAAAAAABAAEAAAIBRAA7\"\/><\/div>\n<div class=\"entry-content entry clearfix\" readability=\"56.363190184\">\n<p>Dans la circulaire sign\u00e9e le 31 d\u00e9cembre 2019, <strong>Louis Paul Motaze,<\/strong> ministre des Finances, une mesure non n\u00e9gligeable est contenue dans la sous-rubrique\u00a0 <em>\u00ab\u00a0Mesures d\u2019optimisation de la mobilisation des recettes fiscales douani\u00e8res et non fiscales\u00a0\u00bb.<\/em> Elle se penche sur l\u2019\u00e9largissement du champ d\u2019application des droits d\u2019accises aux bouquets des programmes et contenus audiovisuels num\u00e9riques.<\/p>\n<p>Selon le document, les <strong>droits d\u2019accises<\/strong> applicables aux bouquets <strong>des programmes et contenus num\u00e9riques<\/strong> sont soumis au taux moyen de <strong>12,5%.<\/strong>\u00a0 C\u2019est dire que, les abonn\u00e9s aux diff\u00e9rents bouquets qu\u2019offrent les op\u00e9rateurs verront leurs frais d\u2019abonnements mensuels augmenter. Pour le cas de <strong>Canal Sat<\/strong>, par exemple, l\u2019abonn\u00e9 qui paie <strong>5\u2009000 FCFA<\/strong> par mois, pourrait d\u00e9sormais d\u00e9bourser un montant de <strong>5\u2009625 FCFA<\/strong>, soit une hausse de <strong>625 FCFA<\/strong>. Ceux qui ont souscrit \u00e0 un abonnement mensuel de <strong>10\u2009000 FCFA<\/strong> d\u00e9penseront <strong>11\u2009250 FCFA<\/strong>, soit une variation de 1\u2009250 FCFA. Les abonn\u00e9s du bouquet de 20\u2009000 FCFA par mois paieront 22\u2009500 FCFA, soit une hausse de 2\u2009500 FCFA.<\/p>\n<p>Cette mesure du Minfi \u00a0va contribuer \u00e0 l\u2019\u00e9largissement de l\u2019assiette des recettes en 2020. D\u2019autres mesures visant \u00e0 ma\u00eetriser l\u2019assiette de l\u2019imp\u00f4t sont prescrites dans la circulaire du 31 d\u00e9cembre. Il s\u2019agit par exemple de la soumission \u00e0 la TVA des ventes de biens et prestations de service effectu\u00e9es en ligne sur le territoire camerounais \u00e0 travers les plateformes num\u00e9riques, ainsi que les commissions.<\/p>\n<div class=\"sharedaddy sd-sharing-enabled robots-nocontent sd-block sd-social sd-social-icon-text sd-sharing\">\n<h3 class=\"sd-title\">Partager\u00a0:<\/h3>\n<\/div>\n<p><h3 class=\"jp-relatedposts-headline\"><em>Articles similaires<\/em><\/h3>\n<\/p>\n<div class=\"stream-item stream-item-below-post-content\"><a href=\"http:\/\/www.tourdelespoir.com\/\" title=\"\"><img loading=\"lazy\" decoding=\"async\" src=\"https:\/\/ecomatin.net\/wp-content\/uploads\/2020\/01\/ecomatin-H1260-xL-6222-px.png\" alt=\"\" width=\"728\" height=\"90\"\/><\/a><\/div>\n<\/div>\n<div class=\"toggle-post-content clearfix\"><a id=\"toggle-post-button\" class=\"button\" href=\"#\">Afficher plus <\/a><\/div>\n<p>Auteur: Ecomatin<br \/>\n<a href=\"https:\/\/ecomatin.net\/risque-daugmentation-du-cout-des-bouquets-canal-sat-tv-tnt-africa-free-africa-au-cameroun\/\">Cliquez ici pour lire l&rsquo;article depuis sa source.<\/a><\/p>\n","protected":false},"excerpt":{"rendered":"<p>Dans la circulaire sign\u00e9e le 31 d\u00e9cembre 2019, Louis Paul Motaze, ministre des Finances, une mesure non n\u00e9gligeable est contenue dans la sous-rubrique\u00a0 \u00ab\u00a0Mesures d\u2019optimisation de la mobilisation des recettes fiscales douani\u00e8res et non fiscales\u00a0\u00bb. Elle se penche sur l\u2019\u00e9largissement du champ d\u2019application des droits d\u2019accises aux bouquets des programmes et contenus audiovisuels num\u00e9riques. Selon [&hellip;]<\/p>\n","protected":false},"author":1969,"featured_media":0,"comment_status":"closed","ping_status":"closed","sticky":false,"template":"","format":"standard","meta":{"fifu_image_url":"","fifu_image_alt":"","footnotes":""},"categories":[82,78],"tags":[],"class_list":["post-72709","post","type-post","status-publish","format-standard","hentry","category-cameroun","category-economie"],"_links":{"self":[{"href":"https:\/\/linitiative.ca\/International\/wp-json\/wp\/v2\/posts\/72709","targetHints":{"allow":["GET"]}}],"collection":[{"href":"https:\/\/linitiative.ca\/International\/wp-json\/wp\/v2\/posts"}],"about":[{"href":"https:\/\/linitiative.ca\/International\/wp-json\/wp\/v2\/types\/post"}],"author":[{"embeddable":true,"href":"https:\/\/linitiative.ca\/International\/wp-json\/wp\/v2\/users\/1969"}],"replies":[{"embeddable":true,"href":"https:\/\/linitiative.ca\/International\/wp-json\/wp\/v2\/comments?post=72709"}],"version-history":[{"count":0,"href":"https:\/\/linitiative.ca\/International\/wp-json\/wp\/v2\/posts\/72709\/revisions"}],"wp:attachment":[{"href":"https:\/\/linitiative.ca\/International\/wp-json\/wp\/v2\/media?parent=72709"}],"wp:term":[{"taxonomy":"category","embeddable":true,"href":"https:\/\/linitiative.ca\/International\/wp-json\/wp\/v2\/categories?post=72709"},{"taxonomy":"post_tag","embeddable":true,"href":"https:\/\/linitiative.ca\/International\/wp-json\/wp\/v2\/tags?post=72709"}],"curies":[{"name":"wp","href":"https:\/\/api.w.org\/{rel}","templated":true}]}}