{"id":72714,"date":"2020-01-10T13:31:47","date_gmt":"2020-01-10T18:31:47","guid":{"rendered":"https:\/\/linitiative.ca\/International\/signature-officielle-du-contrat-entre-la-fecafoot-et-le-coq-sportif\/"},"modified":"2020-01-10T13:31:47","modified_gmt":"2020-01-10T18:31:47","slug":"signature-officielle-du-contrat-entre-la-fecafoot-et-le-coq-sportif","status":"publish","type":"post","link":"https:\/\/linitiative.ca\/International\/signature-officielle-du-contrat-entre-la-fecafoot-et-le-coq-sportif\/","title":{"rendered":"Signature officielle du contrat entre la Fecafoot et Le Coq sportif"},"content":{"rendered":"<div class=\"featured-area featured-area-inner\"><img loading=\"lazy\" decoding=\"async\" width=\"780\" height=\"405\" src=\"https:\/\/ecomatin.net\/wp-content\/uploads\/2020\/01\/IMG-20200110-WA0058-1024x683-1-780x405.jpg?is-pending-load=1\" class=\"attachment-jannah-image-post size-jannah-image-post wp-post-image jetpack-lazy-image\" alt=\"\" srcset=\"data:image\/gif;base64,R0lGODlhAQABAIAAAAAAAP\/\/\/yH5BAEAAAAALAAAAAABAAEAAAIBRAA7\"\/><\/div>\n<div class=\"entry-content entry clearfix\" readability=\"57.3681288173\">\n<p>C\u2019est d\u00e9sormais officiel. La F\u00e9d\u00e9ration camerounaise de football (<strong>Fecafoot<\/strong>) a paraph\u00e9 le contrat de partenariat avec l\u2019\u00e9quipementier fran\u00e7ais <strong>Le coq sportif<\/strong>. C\u2019\u00e9tait le 10 janvier au si\u00e8ge de la Fecafoot \u00e0 Yaound\u00e9. Cette signature intervient un an apr\u00e8s celle qui s\u2019est d\u00e9roul\u00e9e le 7 juin 2019 \u00e0 Montpellier en France.<\/p>\n<p>Sur le retard enregistr\u00e9, <strong>Seidou Mbombo Njoya,<\/strong> dans un entretien accord\u00e9 \u00e0 la CRTV a indiqu\u00e9 que <em>\u00ab les termes du contrat final sont d\u00e9j\u00e0 arr\u00eat\u00e9s et ont re\u00e7u la validation n\u00e9cessaire. Il se trouve simplement que leurs agendas respectifs, le Coq sportif et nous, ne nous ont pas permis d\u2019organiser la c\u00e9r\u00e9monie protocolaire de signature. Mais nous avons une exigence c\u2019est qu\u2019elle ait lieu \u00e0 Yaound\u00e9 \u00bb.<\/em><\/p>\n<p>A en croire le pr\u00e9sident de la Fecafoot, les probl\u00e8mes de d\u00e9lais des livraisons connus au sein des s\u00e9lections nationales \u00e9taient \u00e0 l\u2019origine de la situation de disette que connait la Fecafoot. <em>\u00ab Au regard du calendrier des comp\u00e9titions tr\u00e8s charg\u00e9 que nous avions, notamment deux coupes du monde et trois comp\u00e9titions africaines, il a fallu pour le Coq sportif de revoir toutes les commandes annuelles pr\u00e9vues pour nous satisfaire. Ce qui n\u2019a pas \u00e9t\u00e9 chose facile. Aujourd\u2019hui, nous avons retrouv\u00e9 une cadence normale de livraison. En effet, d\u2019ici la fin de l\u2019ann\u00e9e, nous allons recevoir l\u2019allocation annuelle pr\u00e9vue \u00bb.<\/em><\/p>\n<p>On se souvient que par correspondance dat\u00e9e du 22 octobre 2019, <strong>Narcisse Mouelle Kombi<\/strong> exigeait du pr\u00e9sident <strong>Seydou Mbombo Njoya<\/strong> des explications sur l\u2019\u00e9quipement de certaines s\u00e9lections des \u00e9quipements indiff\u00e9remment les marques Cop sportif et Puma.<\/p>\n<div class=\"sharedaddy sd-sharing-enabled robots-nocontent sd-block sd-social sd-social-icon-text sd-sharing\">\n<h3 class=\"sd-title\">Partager\u00a0:<\/h3>\n<\/div>\n<p><h3 class=\"jp-relatedposts-headline\"><em>Articles similaires<\/em><\/h3>\n<\/p>\n<div class=\"stream-item stream-item-below-post-content\"><a href=\"http:\/\/www.tourdelespoir.com\/\" title=\"\"><img loading=\"lazy\" decoding=\"async\" src=\"https:\/\/ecomatin.net\/wp-content\/uploads\/2020\/01\/ecomatin-H1260-xL-6222-px.png\" alt=\"\" width=\"728\" height=\"90\"\/><\/a><\/div>\n<\/div>\n<div class=\"toggle-post-content clearfix\"><a id=\"toggle-post-button\" class=\"button\" href=\"#\">Afficher plus <\/a><\/div>\n<p>Auteur: Ecomatin<br \/>\n<a href=\"https:\/\/ecomatin.net\/signature-officielle-du-contrat-entre-la-fecafoot-et-le-coq-sportif\/\">Cliquez ici pour lire l&rsquo;article depuis sa source.<\/a><\/p>\n","protected":false},"excerpt":{"rendered":"<p>C\u2019est d\u00e9sormais officiel. La F\u00e9d\u00e9ration camerounaise de football (Fecafoot) a paraph\u00e9 le contrat de partenariat avec l\u2019\u00e9quipementier fran\u00e7ais Le coq sportif. C\u2019\u00e9tait le 10 janvier au si\u00e8ge de la Fecafoot \u00e0 Yaound\u00e9. Cette signature intervient un an apr\u00e8s celle qui s\u2019est d\u00e9roul\u00e9e le 7 juin 2019 \u00e0 Montpellier en France. Sur le retard enregistr\u00e9, Seidou [&hellip;]<\/p>\n","protected":false},"author":1969,"featured_media":0,"comment_status":"closed","ping_status":"closed","sticky":false,"template":"","format":"standard","meta":{"fifu_image_url":"","fifu_image_alt":"","footnotes":""},"categories":[82,78],"tags":[],"class_list":["post-72714","post","type-post","status-publish","format-standard","hentry","category-cameroun","category-economie"],"_links":{"self":[{"href":"https:\/\/linitiative.ca\/International\/wp-json\/wp\/v2\/posts\/72714","targetHints":{"allow":["GET"]}}],"collection":[{"href":"https:\/\/linitiative.ca\/International\/wp-json\/wp\/v2\/posts"}],"about":[{"href":"https:\/\/linitiative.ca\/International\/wp-json\/wp\/v2\/types\/post"}],"author":[{"embeddable":true,"href":"https:\/\/linitiative.ca\/International\/wp-json\/wp\/v2\/users\/1969"}],"replies":[{"embeddable":true,"href":"https:\/\/linitiative.ca\/International\/wp-json\/wp\/v2\/comments?post=72714"}],"version-history":[{"count":0,"href":"https:\/\/linitiative.ca\/International\/wp-json\/wp\/v2\/posts\/72714\/revisions"}],"wp:attachment":[{"href":"https:\/\/linitiative.ca\/International\/wp-json\/wp\/v2\/media?parent=72714"}],"wp:term":[{"taxonomy":"category","embeddable":true,"href":"https:\/\/linitiative.ca\/International\/wp-json\/wp\/v2\/categories?post=72714"},{"taxonomy":"post_tag","embeddable":true,"href":"https:\/\/linitiative.ca\/International\/wp-json\/wp\/v2\/tags?post=72714"}],"curies":[{"name":"wp","href":"https:\/\/api.w.org\/{rel}","templated":true}]}}