{"id":72715,"date":"2020-01-10T13:37:54","date_gmt":"2020-01-10T18:37:54","guid":{"rendered":"https:\/\/linitiative.ca\/International\/elecam-renforce-les-capacites-de-ses-agents\/"},"modified":"2020-01-10T13:37:54","modified_gmt":"2020-01-10T18:37:54","slug":"elecam-renforce-les-capacites-de-ses-agents","status":"publish","type":"post","link":"https:\/\/linitiative.ca\/International\/elecam-renforce-les-capacites-de-ses-agents\/","title":{"rendered":"Elecam renforce les capacit\u00e9s de ses agents"},"content":{"rendered":"<div class=\"featured-area featured-area-inner\"><img loading=\"lazy\" decoding=\"async\" width=\"520\" height=\"260\" src=\"https:\/\/ecomatin.net\/wp-content\/uploads\/2020\/01\/ELECAM.jpg?is-pending-load=1\" class=\"attachment-jannah-image-post size-jannah-image-post wp-post-image jetpack-lazy-image\" alt=\"\" data-lazy-srcset=\"https:\/\/ecomatin.net\/wp-content\/uploads\/2020\/01\/ELECAM.jpg 520w, https:\/\/ecomatin.net\/wp-content\/uploads\/2020\/01\/ELECAM-300x150.jpg 300w\" data-lazy-sizes=\"(max-width: 520px) 100vw, 520px\" srcset=\"data:image\/gif;base64,R0lGODlhAQABAIAAAAAAAP\/\/\/yH5BAEAAAAALAAAAAABAAEAAAIBRAA7\"\/><\/div>\n<div class=\"entry-content entry clearfix\" readability=\"57.5206853322\">\n<p><strong>Elections Cameroon (Elecam)<\/strong> a organis\u00e9 un atelier de formation au b\u00e9n\u00e9fice de son personnel dans le cadre du double scrutin L\u00e9gislatives\/Municipales \u00e0 venir.\u00a0 Avec l\u2019appui de la Communaut\u00e9 \u00e9conomique des Etats de l\u2019Afrique centrale (<strong>Ceeac<\/strong>), l\u2019atelier s\u2019est d\u00e9roul\u00e9 du 8 au 10 janvier 2020. Trois points ont figur\u00e9 au centre des \u00e9changes. D\u2019abord le partage des connaissances. La <strong>Ceeac<\/strong> a souhait\u00e9 que <em>\u00ab\u00a0les assises soient une occasion d\u2019\u00e9changes et d\u2019approfondissement\u00a0\u00bb,<\/em> a relev\u00e9 <strong>Baudouin Hamuli Kabarhuza.<\/strong> Par ailleurs, il a \u00e9t\u00e9 question de faire la revue des outils de travail d\u2019Elecam. Enfin, les experts de la <strong>Ceeac<\/strong> ont \u00e9chang\u00e9 avec les agents <strong>d\u2019Elecam<\/strong> sur les m\u00e9thodes de travail \u00e0 adopter pendant les \u00e9lections.<\/p>\n<p>L\u2019organe sous r\u00e9gional a profit\u00e9 de cette rencontre pour annoncer l\u2019organisation du 15 au 17 janvier prochain d\u2019un atelier de sensibilisation des m\u00e9dias sur la conduite des processus \u00e9lectoraux pacifiques surtout en ce temps o\u00f9 des discours de haines prosp\u00e8rent dans certains m\u00e9dias et sur les r\u00e9seaux sociaux. Au cours des travaux, le directeur g\u00e9n\u00e9ral des Elections, <strong>Erik Essousse<\/strong> a exhort\u00e9 ses collaborateurs \u00e0 mettre en pratique, une fois sur le terrain, les connaissances acquises.<\/p>\n<p>Ce n\u2019est pas le premier s\u00e9minaire de formation organis\u00e9 par <strong>Elecam<\/strong>. <em>\u00ab \u00c0 ce jour, diverses formations et sessions de renforcement des capacit\u00e9s du personnel ont d\u00e9j\u00e0 eu lieu\u00a0\u00bb<\/em>, a comment\u00e9 <strong>Enow Abrams Egbe<\/strong>. Selon le pr\u00e9sident du Conseil \u00e9lectoral, les pr\u00e9paratifs des \u00e9lections en cours sont au centre des activit\u00e9s d\u2019Elecam. <em>\u00ab\u00a0Concernant la logistique, nous sommes \u00e0 la phase du conditionnement des mat\u00e9riels et documents \u00e9lectoraux afin de les acheminer dans les d\u00e9lais dans les bureaux de vote. En outre, la s\u00e9lection des pr\u00e9sidents des commissions locales de vote est quasiment achev\u00e9e et nous envisageons de lancer leurs formations dans les prochains jours. D\u2019ailleurs les descentes r\u00e9guli\u00e8res des membres du conseil \u00e9lectoral sur le terrain ont pour but de suivre et de superviser de mani\u00e8re rapproch\u00e9e ces activit\u00e9s. Vous comprenez donc qu\u2019<strong>Elecam<\/strong> n\u2019a pas attendu la convocation du corps \u00e9lectoral pour entamer les pr\u00e9paratifs des \u00e9lections en cours\u00a0\u00bb,<\/em> a-t-il confi\u00e9.<\/p>\n<div class=\"sharedaddy sd-sharing-enabled robots-nocontent sd-block sd-social sd-social-icon-text sd-sharing\">\n<h3 class=\"sd-title\">Partager\u00a0:<\/h3>\n<\/div>\n<p><h3 class=\"jp-relatedposts-headline\"><em>Articles similaires<\/em><\/h3>\n<\/p>\n<div class=\"stream-item stream-item-below-post-content\"><a href=\"http:\/\/www.tourdelespoir.com\/\" title=\"\"><img loading=\"lazy\" decoding=\"async\" src=\"https:\/\/ecomatin.net\/wp-content\/uploads\/2020\/01\/ecomatin-H1260-xL-6222-px.png\" alt=\"\" width=\"728\" height=\"90\"\/><\/a><\/div>\n<\/div>\n<div class=\"toggle-post-content clearfix\"><a id=\"toggle-post-button\" class=\"button\" href=\"#\">Afficher plus <\/a><\/div>\n<p>Auteur: Ecomatin<br \/>\n<a href=\"https:\/\/ecomatin.net\/elecam-renforce-les-capacites-de-ses-agents\/\">Cliquez ici pour lire l&rsquo;article depuis sa source.<\/a><\/p>\n","protected":false},"excerpt":{"rendered":"<p>Elections Cameroon (Elecam) a organis\u00e9 un atelier de formation au b\u00e9n\u00e9fice de son personnel dans le cadre du double scrutin L\u00e9gislatives\/Municipales \u00e0 venir.\u00a0 Avec l\u2019appui de la Communaut\u00e9 \u00e9conomique des Etats de l\u2019Afrique centrale (Ceeac), l\u2019atelier s\u2019est d\u00e9roul\u00e9 du 8 au 10 janvier 2020. Trois points ont figur\u00e9 au centre des \u00e9changes. D\u2019abord le partage [&hellip;]<\/p>\n","protected":false},"author":1969,"featured_media":0,"comment_status":"closed","ping_status":"closed","sticky":false,"template":"","format":"standard","meta":{"fifu_image_url":"","fifu_image_alt":"","footnotes":""},"categories":[82,78],"tags":[],"class_list":["post-72715","post","type-post","status-publish","format-standard","hentry","category-cameroun","category-economie"],"_links":{"self":[{"href":"https:\/\/linitiative.ca\/International\/wp-json\/wp\/v2\/posts\/72715","targetHints":{"allow":["GET"]}}],"collection":[{"href":"https:\/\/linitiative.ca\/International\/wp-json\/wp\/v2\/posts"}],"about":[{"href":"https:\/\/linitiative.ca\/International\/wp-json\/wp\/v2\/types\/post"}],"author":[{"embeddable":true,"href":"https:\/\/linitiative.ca\/International\/wp-json\/wp\/v2\/users\/1969"}],"replies":[{"embeddable":true,"href":"https:\/\/linitiative.ca\/International\/wp-json\/wp\/v2\/comments?post=72715"}],"version-history":[{"count":0,"href":"https:\/\/linitiative.ca\/International\/wp-json\/wp\/v2\/posts\/72715\/revisions"}],"wp:attachment":[{"href":"https:\/\/linitiative.ca\/International\/wp-json\/wp\/v2\/media?parent=72715"}],"wp:term":[{"taxonomy":"category","embeddable":true,"href":"https:\/\/linitiative.ca\/International\/wp-json\/wp\/v2\/categories?post=72715"},{"taxonomy":"post_tag","embeddable":true,"href":"https:\/\/linitiative.ca\/International\/wp-json\/wp\/v2\/tags?post=72715"}],"curies":[{"name":"wp","href":"https:\/\/api.w.org\/{rel}","templated":true}]}}