{"id":72716,"date":"2020-01-11T02:05:59","date_gmt":"2020-01-11T07:05:59","guid":{"rendered":"https:\/\/linitiative.ca\/International\/salon-mondial-du-bois-eurobois-les-nouveaux-defis-du-recrutement-et-de-la-formation-au-coeur-de-ledition-2020\/"},"modified":"2020-01-11T02:05:59","modified_gmt":"2020-01-11T07:05:59","slug":"salon-mondial-du-bois-eurobois-les-nouveaux-defis-du-recrutement-et-de-la-formation-au-coeur-de-ledition-2020","status":"publish","type":"post","link":"https:\/\/linitiative.ca\/International\/salon-mondial-du-bois-eurobois-les-nouveaux-defis-du-recrutement-et-de-la-formation-au-coeur-de-ledition-2020\/","title":{"rendered":"Salon mondial du bois-eurobois : Les nouveaux d\u00e9fis du recrutement et de la formation au c\u0153ur de l\u2019\u00e9dition 2020"},"content":{"rendered":"<header>\n<\/header>\n<div class=\"entry-content clearfix\" readability=\"50\"><img decoding=\"async\" class=\"post_layout_5_img\" src=\"http:\/\/aujourdhui.ma\/wp-content\/uploads\/2020\/01\/EUROBOIS-Formation.jpg?x29840\" alt=\"Salon mondial du bois-eurobois : Les nouveaux d\u00e9fis du recrutement et de la formation au c\u0153ur de l\u2019\u00e9dition 2020\"\/><\/p>\n<p class=\"p1\"><span class=\"s1\"><span class=\"c4\"><strong>Du 4 au 7 f\u00e9vrier 2020 se tiendra \u00e0 Lyon le salon mondial du bois -eurobois 2020.<span class=\"Apple-converted-space\">\u00a0<\/span><\/strong><\/span> <em><span class=\"c4\"><strong>\u00abLe salon Eurobois est au service du march\u00e9.<\/strong><\/span><\/em><\/span> <span id=\"more-329157\"\/><\/p>\n<p class=\"p1\"><span class=\"s1\"><em>Cela se traduit par des partis pris et des engagements forts destin\u00e9s \u00e0 accompagner la fili\u00e8re bois. En co-construction avec les industriels exposants, nous avons identifi\u00e9 des probl\u00e9matiques de recrutement et d\u2019acquisition de comp\u00e9tences importantes qui impactent la comp\u00e9titivit\u00e9 des entreprises. En pla\u00e7ant l\u2019\u00e9dition 2020 d\u2019eurobois sous le signe de l\u2019industrie 4.0 et de l\u2019emploi-formation, nous souhaitons nous inscrire dans la dynamique des professionnels de la fili\u00e8re bois pour construire ensemble l\u2019avenir d\u2019un march\u00e9 en plein d\u00e9veloppement !\u00bb<\/em>, explique Florence Mompo, directrice du Salon eurobois.<\/span><\/p>\n<p class=\"p1\"><span class=\"s1\">Industriels en recherche de profils, professionnels en recherche d\u2019emploi ou de formations\u2026 seront r\u00e9unis dans les espaces de ce salon. Eurobois se dit engag\u00e9 aux c\u00f4t\u00e9s des professionnels pour valoriser les m\u00e9tiers de la fili\u00e8re, faciliter les recrutements et l\u2019acc\u00e8s aux formations existantes, et accompagner ainsi la mont\u00e9e en comp\u00e9tence.<\/span><\/p>\n<\/div>\n<p>Auteur: ALM<br \/>\n<a href=\"http:\/\/aujourdhui.ma\/emploi\/formation\/salon-mondial-du-bois-eurobois-les-nouveaux-defis-du-recrutement-et-de-la-formation-au-coeur-de-ledition-2020\">Cliquez ici pour lire l&rsquo;article depuis sa source.<\/a><\/p>\n","protected":false},"excerpt":{"rendered":"<p>Du 4 au 7 f\u00e9vrier 2020 se tiendra \u00e0 Lyon le salon mondial du bois -eurobois 2020.\u00a0 \u00abLe salon Eurobois est au service du march\u00e9. Cela se traduit par des partis pris et des engagements forts destin\u00e9s \u00e0 accompagner la fili\u00e8re bois. En co-construction avec les industriels exposants, nous avons identifi\u00e9 des probl\u00e9matiques de recrutement [&hellip;]<\/p>\n","protected":false},"author":1759,"featured_media":0,"comment_status":"closed","ping_status":"closed","sticky":false,"template":"","format":"standard","meta":{"fifu_image_url":"","fifu_image_alt":"","footnotes":""},"categories":[73,54],"tags":[],"class_list":["post-72716","post","type-post","status-publish","format-standard","hentry","category-actualite","category-maroc"],"_links":{"self":[{"href":"https:\/\/linitiative.ca\/International\/wp-json\/wp\/v2\/posts\/72716","targetHints":{"allow":["GET"]}}],"collection":[{"href":"https:\/\/linitiative.ca\/International\/wp-json\/wp\/v2\/posts"}],"about":[{"href":"https:\/\/linitiative.ca\/International\/wp-json\/wp\/v2\/types\/post"}],"author":[{"embeddable":true,"href":"https:\/\/linitiative.ca\/International\/wp-json\/wp\/v2\/users\/1759"}],"replies":[{"embeddable":true,"href":"https:\/\/linitiative.ca\/International\/wp-json\/wp\/v2\/comments?post=72716"}],"version-history":[{"count":0,"href":"https:\/\/linitiative.ca\/International\/wp-json\/wp\/v2\/posts\/72716\/revisions"}],"wp:attachment":[{"href":"https:\/\/linitiative.ca\/International\/wp-json\/wp\/v2\/media?parent=72716"}],"wp:term":[{"taxonomy":"category","embeddable":true,"href":"https:\/\/linitiative.ca\/International\/wp-json\/wp\/v2\/categories?post=72716"},{"taxonomy":"post_tag","embeddable":true,"href":"https:\/\/linitiative.ca\/International\/wp-json\/wp\/v2\/tags?post=72716"}],"curies":[{"name":"wp","href":"https:\/\/api.w.org\/{rel}","templated":true}]}}