{"id":72717,"date":"2020-01-11T02:07:01","date_gmt":"2020-01-11T07:07:01","guid":{"rendered":"https:\/\/linitiative.ca\/International\/le-management-ma-tuer-e-horreur-et-bonheur-au-travail-par-jean-michel-milon\/"},"modified":"2020-01-11T02:07:01","modified_gmt":"2020-01-11T07:07:01","slug":"le-management-ma-tuer-e-horreur-et-bonheur-au-travail-par-jean-michel-milon","status":"publish","type":"post","link":"https:\/\/linitiative.ca\/International\/le-management-ma-tuer-e-horreur-et-bonheur-au-travail-par-jean-michel-milon\/","title":{"rendered":"Le management m\u2019a tuer \u00e9 :  Horreur et bonheur au travail,  par Jean-Michel Milon"},"content":{"rendered":"<header>\n<div class=\"entry-post-meta\">\n<div class=\"author-link\">Publi\u00e9 par <a itemprop=\"author\" itemscope=\"\" itemtype=\"https:\/\/schema.org\/Person\" href=\"http:\/\/aujourdhui.ma\/profile\/kaid\" rel=\"author\"><span itemprop=\"name\">ALM<\/span><\/a><\/div>\n<p>Date\u00a0:<time content=\"2020-01-01T08:07:01+00:00\" class=\"entry-date updated\" datetime=\"2020-01-01T08:07:01+00:00\">janvier 01, 2020<\/time><\/p>\n<div class=\"entry-cat\">dans:<a href=\"http:\/\/aujourdhui.ma\/category\/emploi\" rel=\"category tag\">Emploi<\/a><\/div>\n<p>1Vues<\/p>\n<\/div>\n<\/header>\n<div class=\"entry-content clearfix\" readability=\"52\"><img decoding=\"async\" class=\"post_layout_5_img\" src=\"http:\/\/aujourdhui.ma\/wp-content\/uploads\/2020\/01\/Livre-Le-management-m%E2%80%99a-tuer-e%CC%81-.jpg?x29840\" alt=\"Le management m\u2019a tuer \u00e9 : Horreur et bonheur au travail, par Jean-Michel Milon\"\/><\/p>\n<p class=\"p1\"><span class=\"c4\"><strong><span class=\"s1\">Dans son cinqui\u00e8me album, Jean-Michel Milon fait la part belle au th\u00e8me du management et du bien-\u00eatre au travail!<\/span><\/strong><\/span><span id=\"more-328917\"\/><\/p>\n<p class=\"p1\"><span class=\"s1\">L\u2019illustrateur humoristique a \u00e9t\u00e9 r\u00e9compens\u00e9 en 2017 et en 2018 par le prix du dessin de presse sur le management.<\/span><\/p>\n<p class=\"p1\"><span class=\"s1\">Coach et illustrateur chez Leroy Dirigeants-BPI Group, il accompagne cadres et dirigeants dans leur parcours professionnel. Il publie r\u00e9guli\u00e8rement des dessins dans la presse d\u2019entreprise, et dessine en direct lors d\u2019\u00e9v\u00e9nements. Son blog : lamineducoach.fr permet \u00e0 ses adeptes de le retrouver chaque semaine. D\u2019ailleurs d\u00e8s le premier clic, un avant-go\u00fbt prometteur appara\u00eet sur la premi\u00e8re page du blog : <em>\u00abJe suis consultant senior, coach, illustrateur, acteur et musicien. Je suis tomb\u00e9 dans les ressources humaines quand j\u2019\u00e9tais petit ! Apr\u00e8s une exp\u00e9rience dans le secteur des RH en entreprise et cabinets conseil, j\u2019accompagne aujourd\u2019hui les dirigeants dans leur parcours professionnel avec l\u2019objectif de les faire grandir \u00e0 leur rythme, toujours avec bienveillance mais sans complaisance !\u00bb<\/em><\/span><\/p>\n<p class=\"p3\"><strong><span class=\"s2\"><em>Ed. Afnor (28 novembre 2019) <span class=\"Apple-converted-space\">\u00a0 \u00a0<\/span><\/em><\/span><\/strong><\/p>\n<\/div>\n<p>Auteur: ALM<br \/>\n<a href=\"http:\/\/aujourdhui.ma\/emploi\/le-management-ma-tuer-e-horreur-et-bonheur-au-travail-par-jean-michel-milon\">Cliquez ici pour lire l&rsquo;article depuis sa source.<\/a><\/p>\n","protected":false},"excerpt":{"rendered":"<p>Publi\u00e9 par ALM Date\u00a0:janvier 01, 2020 dans:Emploi 1Vues Dans son cinqui\u00e8me album, Jean-Michel Milon fait la part belle au th\u00e8me du management et du bien-\u00eatre au travail! L\u2019illustrateur humoristique a \u00e9t\u00e9 r\u00e9compens\u00e9 en 2017 et en 2018 par le prix du dessin de presse sur le management. Coach et illustrateur chez Leroy Dirigeants-BPI Group, il [&hellip;]<\/p>\n","protected":false},"author":1759,"featured_media":0,"comment_status":"closed","ping_status":"closed","sticky":false,"template":"","format":"standard","meta":{"fifu_image_url":"","fifu_image_alt":"","footnotes":""},"categories":[73,54],"tags":[],"class_list":["post-72717","post","type-post","status-publish","format-standard","hentry","category-actualite","category-maroc"],"_links":{"self":[{"href":"https:\/\/linitiative.ca\/International\/wp-json\/wp\/v2\/posts\/72717","targetHints":{"allow":["GET"]}}],"collection":[{"href":"https:\/\/linitiative.ca\/International\/wp-json\/wp\/v2\/posts"}],"about":[{"href":"https:\/\/linitiative.ca\/International\/wp-json\/wp\/v2\/types\/post"}],"author":[{"embeddable":true,"href":"https:\/\/linitiative.ca\/International\/wp-json\/wp\/v2\/users\/1759"}],"replies":[{"embeddable":true,"href":"https:\/\/linitiative.ca\/International\/wp-json\/wp\/v2\/comments?post=72717"}],"version-history":[{"count":0,"href":"https:\/\/linitiative.ca\/International\/wp-json\/wp\/v2\/posts\/72717\/revisions"}],"wp:attachment":[{"href":"https:\/\/linitiative.ca\/International\/wp-json\/wp\/v2\/media?parent=72717"}],"wp:term":[{"taxonomy":"category","embeddable":true,"href":"https:\/\/linitiative.ca\/International\/wp-json\/wp\/v2\/categories?post=72717"},{"taxonomy":"post_tag","embeddable":true,"href":"https:\/\/linitiative.ca\/International\/wp-json\/wp\/v2\/tags?post=72717"}],"curies":[{"name":"wp","href":"https:\/\/api.w.org\/{rel}","templated":true}]}}