{"id":72718,"date":"2020-01-11T02:09:35","date_gmt":"2020-01-11T07:09:35","guid":{"rendered":"https:\/\/linitiative.ca\/International\/fes-6-ans-de-reclusion-criminelle-pour-enlevement-et-viol\/"},"modified":"2020-01-11T02:09:35","modified_gmt":"2020-01-11T07:09:35","slug":"fes-6-ans-de-reclusion-criminelle-pour-enlevement-et-viol","status":"publish","type":"post","link":"https:\/\/linitiative.ca\/International\/fes-6-ans-de-reclusion-criminelle-pour-enlevement-et-viol\/","title":{"rendered":"F\u00e8s : 6 ans de r\u00e9clusion criminelle pour enl\u00e8vement et viol"},"content":{"rendered":"<header>\n<\/header>\n<div class=\"entry-content clearfix\" readability=\"52\"><img decoding=\"async\" class=\"post_layout_5_img\" src=\"http:\/\/aujourdhui.ma\/wp-content\/uploads\/2016\/07\/Viol.jpg?x29840\" alt=\"F\u00e8s : 6 ans de r\u00e9clusion criminelle pour enl\u00e8vement et viol\"\/><\/p>\n<p><span class=\"c4\"><strong>Six ans de r\u00e9clusion criminelle, tel a \u00e9t\u00e9 le verdict rendu, derni\u00e8rement, par la chambre criminelle pr\u00e8s la Cour d\u2019appel de F\u00e8s, contre un jeune de vingt-trois ans, qui a kidnapp\u00e9 et viol\u00e9 une jeune trentenaire.<\/strong><\/span> <span id=\"more-329403\"\/><\/p>\n<p>C\u2019est \u00e0 Sefrou que ce malfrat avait viol\u00e9 cette jeune employ\u00e9e dans une unit\u00e9 industrielle de confection, qui venait, ce jour du mois de novembre dernier de sortir de chez elle, au quartier Cha\u00e2ba, pour aller chercher du pain. A peine sortie de chez elle, elle s\u2019est retrouv\u00e9e face \u00e0 face avec ce malfrat, arm\u00e9 d\u2019un couteau, qui l\u2019a oblig\u00e9e \u00e0 l\u2019accompagner. Il l\u2019a conduite vers un domicile en cours de construction situ\u00e9 au quartier Benseffar pour abuser d\u2019elle. Puis il l\u2019a laiss\u00e9e partir. Retournant chez elle dans un \u00e9tat lamentable, elle a port\u00e9 le lendemain une plainte devant la police de la ville de Sefrou.<\/p>\n<\/div>\n<p>Auteur: Abderrafii ALOUMLIKI<br \/>\n<a href=\"http:\/\/aujourdhui.ma\/faits-divers\/fes-6-ans-de-reclusion-criminelle-pour-enlevement-et-viol\">Cliquez ici pour lire l&rsquo;article depuis sa source.<\/a><\/p>\n","protected":false},"excerpt":{"rendered":"<p>Six ans de r\u00e9clusion criminelle, tel a \u00e9t\u00e9 le verdict rendu, derni\u00e8rement, par la chambre criminelle pr\u00e8s la Cour d\u2019appel de F\u00e8s, contre un jeune de vingt-trois ans, qui a kidnapp\u00e9 et viol\u00e9 une jeune trentenaire. C\u2019est \u00e0 Sefrou que ce malfrat avait viol\u00e9 cette jeune employ\u00e9e dans une unit\u00e9 industrielle de confection, qui venait, [&hellip;]<\/p>\n","protected":false},"author":1759,"featured_media":0,"comment_status":"closed","ping_status":"closed","sticky":false,"template":"","format":"standard","meta":{"fifu_image_url":"","fifu_image_alt":"","footnotes":""},"categories":[73,54],"tags":[],"class_list":["post-72718","post","type-post","status-publish","format-standard","hentry","category-actualite","category-maroc"],"_links":{"self":[{"href":"https:\/\/linitiative.ca\/International\/wp-json\/wp\/v2\/posts\/72718","targetHints":{"allow":["GET"]}}],"collection":[{"href":"https:\/\/linitiative.ca\/International\/wp-json\/wp\/v2\/posts"}],"about":[{"href":"https:\/\/linitiative.ca\/International\/wp-json\/wp\/v2\/types\/post"}],"author":[{"embeddable":true,"href":"https:\/\/linitiative.ca\/International\/wp-json\/wp\/v2\/users\/1759"}],"replies":[{"embeddable":true,"href":"https:\/\/linitiative.ca\/International\/wp-json\/wp\/v2\/comments?post=72718"}],"version-history":[{"count":0,"href":"https:\/\/linitiative.ca\/International\/wp-json\/wp\/v2\/posts\/72718\/revisions"}],"wp:attachment":[{"href":"https:\/\/linitiative.ca\/International\/wp-json\/wp\/v2\/media?parent=72718"}],"wp:term":[{"taxonomy":"category","embeddable":true,"href":"https:\/\/linitiative.ca\/International\/wp-json\/wp\/v2\/categories?post=72718"},{"taxonomy":"post_tag","embeddable":true,"href":"https:\/\/linitiative.ca\/International\/wp-json\/wp\/v2\/tags?post=72718"}],"curies":[{"name":"wp","href":"https:\/\/api.w.org\/{rel}","templated":true}]}}