{"id":72723,"date":"2020-01-11T05:20:12","date_gmt":"2020-01-11T10:20:12","guid":{"rendered":"https:\/\/linitiative.ca\/International\/la-formation-probable-de-lest-face-a-las-vita-club\/"},"modified":"2020-01-11T05:20:12","modified_gmt":"2020-01-11T10:20:12","slug":"la-formation-probable-de-lest-face-a-las-vita-club","status":"publish","type":"post","link":"https:\/\/linitiative.ca\/International\/la-formation-probable-de-lest-face-a-las-vita-club\/","title":{"rendered":"La formation probable de l\u2019EST face \u00e0 l\u2019AS Vita Club"},"content":{"rendered":"<p>L\u2019Esp\u00e9rance sportive de Tunis affronte, ce samedi 11 janvier 2020, l\u2019AS Vita Club \u00e0 Kinshasa \u00e0 17H, dans le cadre de la 4\u00e8me journ\u00e9e de la Ligue des champions d\u2019Afrique.<\/p>\n<p>La formation propable de l\u2019EST est la suivante :<\/p>\n<p>Moez Ben Chrifia, Iheb Mbarki, Ilyes Chti, Mohamed Ali Yaakoubi, Abdelkader Badran, Fousseny Coulibaly, Mohamed Ali Ben Romdhan, Abderraouf Ben Ghith, Anis Badri, Hamdou Houni, Ibrahim Watara.<a href=\"https:\/\/www.mosaiquefm.net\/fr\/print\/669112\/la-formation-probable-de-l-est-face-a-l-as-vita-club\"\/><\/p>\n<p class=\"dpsp-share-text\">Partager c&rsquo;est aimer!<\/p>\n<div class=\"wp-post-author-wrap wp-post-author-shortcode left\">\n<h3 class=\"awpa-title\"\/>\n<div class=\"wp-post-author\">\n<div class=\"awpa-img awpa-author-block square\"><a href=\"http:\/\/lexpertjournal.net\/fr\/author\/expert\/\"><img loading=\"lazy\" decoding=\"async\" alt=\"\" src=\"http:\/\/0.gravatar.com\/avatar\/c828f0b17d24309f0d01a4eac3747085?s=150&#038;d=mm&#038;r=g\" srcset=\"http:\/\/0.gravatar.com\/avatar\/c828f0b17d24309f0d01a4eac3747085?s=300&#038;d=mm&#038;r=g 2x\" class=\"avatar avatar-150 photo\" height=\"150\" width=\"150\"\/><\/a><\/div>\n<\/div>\n<\/div>\n<p>Auteur: L&rsquo;expert<br \/>\n<a href=\"http:\/\/lexpertjournal.net\/fr\/2020\/01\/11\/la-formation-probable-de-lest-face-a-las-vita-club\/\">Cliquez ici pour lire l&rsquo;article depuis sa source.<\/a><\/p>\n","protected":false},"excerpt":{"rendered":"<p>L\u2019Esp\u00e9rance sportive de Tunis affronte, ce samedi 11 janvier 2020, l\u2019AS Vita Club \u00e0 Kinshasa \u00e0 17H, dans le cadre de la 4\u00e8me journ\u00e9e de la Ligue des champions d\u2019Afrique. La formation propable de l\u2019EST est la suivante : Moez Ben Chrifia, Iheb Mbarki, Ilyes Chti, Mohamed Ali Yaakoubi, Abdelkader Badran, Fousseny Coulibaly, Mohamed Ali [&hellip;]<\/p>\n","protected":false},"author":1775,"featured_media":0,"comment_status":"closed","ping_status":"closed","sticky":false,"template":"","format":"standard","meta":{"fifu_image_url":"","fifu_image_alt":"","footnotes":""},"categories":[78,55],"tags":[],"class_list":["post-72723","post","type-post","status-publish","format-standard","hentry","category-economie","category-tunisie"],"_links":{"self":[{"href":"https:\/\/linitiative.ca\/International\/wp-json\/wp\/v2\/posts\/72723","targetHints":{"allow":["GET"]}}],"collection":[{"href":"https:\/\/linitiative.ca\/International\/wp-json\/wp\/v2\/posts"}],"about":[{"href":"https:\/\/linitiative.ca\/International\/wp-json\/wp\/v2\/types\/post"}],"author":[{"embeddable":true,"href":"https:\/\/linitiative.ca\/International\/wp-json\/wp\/v2\/users\/1775"}],"replies":[{"embeddable":true,"href":"https:\/\/linitiative.ca\/International\/wp-json\/wp\/v2\/comments?post=72723"}],"version-history":[{"count":0,"href":"https:\/\/linitiative.ca\/International\/wp-json\/wp\/v2\/posts\/72723\/revisions"}],"wp:attachment":[{"href":"https:\/\/linitiative.ca\/International\/wp-json\/wp\/v2\/media?parent=72723"}],"wp:term":[{"taxonomy":"category","embeddable":true,"href":"https:\/\/linitiative.ca\/International\/wp-json\/wp\/v2\/categories?post=72723"},{"taxonomy":"post_tag","embeddable":true,"href":"https:\/\/linitiative.ca\/International\/wp-json\/wp\/v2\/tags?post=72723"}],"curies":[{"name":"wp","href":"https:\/\/api.w.org\/{rel}","templated":true}]}}