{"id":72724,"date":"2020-01-11T13:04:43","date_gmt":"2020-01-11T18:04:43","guid":{"rendered":"https:\/\/linitiative.ca\/International\/celebration-de-yennayer-renforcement-des-constantes-nationales-et-soutien-a-lunite\/"},"modified":"2020-01-11T13:04:43","modified_gmt":"2020-01-11T18:04:43","slug":"celebration-de-yennayer-renforcement-des-constantes-nationales-et-soutien-a-lunite","status":"publish","type":"post","link":"https:\/\/linitiative.ca\/International\/celebration-de-yennayer-renforcement-des-constantes-nationales-et-soutien-a-lunite\/","title":{"rendered":"C\u00e9l\u00e9bration de Yennayer: renforcement des constantes nationales et soutien \u00e0 l&rsquo;unit\u00e9"},"content":{"rendered":"<div readability=\"36\">\n<p><strong>TIPASA &#8211; La ministre de la Culture Malika Bendouda a affirm\u00e9 vendredi \u00e0 Tipasa, que la c\u00e9l\u00e9bration officielle du Nouvel an amazigh Yennayer vient consolider les constantes de l&rsquo;identit\u00e9 nationale dans ses trois composantes l&rsquo;Islam, l&rsquo;arabit\u00e9 et l&rsquo;amazighit\u00e9.<\/strong><\/p>\n<\/div>\n<div readability=\"120.392461892\">\n<p>La ministre qui supervisait \u00e0 Tipasa en compagnie du Secr\u00e9taire g\u00e9n\u00e9ral du Haut Commissariat \u00e0 l&rsquo;Amazighit\u00e9 (HCA), Si El Hachemi Assad et du wali de Tipasa, Mohamed Bouchama, le coup d&rsquo;envoi des festivit\u00e9s nationales du Nouvel an amazigh 2970 \u00ab\u00a0Yennayer\u00a0\u00bb, a indiqu\u00e9 que cette manifestation consolidait les constantes de l&rsquo;identit\u00e9 nationale dans ses trois composantes \u00ab\u00a0l&rsquo;Islam, l&rsquo;Arabit\u00e9 et l&rsquo;Amazighit\u00e9\u00a0\u00bb et soutenait l&rsquo;unit\u00e9 nationale.<\/p>\n<p>Elle a annonc\u00e9 la d\u00e9cision de \u00ab\u00a0relancer\u00a0\u00bb l&rsquo;accord de partenariat et de coop\u00e9ration avec le HCA en vue de promouvoir\u00a0\u00bb l&rsquo;utilisation de Tamazight dans \u00ab\u00a0le domaine culturel\u00a0\u00bb et \u00ab\u00a0le patrimoine historique\u00a0\u00bb et de \u00ab\u00a0consolider l&rsquo;identit\u00e9 culturelle nationale\u00a0\u00bb.<\/p>\n<blockquote readability=\"12\">\n<p><em><strong>Cette d\u00e9cision vise \u00e9galement \u00e0 \u00ab\u00a0ancrer tamazight \u00e0 travers l&rsquo;introduction de la dimension culturelle amazighe dans le programme de l&rsquo;action du minist\u00e8re\u00a0\u00bb, a-t-elle soulign\u00e9, mettant en avant que la c\u00e9l\u00e9bration du nouvel an amazigh rev\u00eatait \u00ab\u00a0une importance primordiale\u00a0\u00bb.<\/strong><\/em><\/p>\n<p><em><strong>La soci\u00e9t\u00e9 a l&rsquo;habitude de c\u00e9l\u00e9brer Yennayer parall\u00e8lement avec la saison de labour-semaille dans un climat familial pour exercer ses rites \u00e0 travers le pays.<\/strong><\/em><\/p>\n<\/blockquote>\n<p>Evoquant l&rsquo;histoire de la c\u00e9l\u00e9bration traditionnelle et authentique de Yennayer en d\u00e9pit de la diff\u00e9rence de sa c\u00e9l\u00e9bration d&rsquo;une r\u00e9gion \u00e0 l&rsquo;autre, la ministre a indiqu\u00e9 que Yennayer a un facteur commun qui consiste en un rendez-vous socio-culturel et de solidarit\u00e9 visant \u00e0 cultiver, aimer et pr\u00e9server la terre et \u00e0 accueillir une nouvelle ann\u00e9e avec passion et optimisme pour un avenir meilleur.\u00a0<\/p>\n<hr\/>\n<p><em><strong>Lire aussi:\u00a0<\/strong><\/em><a href=\"http:\/\/www.aps.dz\/culture\/99970-yennayer-2970-lancement-a-tipasa-des-festivites-officielles-et-nationales\">Yennayer 2970: lancement \u00e0 Tipasa des festivit\u00e9s officielles et nationales<\/a><\/p>\n<hr\/>\n<p>La ministre a ajout\u00e9 que l&rsquo;Alg\u00e9rie \u00ab\u00a0vit une p\u00e9riode de renouveau \u00e0 tous les niveaux, gr\u00e2ce \u00e0 une \u00e9ch\u00e9ance \u00e9lectorale men\u00e9e judicieusement, et \u00e0 la volont\u00e9 d&rsquo;aller vers une nouvelle R\u00e9publique construite sur des bases solides\u00a0\u00bb.<\/p>\n<blockquote readability=\"12\">\n<p><em><strong>\u00ab\u00a0Les pr\u00e9mices des nouveaux fondements sont apparues avec la cr\u00e9ation d&rsquo;un comit\u00e9 d&rsquo;experts charg\u00e9 de la r\u00e9vision de la Constitution, le boycott des anciennes politiques et l&rsquo;adoption de nouvelles pens\u00e9es et perspectives \u00e0 m\u00eame d&rsquo;unir les Alg\u00e9riens qu&rsquo;ils parlent Tamazight ou arabe pour aller de l&rsquo;avant c\u00f4te \u00e0 c\u00f4te vers un m\u00eame objectif, celui du d\u00e9veloppement, de la libert\u00e9 et de la r\u00e9ussite\u00a0\u00bb, a-t-elle soutenu.<\/strong><\/em><\/p>\n<\/blockquote>\n<p>Yennayer est l&rsquo;occasion de rendre hommage \u00e0 nos a\u00efeux, de rappeler leurs gloires dans la lutte pour \u00ab\u00a0le recouvrement de la libert\u00e9 et la dignit\u00e9\u00a0\u00bb, et de r\u00e9affirmer notre ferme attachement \u00e0 la civilisation et \u00e0 l&rsquo;histoire depuis plus de 3000 ans\u00a0\u00bb, a soulign\u00e9 Mme Bendouda.<\/p>\n<p>Les enfants libres de l&rsquo;Alg\u00e9rie ont prouv\u00e9, au fil des temps et des \u00e9poques, leur attachement \u00e0 leur identit\u00e9, leur culture et leur r\u00e9sistance farouche \u00e0 toute personne anim\u00e9 de vell\u00e9it\u00e9s de les dominer et de porter atteinte \u00e0 leur personnalit\u00e9 ou \u00e0 leur identit\u00e9, a-t-elle dit.<\/p>\n<p>A ce propos, la ministre a tenu \u00e0 rappeler l&rsquo;\u00e9poque du colonialisme fran\u00e7ais qui portait un plan \u00a0\u00bb de destruction, ayant combattu la m\u00e9moire avant l&rsquo;Homme\u00a0\u00bb, soulignant que la politique du colonisateur fran\u00e7ais consistait essentiellement \u00e0 \u00ab\u00a0semer la division au sein de la population et fomenter tout ce qui \u00e9tait susceptible de cr\u00e9er des disparit\u00e9s entre Alg\u00e9riens, \u00e0 partir de la race voire m\u00eame de dialectes locaux, juste pour parvenir \u00e0 l&rsquo;objectifs supr\u00eame, \u00e0 savoir diviser pour r\u00e9gner\u00a0\u00bb.<\/p>\n<hr\/>\n<p><em><strong>Lire aussi:\u00a0<a href=\"http:\/\/www.aps.dz\/culture\/99791-celebration-de-yennayer-a-chlef-1ere-edition-du-meilleur-couscous-amazigh\">C\u00e9l\u00e9bration de\u00a0<span class=\"highlight\">Yennayer<\/span>\u00a0\u00e0 Chlef : 1\u00e8re \u00e9dition du meilleur couscous Amazigh<\/a><\/strong><\/em><\/p>\n<hr\/>\n<p>Avec de grands sacrifices, poursuit la ministre, l&rsquo;Etat alg\u00e9rien s&rsquo;est attel\u00e9, \u00e0 l&rsquo;ind\u00e9pendance, \u00e0 la r\u00e9appropriation de son identit\u00e9 en \u0153uvrant \u00e0 la promotion des fondements et constantes de la Nation, convaincu que la force de toute langue et sa promotion est puis\u00e9e de la force de sa Nation et de son travail constant.<\/p>\n<blockquote readability=\"18\">\n<p><em><strong>Le choix du Haut Commissariat \u00e0 l&rsquo;Amazighit\u00e9 (HCA) s&rsquo;est port\u00e9, cette ann\u00e9e, sur la wilaya de Tipasa, pour l&rsquo;organisation de festivit\u00e9s officielles et nationale pour la c\u00e9l\u00e9bration du nouvel an Amazigh \u00ab\u00a0Yennayer 2970\u00a0\u00bb, \u00e0 travers l&rsquo;animation d&rsquo;un programme \u00ab\u00a0riche\u00a0\u00bb et \u00ab\u00a0instructif\u00a0\u00bb, alliant les aspects socio-\u00e9ducatifs et l&rsquo;aspect acad\u00e9mique, tout au long de 4 jours, avec essentiellement l&rsquo;organisation d&rsquo;un colloque scientifique acad\u00e9mique \u00ab\u00a0Yennayer, symbole d&rsquo;une identit\u00e9 retrouv\u00e9e et monument historique \u00e0 valoriser\u00a0\u00bb, comme annonc\u00e9e par dans une br\u00e8ve allocution, par M. Si El Hachemi Assad.<\/strong><\/em><\/p>\n<\/blockquote>\n<p>En marge de ce colloque, il sera proc\u00e9d\u00e9 \u00e0 l&rsquo;installation, pour la premi\u00e8re fois, d&rsquo;une commission de wilaya du patrimoine immat\u00e9riel.<\/p>\n<p>Le HCA avait estim\u00e9 auparavant dans un communiqu\u00e9,que Yennayer \u00ab\u00a0est un solide ferment dans la symbiose populaire et un ciment inalt\u00e9rable pour la coh\u00e9sion sociale et l\u2019unit\u00e9 du peuple alg\u00e9rien\u00a0\u00bb.<\/p>\n<\/div>\n<p>Auteur:<br \/>\n<a href=\"http:\/\/www.aps.dz\/culture\/99983-celebration-de-yennayer-renforcement-des-constantes-nationales-et-soutien-a-l-unite\">Cliquez ici pour lire l&rsquo;article depuis sa source.<\/a><\/p>\n","protected":false},"excerpt":{"rendered":"<p>TIPASA &#8211; La ministre de la Culture Malika Bendouda a affirm\u00e9 vendredi \u00e0 Tipasa, que la c\u00e9l\u00e9bration officielle du Nouvel an amazigh Yennayer vient consolider les constantes de l&rsquo;identit\u00e9 nationale dans ses trois composantes l&rsquo;Islam, l&rsquo;arabit\u00e9 et l&rsquo;amazighit\u00e9. La ministre qui supervisait \u00e0 Tipasa en compagnie du Secr\u00e9taire g\u00e9n\u00e9ral du Haut Commissariat \u00e0 l&rsquo;Amazighit\u00e9 (HCA), [&hellip;]<\/p>\n","protected":false},"author":1790,"featured_media":0,"comment_status":"closed","ping_status":"closed","sticky":false,"template":"","format":"standard","meta":{"fifu_image_url":"","fifu_image_alt":"","footnotes":""},"categories":[53,79],"tags":[],"class_list":["post-72724","post","type-post","status-publish","format-standard","hentry","category-algerie","category-culture"],"_links":{"self":[{"href":"https:\/\/linitiative.ca\/International\/wp-json\/wp\/v2\/posts\/72724","targetHints":{"allow":["GET"]}}],"collection":[{"href":"https:\/\/linitiative.ca\/International\/wp-json\/wp\/v2\/posts"}],"about":[{"href":"https:\/\/linitiative.ca\/International\/wp-json\/wp\/v2\/types\/post"}],"author":[{"embeddable":true,"href":"https:\/\/linitiative.ca\/International\/wp-json\/wp\/v2\/users\/1790"}],"replies":[{"embeddable":true,"href":"https:\/\/linitiative.ca\/International\/wp-json\/wp\/v2\/comments?post=72724"}],"version-history":[{"count":0,"href":"https:\/\/linitiative.ca\/International\/wp-json\/wp\/v2\/posts\/72724\/revisions"}],"wp:attachment":[{"href":"https:\/\/linitiative.ca\/International\/wp-json\/wp\/v2\/media?parent=72724"}],"wp:term":[{"taxonomy":"category","embeddable":true,"href":"https:\/\/linitiative.ca\/International\/wp-json\/wp\/v2\/categories?post=72724"},{"taxonomy":"post_tag","embeddable":true,"href":"https:\/\/linitiative.ca\/International\/wp-json\/wp\/v2\/tags?post=72724"}],"curies":[{"name":"wp","href":"https:\/\/api.w.org\/{rel}","templated":true}]}}