{"id":72726,"date":"2020-01-10T18:01:06","date_gmt":"2020-01-10T23:01:06","guid":{"rendered":"https:\/\/linitiative.ca\/International\/lantenne-marocaine-du-caei-tient-son-conseil-dadministration\/"},"modified":"2020-01-10T18:01:06","modified_gmt":"2020-01-10T23:01:06","slug":"lantenne-marocaine-du-caei-tient-son-conseil-dadministration","status":"publish","type":"post","link":"https:\/\/linitiative.ca\/International\/lantenne-marocaine-du-caei-tient-son-conseil-dadministration\/","title":{"rendered":"L\u2019antenne marocaine du CAEI tient son Conseil d\u2019administration"},"content":{"rendered":"<div readability=\"36\">\n<p>Marrakech \u2013 L\u2019antenne marocaine du Conseil africain de l\u2019entrepreneuriat et de l\u2019innovation (CAEI), cr\u00e9\u00e9e r\u00e9cemment, a tenu vendredi \u00e0 Marrakech, son premier Conseil d\u2019administration.<\/p>\n<\/div>\n<div readability=\"124\">\n<p>Cette rencontre a \u00e9t\u00e9 notamment marqu\u00e9e par la validation du plan d\u2019action de l\u2019antenne marocaine du CAEI au titre de l\u2019ann\u00e9e en cours.<\/p>\n<p>\u00ab\u00a0Cette antenne marocaine du Conseil, lanc\u00e9e officiellement aujourd\u2019hui, s\u2019assigne pour objectif de sensibiliser les jeunes sur l\u2019importance de l\u2019entrepreneuriat qui est devenu aujourd\u2019hui un vecteur de d\u00e9veloppement et cr\u00e9ateur de la valeur\u00a0\u00bb, a indiqu\u00e9 \u00e0 la MAP le pr\u00e9sident du CAEI-Maroc, Pr. Farid Chaouki, relevant que le Conseil vise aussi \u00e0 accompagner la dynamique entrepreneuriale que conna\u00eet le Maroc et les jeunes porteurs de projets.<\/p>\n<p>Cette antenne permettra aussi de promouvoir la culture de l\u2019innovation, de la cr\u00e9ativit\u00e9 et de l\u2019entrepreneuriat aupr\u00e8s des \u00e9l\u00e8ves et des \u00e9tudiants marocains, a-t-il soulign\u00e9.<\/p>\n<p>Dans ce cadre, Pr. Chaouki a fait remarquer que CAEI-Maroc \u0153uvrera \u00e9galement \u00e0 ouvrir le d\u00e9bat sur la place de l\u2019entrepreneuriat dans le nouveau mod\u00e8le de d\u00e9veloppement, ainsi que la mani\u00e8re dont le CAEI accompagnera les pouvoirs publics pour la mise en place des actions qui rel\u00e8vent de l\u2019entrepreneuriat.<\/p>\n<p>Fond\u00e9 \u00e0 l\u2019initiative de Fr\u00e9d\u00e9ric Dohou, universitaire et homme politique b\u00e9ninois, le CAEI a pour objectif de promouvoir l\u2019\u00e9mergence des \u00e9cosyst\u00e8mes d\u2019affaires en Afrique par le renforcement de capacit\u00e9s, de comp\u00e9tences, d\u2019\u00e9changes et de partenariats intercontinentaux, ainsi que les dynamiques vertueuses de d\u00e9veloppement par l\u2019entrepreneuriat et l\u2019innovation.<\/p>\n<p>Les programmes mis en place par le CAEI touchent des domaines aussi vari\u00e9s que l\u2019attractivit\u00e9 de l\u2019Afrique, l\u2019employabilit\u00e9 des jeunes, l\u2019innovation, fluidit\u00e9 et efficacit\u00e9 des cadres d\u2019affaires, smart-city, l\u2019excellence et pragmatisme, les valeurs d\u2019entreprendre, l\u2019accompagnement, les solutions et rentabilit\u00e9s durables, l\u2019\u00e9thique des affaires, l\u2019aide \u00e0 la lev\u00e9e de fonds, la croissance en r\u00e9seaux, en fili\u00e8res et fertilisation crois\u00e9e des comp\u00e9tences.<\/p>\n<p>Le CAEI s\u2019appuie sur les expertises et le soutien de nombreuses entreprises, organismes de financement, responsables de clusters, experts des dynamiques de territoire et des plans d\u2019\u00e9mergence \u00e9conomique en Afrique, institutionnels et experts scientifiques et acad\u00e9miques.<\/p>\n<p>Les actions du CAEI reposent sur leurs exp\u00e9riences des milieux africains \u00e9mergents, du d\u00e9veloppement, des m\u00e9canismes de financement, des fili\u00e8res industriels, serviciels et agricoles, des institutions politiques, juridiques, financi\u00e8res, des relations nord-sud et sud-sud, des politiques de colocalisation industrielle, des plateformes industrielles int\u00e9gr\u00e9es, et des plans d\u2019\u00e9mergence \u00e9conomique en Afrique.<\/p>\n<p>Le CAEI propose des relations d\u2019accompagnement des \u00c9tats dans leurs plans d\u2019\u00e9mergence \u00e9conomique, des dispositifs de clusterisation des territoires, et des programmes de construction d\u2019\u00e9cosyst\u00e8mes d\u2019affaires en Afrique.<\/p>\n<p>Il s\u2019emploie \u00e0 mettre en relation d\u2019affaires des milieux innovants, des entreprises, des investisseurs et des structures de lev\u00e9e de fonds et de financement sur des territoires \u00e0 fort potentiel.\u00a0Son objectif s\u2019inscrit dans le d\u00e9veloppement, l\u2019emploi et la cr\u00e9ation de valeur \u00e0 long terme.<\/p>\n<p>Le CAEI repr\u00e9sente partout les int\u00e9r\u00eats d\u2019une Afrique \u00e9mergente qui a vocation \u00e0 d\u00e9velopper, exploiter et valoriser ses propres ressources.<\/p>\n<\/div>\n<p>Auteur: Meriem IGASS<br \/>\n<a href=\"http:\/\/www.mapmarrakech.ma\/fr\/conseil-2\/\">Cliquez ici pour lire l&rsquo;article depuis sa source.<\/a><\/p>\n","protected":false},"excerpt":{"rendered":"<p>Marrakech \u2013 L\u2019antenne marocaine du Conseil africain de l\u2019entrepreneuriat et de l\u2019innovation (CAEI), cr\u00e9\u00e9e r\u00e9cemment, a tenu vendredi \u00e0 Marrakech, son premier Conseil d\u2019administration. Cette rencontre a \u00e9t\u00e9 notamment marqu\u00e9e par la validation du plan d\u2019action de l\u2019antenne marocaine du CAEI au titre de l\u2019ann\u00e9e en cours. \u00ab\u00a0Cette antenne marocaine du Conseil, lanc\u00e9e officiellement aujourd\u2019hui, [&hellip;]<\/p>\n","protected":false},"author":1788,"featured_media":0,"comment_status":"closed","ping_status":"closed","sticky":false,"template":"","format":"standard","meta":{"fifu_image_url":"","fifu_image_alt":"","footnotes":""},"categories":[54,76],"tags":[],"class_list":["post-72726","post","type-post","status-publish","format-standard","hentry","category-maroc","category-regions"],"_links":{"self":[{"href":"https:\/\/linitiative.ca\/International\/wp-json\/wp\/v2\/posts\/72726","targetHints":{"allow":["GET"]}}],"collection":[{"href":"https:\/\/linitiative.ca\/International\/wp-json\/wp\/v2\/posts"}],"about":[{"href":"https:\/\/linitiative.ca\/International\/wp-json\/wp\/v2\/types\/post"}],"author":[{"embeddable":true,"href":"https:\/\/linitiative.ca\/International\/wp-json\/wp\/v2\/users\/1788"}],"replies":[{"embeddable":true,"href":"https:\/\/linitiative.ca\/International\/wp-json\/wp\/v2\/comments?post=72726"}],"version-history":[{"count":0,"href":"https:\/\/linitiative.ca\/International\/wp-json\/wp\/v2\/posts\/72726\/revisions"}],"wp:attachment":[{"href":"https:\/\/linitiative.ca\/International\/wp-json\/wp\/v2\/media?parent=72726"}],"wp:term":[{"taxonomy":"category","embeddable":true,"href":"https:\/\/linitiative.ca\/International\/wp-json\/wp\/v2\/categories?post=72726"},{"taxonomy":"post_tag","embeddable":true,"href":"https:\/\/linitiative.ca\/International\/wp-json\/wp\/v2\/tags?post=72726"}],"curies":[{"name":"wp","href":"https:\/\/api.w.org\/{rel}","templated":true}]}}