{"id":72728,"date":"2020-01-11T12:44:54","date_gmt":"2020-01-11T17:44:54","guid":{"rendered":"https:\/\/linitiative.ca\/International\/debat-sur-la-performance-des-chus-via-lefficacite-technologique\/"},"modified":"2020-01-11T12:44:54","modified_gmt":"2020-01-11T17:44:54","slug":"debat-sur-la-performance-des-chus-via-lefficacite-technologique","status":"publish","type":"post","link":"https:\/\/linitiative.ca\/International\/debat-sur-la-performance-des-chus-via-lefficacite-technologique\/","title":{"rendered":"D\u00e9bat sur la performance des CHUs via l\u2019efficacit\u00e9 technologique"},"content":{"rendered":"<div readability=\"38\">\n<p>Marrakech \u2013 Une pl\u00e9iade de sp\u00e9cialistes et de professionnels op\u00e9rant dans le domaine m\u00e9dical et hospitalier se sont pench\u00e9s, samedi \u00e0 Marrakech, sur les moyens \u00e0 mettre en oeuvrer en vue d\u2019am\u00e9liorer la performance des Centres Hospitaliers Universitaires (CHU), \u00e0 travers l\u2019utilisation efficace et efficiente des nouvelles technologies.<\/p>\n<\/div>\n<div readability=\"150\">\n<p>Les participants \u00e0 cette 18-\u00e8me journ\u00e9e d\u2019\u00e9tude plac\u00e9e sous le th\u00e8me \u00ab\u00a0Les Syst\u00e8mes d\u2019Informations aux CHUs :Vers un ancrage de la performance hospitali\u00e8re\u00a0\u00bb, ont mis en avant l\u2019importance de ces Centres hospitaliers, en tant que leviers de mise en oeuvre de la politique publique relative \u00e0 la sant\u00e9.<\/p>\n<p>Les intervenants \u00e0 cette rencontre organis\u00e9e, sous l\u2019\u00e9gide du minist\u00e8re de la Sant\u00e9, et en collaboration avec la Direction du CHU Ibn Sina et l\u2019Association des Administrateurs dudit Centre Hospitalier (AACHIS), ont soulign\u00e9 que ces \u00e9tablissements hospitaliers se trouvent, aujourd\u2019hui, confront\u00e9s \u00e0 plusieurs d\u00e9fis li\u00e9s \u00e0 la r\u00e9volution num\u00e9rique notamment, l\u2019int\u00e9gration efficace des technologies de la communication et de l\u2019information, notant que ces technologies et leur g\u00e9n\u00e9ralisation exigent une gestion et un contr\u00f4le s\u00fbrs et s\u00e9curis\u00e9s en mati\u00e8re des traitements, ainsi que des moyens et ressources.<\/p>\n<p>Dans ce sens, ils ont appel\u00e9 \u00e0 accorder une grande importance au d\u00e9veloppement d\u2019un syst\u00e8me d\u2019information performant et \u00e0 faire montre de vigilance technologique.<\/p>\n<p>S\u2019exprimant \u00e0 cette occasion, le directeur du CHU Ibn Sina de Rabat, Abdelkader Errougani a indiqu\u00e9 que les Centres hospitaliers ont mis en place un plan informatique d\u2019orientation et ce, dans le but d\u2019am\u00e9liorer la gestion des diff\u00e9rentes instances relevant de ces Centres, et d\u2019\u00e9changer les informations entre l\u2019ensemble des services.<\/p>\n<p>Le CHU Ibn Sina a lanc\u00e9 plusieurs initiatives visant la mise en en place d\u2019une base informatique, l\u2019acquisition d\u2019un syst\u00e8me d\u2019information et la num\u00e9risation des services hospitaliers, notamment le dossier m\u00e9dical et les consultations, conform\u00e9ment au Plan national pour la promotion du secteur de la sant\u00e9, \u00e0 l\u2019horizon 2025, a-t-il relev\u00e9.<\/p>\n<p>Cette op\u00e9ration requiert l\u2019implication de l\u2019ensemble des intervenants pour assurer sa r\u00e9ussite, a-t-il insist\u00e9, ajoutant que cette rencontre (10 au 12 janvier courant) permettra de partager les exp\u00e9riences et les expertises, d\u2019identifier les contraintes et d\u2019apporter le changement escompt\u00e9.<\/p>\n<p>De son c\u00f4t\u00e9, le pr\u00e9sident de l\u2019AACHIS, Mohamed El Mrani, a soulign\u00e9 que la th\u00e9matique de cette journ\u00e9e d\u2019\u00e9tude concerne l\u2019avenir des \u00e9tablissements hospitaliers, car le d\u00e9veloppement des syst\u00e8mes d\u2019information permettra de mieux traiter les donn\u00e9es et fournir, ainsi, un service de qualit\u00e9 qui r\u00e9pond aux besoins et attentes du patient, tout en facilitant le travail de ces institutions.<\/p>\n<p>Eu \u00e9gard aux mutations majeures intervenues dans le domaine de la technologie, du d\u00e9veloppement consid\u00e9rable des connaissances m\u00e9dicales, des d\u00e9couvertes scientifiques et l\u2019intensification de la concurrence, les CHUs sont appel\u00e9s, plus que jamais, \u00e0 am\u00e9liorer l\u2019offre de soins et \u00e0 former les cadres de sant\u00e9, tout en veillant \u00e0 encourager la recherche et l\u2019innovation, a-t-il soutenu.<\/p>\n<p>Concernant l\u2019am\u00e9lioration de l\u2019offre de soins au niveau de la r\u00e9gion, le rassemblement des h\u00f4pitaux de la r\u00e9gion impose, aujourd\u2019hui, aux Centres hospitaliers d\u2019\u00e9laborer une conception pour un syst\u00e8me d\u2019information unifi\u00e9, \u00e0 m\u00eame de favoriser un traitement \u00ab\u00a0rapide\u00a0\u00bb et \u00ab\u00a0s\u00e9curis\u00e9\u00a0\u00bb des donn\u00e9es, et l\u2019utilisation optimale des ressources disponibles, a-t-il ajout\u00e9.<\/p>\n<p>Cette journ\u00e9e d\u2019\u00e9tude devra r\u00e9pondre \u00e0 la question de la r\u00e9volution de l\u2019\u00e9conomie num\u00e9rique et de l\u2019int\u00e9gration des technologies de l\u2019information et de la communication de mani\u00e8re efficace et s\u00e9curis\u00e9e au sein des \u00e9tablissements hospitalo-universitaires.<\/p>\n<p>Ce conclave constitue, en outre, une occasion pour des Directeurs des CHUs du Maroc, des Secr\u00e9taires G\u00e9n\u00e9raux des CHUs, des Responsables SI du Minist\u00e8re de la Sant\u00e9, des Responsables SI des CHUs et des Administrateurs du CHU Ibn Sina, d\u2019\u00e9changer leurs exp\u00e9riences et de croiser leurs regards sur la probl\u00e9matique li\u00e9e \u00e0 l\u2019importance et aux enjeux relatifs aux syst\u00e8mes d\u2019information.<\/p>\n<p>L\u2019organisation de cette journ\u00e9e d\u2019\u00e9tude devra permettre, en outre, de mieux cerner et comprendre les liens entre les nouvelles fonctions hospitali\u00e8res et les fondements des syst\u00e8mes d\u2019information et de la veille strat\u00e9gique, de cr\u00e9er des passerelles de communication informatique entre les \u00e9tablissements hospitalo-universitaires et ses partenaires.<\/p>\n<p>L\u2019objectif \u00e9tant de permettre un \u00e9change mutuel d\u2019information et de formuler des recommandations et propositions n\u00e9cessaires \u00e0 la prise de la bonne d\u00e9cision au sein de ces \u00e9tablissements, en se basant sur la capacit\u00e9 et la performance des syst\u00e8mes d\u2019information.<\/p>\n<p>Les travaux de cette journ\u00e9e d\u2019\u00e9tude sont articul\u00e9s autour de trois axes majeurs \u00e0 savoir : les institutions de l\u2019administration publique et les TIC, l\u2019apport des syst\u00e8mes d\u2019information au management hospitalier, et les syst\u00e8mes d\u2019information dans les CHUs : Un \u00e9tat des lieux.<\/p>\n<\/div>\n<p>Auteur: Meriem IGASS<br \/>\n<a href=\"http:\/\/www.mapmarrakech.ma\/fr\/chu\/\">Cliquez ici pour lire l&rsquo;article depuis sa source.<\/a><\/p>\n","protected":false},"excerpt":{"rendered":"<p>Marrakech \u2013 Une pl\u00e9iade de sp\u00e9cialistes et de professionnels op\u00e9rant dans le domaine m\u00e9dical et hospitalier se sont pench\u00e9s, samedi \u00e0 Marrakech, sur les moyens \u00e0 mettre en oeuvrer en vue d\u2019am\u00e9liorer la performance des Centres Hospitaliers Universitaires (CHU), \u00e0 travers l\u2019utilisation efficace et efficiente des nouvelles technologies. Les participants \u00e0 cette 18-\u00e8me journ\u00e9e d\u2019\u00e9tude [&hellip;]<\/p>\n","protected":false},"author":1788,"featured_media":0,"comment_status":"closed","ping_status":"closed","sticky":false,"template":"","format":"standard","meta":{"fifu_image_url":"","fifu_image_alt":"","footnotes":""},"categories":[54,76],"tags":[],"class_list":["post-72728","post","type-post","status-publish","format-standard","hentry","category-maroc","category-regions"],"_links":{"self":[{"href":"https:\/\/linitiative.ca\/International\/wp-json\/wp\/v2\/posts\/72728","targetHints":{"allow":["GET"]}}],"collection":[{"href":"https:\/\/linitiative.ca\/International\/wp-json\/wp\/v2\/posts"}],"about":[{"href":"https:\/\/linitiative.ca\/International\/wp-json\/wp\/v2\/types\/post"}],"author":[{"embeddable":true,"href":"https:\/\/linitiative.ca\/International\/wp-json\/wp\/v2\/users\/1788"}],"replies":[{"embeddable":true,"href":"https:\/\/linitiative.ca\/International\/wp-json\/wp\/v2\/comments?post=72728"}],"version-history":[{"count":0,"href":"https:\/\/linitiative.ca\/International\/wp-json\/wp\/v2\/posts\/72728\/revisions"}],"wp:attachment":[{"href":"https:\/\/linitiative.ca\/International\/wp-json\/wp\/v2\/media?parent=72728"}],"wp:term":[{"taxonomy":"category","embeddable":true,"href":"https:\/\/linitiative.ca\/International\/wp-json\/wp\/v2\/categories?post=72728"},{"taxonomy":"post_tag","embeddable":true,"href":"https:\/\/linitiative.ca\/International\/wp-json\/wp\/v2\/tags?post=72728"}],"curies":[{"name":"wp","href":"https:\/\/api.w.org\/{rel}","templated":true}]}}