{"id":72729,"date":"2020-01-11T13:12:24","date_gmt":"2020-01-11T18:12:24","guid":{"rendered":"https:\/\/linitiative.ca\/International\/pres-de-3-000-beneficiaires-dune-caravane-medicale\/"},"modified":"2020-01-11T13:12:24","modified_gmt":"2020-01-11T18:12:24","slug":"pres-de-3-000-beneficiaires-dune-caravane-medicale","status":"publish","type":"post","link":"https:\/\/linitiative.ca\/International\/pres-de-3-000-beneficiaires-dune-caravane-medicale\/","title":{"rendered":"Pr\u00e8s de 3.000 b\u00e9n\u00e9ficiaires d\u2019une caravane m\u00e9dicale"},"content":{"rendered":"<div readability=\"37\">\n<p>El Youssoufia \u2013 Pr\u00e8s de 3.000 personnes issues de milieux d\u00e9favoris\u00e9s ont b\u00e9n\u00e9fici\u00e9, samedi, d\u2019une s\u00e9rie de prestations et de consultations prodigu\u00e9es dans le cadre d\u2019une caravane m\u00e9dicale pluridisciplinaire, initi\u00e9e par la province d\u2019El Youssoufia.<\/p>\n<\/div>\n<div readability=\"174\">\n<p>Encadr\u00e9e par un staff m\u00e9dical compos\u00e9 de plus de 70 m\u00e9decins dans 15 sp\u00e9cialit\u00e9s, cette action sociale s\u2019inscrit dans le cadre des efforts inlassables d\u00e9ploy\u00e9s par la province d\u2019El Youssoufia, en partenariat avec plusieurs acteurs, en vue d\u2019all\u00e9ger les souffrances des personnes en situation difficile, et de leur offrir des prestations m\u00e9dicales de proximit\u00e9 et de qualit\u00e9.<\/p>\n<p>Cette caravane m\u00e9dicale qui a b\u00e9n\u00e9fici\u00e9 du concours de l\u2019Association \u00ab\u00a0Les rangs d\u2019honneurs\u00a0\u00bb, la d\u00e9l\u00e9gation provinciale de la sant\u00e9, l\u2019OCP, le conseil provincial, la direction provinciale de l\u2019\u00e9ducation nationale, la d\u00e9l\u00e9gation provinciale de l\u2019Entraide Nationale, et de l\u2019Association des Amis de l\u2019h\u00f4pital provincial Lalla Hasna, s\u2019est d\u00e9roul\u00e9e simultan\u00e9ment au niveau de la ville d\u2019El Youssoufia, et dans les communes de Sidi Chiker et d\u2019Ighoud.<\/p>\n<p>A l\u2019h\u00f4pital provincial Lalla Hasna, cette action humaine, men\u00e9e en pr\u00e9sence notamment, du gouverneur de la province, Mohamed Salem Essabti, a port\u00e9 sur 22 interventions en chirurgies g\u00e9n\u00e9rale et p\u00e9diatrique, encadr\u00e9es par 4 chirurgiens et un anesth\u00e9siste, outre une soixantaine de consultations m\u00e9dicales au profit de patients souffrant d\u2019insuffisance r\u00e9nale.<\/p>\n<p>Par la suite, le gouverneur et la d\u00e9l\u00e9gation l\u2019accompagnant se sont rendus, respectivement, \u00e0 la commune rurale de Sidi Chiker (60 km de Youssoufia) et \u00e0 la commune rurale d\u2019Ighoud (76 km de Youssoufia) o\u00f9 il a supervis\u00e9 le bon d\u00e9roulement des diff\u00e9rentes activit\u00e9s organis\u00e9es dans le cadre de cette caravane.<\/p>\n<p>Ainsi, \u00e0 la commune de Sidi Chiker, cette initiative a profit\u00e9 \u00e0 1.429 patients qui ont b\u00e9n\u00e9fici\u00e9 notamment de consultations en gyn\u00e9cologie, p\u00e9diatrie, ORL, diab\u00e9tologie, cardiologie, ophtalmologie, dermatologie, urologie, psychiatrie, m\u00e9decine g\u00e9n\u00e9rale, gastroent\u00e9rologie, allergologie\u2026..etc.<\/p>\n<p>A la commune rurale d\u2019Ighoud, quelque 1.205 personnes ont b\u00e9n\u00e9fici\u00e9 de consultations (\u00e9chographie et radiologie), ainsi que de services m\u00e9dicaux notamment, en gyn\u00e9cologie, p\u00e9diatrie, chirurgie dentaire, ORL, neurochirurgie, gastro-ent\u00e9rologie, rhumatologie, allergologie, dermatologie, psychiatrie, diab\u00e9tologie, cardiologie et en urologie, outre des op\u00e9rations de circoncision au profit des enfants.<\/p>\n<p>Les personnes cibl\u00e9es dans le cadre de cette initiative humaine, ont b\u00e9n\u00e9fici\u00e9 \u00e9galement d\u2019analyses m\u00e9dicales, ainsi que de la distribution de m\u00e9dicaments.<\/p>\n<p>En marge de cette caravane, il a \u00e9t\u00e9 proc\u00e9d\u00e9, en outre, \u00e0 la remise d\u2019\u00e9quipements et de couvertures au profit de Dour Attalib.<\/p>\n<p>Parall\u00e8lement, 15 ateliers th\u00e9matiques ont \u00e9t\u00e9 organis\u00e9s au profit des cadres \u00e9ducatifs, des \u00e9l\u00e8ves et des acteurs de la soci\u00e9t\u00e9 civile, sur \u00ab\u00a0M\u00e9thode de Traitement des Probl\u00e8mes : MTP\u00a0\u00bb, \u00ab\u00a0hygi\u00e8ne et qualit\u00e9 hospitali\u00e8re\u00a0\u00bb, \u00ab\u00a0Comprendre et aider l\u2019enfant en difficult\u00e9 scolaire : nouvelles approches psychop\u00e9dagogiques\u00a0\u00bb, \u00ab\u00a0Sensibilisation des femmes sur la relation pr\u00e9coce m\u00e8re-enfant\u00a0\u00bb et \u00ab\u00a0Stress de l\u2019adolescent\u00a0\u00bb.<\/p>\n<p>Au menu figuraient aussi des sessions de sensibilisation, outre des ateliers de peinture, de musique, de th\u00e9\u00e2tre, d\u2019astronomie, de cuisine et d\u2019hygi\u00e8ne, de \u00ab\u00a0vulgarisation de la science avec focus sur l\u2019histoire du phosphate\u00a0\u00bb, de \u00ab\u00a0math\u00e9matique et g\u00e9om\u00e9trie\u00a0\u00bb, et d&rsquo;\u00a0\u00bbappui des coop\u00e9ratives f\u00e9minines pour la valorisation des produits c\u00e9r\u00e9aliers\u00a0\u00bb, encadr\u00e9s par une vingtaine d\u2019experts et de sp\u00e9cialistes.<\/p>\n<p>Dans une d\u00e9claration \u00e0 la MAP, M. Brahim Idou, chef de la Division de l\u2019Action Sociale (DAS) \u00e0 la province d\u2019El Youssoufia, a relev\u00e9 que l\u2019organisation de cette caravane intervient dans le sillage des efforts d\u00e9ploy\u00e9s par la province en vue d\u2019am\u00e9liorer et tirer vers le haut la qualit\u00e9 de l\u2019offre sanitaire dans cette partie du territoire national.<\/p>\n<p>Dans une d\u00e9claration similaire, M. Nourredine Bennani (Radiologue), pr\u00e9sident-fondateur de l\u2019Association \u00ab\u00a0Les rangs d\u2019honneur\u00a0\u00bb, a rappel\u00e9 que son association m\u00e8ne des missions humanitaires, m\u00e9dico-chirurgico-sociale au Maroc et \u00e0 l\u2019\u00e9tranger depuis plus de 20 ans, notant que cette caravane est la 161\u00e8me action, avec un staff qui d\u00e9passe les 125 personnes avec toute la logistique n\u00e9cessaire.<\/p>\n<p>\u00ab\u00a0Avec un groupe de plus de 70 m\u00e9decins sp\u00e9cialistes nous pr\u00e9voyons de faire plus de 4.000 actes de consultations et de chirurgie (p\u00e9diatrique, visc\u00e9rale, et dentaire)\u00a0\u00bb, a-t-il pr\u00e9cis\u00e9, louant au passage les conditions excellentes dans lesquelles s\u2019est d\u00e9roul\u00e9e cette caravane m\u00e9dicale.<\/p>\n<\/div>\n<p>Auteur: Meriem IGASS<br \/>\n<a href=\"http:\/\/www.mapmarrakech.ma\/fr\/caravane\/\">Cliquez ici pour lire l&rsquo;article depuis sa source.<\/a><\/p>\n","protected":false},"excerpt":{"rendered":"<p>El Youssoufia \u2013 Pr\u00e8s de 3.000 personnes issues de milieux d\u00e9favoris\u00e9s ont b\u00e9n\u00e9fici\u00e9, samedi, d\u2019une s\u00e9rie de prestations et de consultations prodigu\u00e9es dans le cadre d\u2019une caravane m\u00e9dicale pluridisciplinaire, initi\u00e9e par la province d\u2019El Youssoufia. Encadr\u00e9e par un staff m\u00e9dical compos\u00e9 de plus de 70 m\u00e9decins dans 15 sp\u00e9cialit\u00e9s, cette action sociale s\u2019inscrit dans le [&hellip;]<\/p>\n","protected":false},"author":1788,"featured_media":0,"comment_status":"closed","ping_status":"closed","sticky":false,"template":"","format":"standard","meta":{"fifu_image_url":"","fifu_image_alt":"","footnotes":""},"categories":[54,76],"tags":[],"class_list":["post-72729","post","type-post","status-publish","format-standard","hentry","category-maroc","category-regions"],"_links":{"self":[{"href":"https:\/\/linitiative.ca\/International\/wp-json\/wp\/v2\/posts\/72729","targetHints":{"allow":["GET"]}}],"collection":[{"href":"https:\/\/linitiative.ca\/International\/wp-json\/wp\/v2\/posts"}],"about":[{"href":"https:\/\/linitiative.ca\/International\/wp-json\/wp\/v2\/types\/post"}],"author":[{"embeddable":true,"href":"https:\/\/linitiative.ca\/International\/wp-json\/wp\/v2\/users\/1788"}],"replies":[{"embeddable":true,"href":"https:\/\/linitiative.ca\/International\/wp-json\/wp\/v2\/comments?post=72729"}],"version-history":[{"count":0,"href":"https:\/\/linitiative.ca\/International\/wp-json\/wp\/v2\/posts\/72729\/revisions"}],"wp:attachment":[{"href":"https:\/\/linitiative.ca\/International\/wp-json\/wp\/v2\/media?parent=72729"}],"wp:term":[{"taxonomy":"category","embeddable":true,"href":"https:\/\/linitiative.ca\/International\/wp-json\/wp\/v2\/categories?post=72729"},{"taxonomy":"post_tag","embeddable":true,"href":"https:\/\/linitiative.ca\/International\/wp-json\/wp\/v2\/tags?post=72729"}],"curies":[{"name":"wp","href":"https:\/\/api.w.org\/{rel}","templated":true}]}}