{"id":72730,"date":"2020-01-11T14:11:33","date_gmt":"2020-01-11T19:11:33","guid":{"rendered":"https:\/\/linitiative.ca\/International\/uca-acteurs-locaux-signature-de-2-conventions-de-cooperation\/"},"modified":"2020-01-11T14:11:33","modified_gmt":"2020-01-11T19:11:33","slug":"uca-acteurs-locaux-signature-de-2-conventions-de-cooperation","status":"publish","type":"post","link":"https:\/\/linitiative.ca\/International\/uca-acteurs-locaux-signature-de-2-conventions-de-cooperation\/","title":{"rendered":"UCA-Acteurs locaux: Signature de 2 conventions de coop\u00e9ration"},"content":{"rendered":"<p><iframe loading=\"lazy\" width=\"1170\" height=\"658\" src=\"https:\/\/www.youtube.com\/embed\/dMr0Q6KTCR4?feature=oembed\" frameborder=\"0\" allow=\"accelerometer; autoplay; encrypted-media; gyroscope; picture-in-picture\" allowfullscreen=\"\">[embedded content]<\/iframe><\/p>\n<div class=\"post-header-inner post-header-title\">\n<p><span class=\"time\"><time class=\"post-published updated\" datetime=\"2020-01-11T20:11:33+00:00\"><strong>11 janvier 2020<\/strong><\/time><\/span><\/p>\n<\/div>\n<div class=\"single-post-excerpt post-excerpt-bc\" readability=\"37\">\n<p>L\u2019Universit\u00e9 Cadi Ayyad a conclu, \u00e0 Marrakech, deux conventions de coop\u00e9ration avec des acteurs locaux notamment, le Centre R\u00e9gional d\u2019Investissements (CRI) et l\u2019Acad\u00e9mie R\u00e9gionale de l\u2019Education et la Formation de Marrakech (AREF).<\/p>\n<\/div>\n<p>Auteur: Meriem IGASS<br \/>\n<a href=\"http:\/\/www.mapmarrakech.ma\/fr\/acteurs\/\">Cliquez ici pour lire l&rsquo;article depuis sa source.<\/a><\/p>\n","protected":false},"excerpt":{"rendered":"<p>[embedded content] 11 janvier 2020 L\u2019Universit\u00e9 Cadi Ayyad a conclu, \u00e0 Marrakech, deux conventions de coop\u00e9ration avec des acteurs locaux notamment, le Centre R\u00e9gional d\u2019Investissements (CRI) et l\u2019Acad\u00e9mie R\u00e9gionale de l\u2019Education et la Formation de Marrakech (AREF). Auteur: Meriem IGASS Cliquez ici pour lire l&rsquo;article depuis sa source.<\/p>\n","protected":false},"author":1788,"featured_media":0,"comment_status":"closed","ping_status":"closed","sticky":false,"template":"","format":"standard","meta":{"fifu_image_url":"","fifu_image_alt":"","footnotes":""},"categories":[54,76],"tags":[],"class_list":["post-72730","post","type-post","status-publish","format-standard","hentry","category-maroc","category-regions"],"_links":{"self":[{"href":"https:\/\/linitiative.ca\/International\/wp-json\/wp\/v2\/posts\/72730","targetHints":{"allow":["GET"]}}],"collection":[{"href":"https:\/\/linitiative.ca\/International\/wp-json\/wp\/v2\/posts"}],"about":[{"href":"https:\/\/linitiative.ca\/International\/wp-json\/wp\/v2\/types\/post"}],"author":[{"embeddable":true,"href":"https:\/\/linitiative.ca\/International\/wp-json\/wp\/v2\/users\/1788"}],"replies":[{"embeddable":true,"href":"https:\/\/linitiative.ca\/International\/wp-json\/wp\/v2\/comments?post=72730"}],"version-history":[{"count":0,"href":"https:\/\/linitiative.ca\/International\/wp-json\/wp\/v2\/posts\/72730\/revisions"}],"wp:attachment":[{"href":"https:\/\/linitiative.ca\/International\/wp-json\/wp\/v2\/media?parent=72730"}],"wp:term":[{"taxonomy":"category","embeddable":true,"href":"https:\/\/linitiative.ca\/International\/wp-json\/wp\/v2\/categories?post=72730"},{"taxonomy":"post_tag","embeddable":true,"href":"https:\/\/linitiative.ca\/International\/wp-json\/wp\/v2\/tags?post=72730"}],"curies":[{"name":"wp","href":"https:\/\/api.w.org\/{rel}","templated":true}]}}