{"id":72732,"date":"2020-01-11T09:19:28","date_gmt":"2020-01-11T14:19:28","guid":{"rendered":"https:\/\/linitiative.ca\/International\/yennayer-une-halte-pour-rappeler-la-contribution-des-amazighs-aux-civilisations-mondiales\/"},"modified":"2020-01-11T09:19:28","modified_gmt":"2020-01-11T14:19:28","slug":"yennayer-une-halte-pour-rappeler-la-contribution-des-amazighs-aux-civilisations-mondiales","status":"publish","type":"post","link":"https:\/\/linitiative.ca\/International\/yennayer-une-halte-pour-rappeler-la-contribution-des-amazighs-aux-civilisations-mondiales\/","title":{"rendered":"Yennayer, une halte pour rappeler la contribution des Amazighs aux civilisations mondiales"},"content":{"rendered":"<div readability=\"39\">\n<p><strong>TIZI-OUZOU &#8211; La c\u00e9l\u00e9bration de Yennayer qui marque l\u2019av\u00e8nement du nouvel an amazigh, doit aller au-del\u00e0 de l\u2019aspect folklorique afin de faire de cette f\u00eate, une halte pour rappeler la contribution des Amazighs aux civilisations mondiales, a soulign\u00e9 samedi \u00e0 Tizi Ouzou, l\u2019arch\u00e9ologue Hamid Bilek.<\/strong><\/p>\n<\/div>\n<div readability=\"77.2098092643\">\n<p>Intervenant lors d\u2019une conf\u00e9rence d\u00e9bat sur Yennayer organis\u00e9e \u00e0 la maison de la culture Mouloud Mammeri \u00e0 l&rsquo;occasion du nouvel an Amazigh 2970, Hamid Bilek a observ\u00e9 que Yennayer , c\u00e9l\u00e9br\u00e9 officiellement le 12 janvier et consacr\u00e9 f\u00eate nationale ch\u00f4m\u00e9e et pay\u00e9e depuis 2018, et le rattachement du d\u00e9but du compte de l\u2019ann\u00e9e Amazighe \u00e0 l\u2019intronisation en 950 Av-J-C, de Chachnaq (Sheshonk 1er), comme pharaon d\u2019Egypte et fondateur de la 22eme dynastie pharaonique, \u00ab\u00a0doit nous interpeller sur le r\u00f4le des Amazighs dans l\u2019Histoire \u00e0 travers des faits arch\u00e9ologiquement av\u00e9r\u00e9s\u00a0\u00bb.<\/p>\n<p><em><strong>\u00ab\u00a0L\u2019Histoire et l\u2019arch\u00e9ologie ont confirm\u00e9 que Chachnaq, un amazigh n\u00e9 en Egypte de la 7\u00e8me g\u00e9n\u00e9ration des Amazighs partis de l\u2019ancienne Lybie (Afrique du nord) vers l\u2019Egypte avait fond\u00e9 la 22\u00e8me dynastie pharaonique apr\u00e8s avoir r\u00e9unifi\u00e9 la Basse et la Haute Egypte\u00a0\u00bb, a indiqu\u00e9 M. Bilek qui a d\u00e9plor\u00e9 certains faux \u00e9v\u00e9nements historiques rapport\u00e9s sur ce Pharaon.<\/strong><\/em><\/p>\n<p>Il a cit\u00e9 en exemple les faits selon lesquels Chechnaq qui a r\u00e9gn\u00e9 au 10eme sicle Av- J-C, \u00e9tait parti d\u2019Afrique, de Mchounech, pour se battre contre Ramasses II, qui lui (ramsses II) avait r\u00e9gn\u00e9 au 12\u00e8me si\u00e9cle Av-J-C. Il s\u2019agit de faits \u00ab\u00a0anachroniques\u00a0\u00bb qui sont facilement v\u00e9rifiables, a-t-il relev\u00e9.<\/p>\n<hr\/>\n<h3 class=\"allmode-title\"><span class=\"c30\">Lire aussi:<\/span>\u00a0<a href=\"http:\/\/www.aps.dz\/regions\/99992-celebration-de-yennayer-a-tissemsilt-presence-remarquable-des-produits-artisanaux-dans-l-ouarsenis\">C\u00e9l\u00e9bration de Yennayer \u00e0 Tissemsilt: pr\u00e9sence remarquable des produits artisanaux dans l\u2019Ouarsenis<\/a><\/h3>\n<hr\/>\n<p>La momification pratiqu\u00e9e, il y a entre 3500 et 4000 ans, par les anciens \u00e9gyptiens pour conserver les corps des morts et qui est consid\u00e9r\u00e9e comme l\u2019apanage de cette civilisation, est une pratique connu dans le Sahara central, il y a environ 7.000 \u00e0 8.000 ans soit ant\u00e9rieurement \u00e0 l\u2019Egypte, a ajout\u00e9 M. Bilek.<\/p>\n<blockquote readability=\"12\">\n<p><em><strong>Abordant la division du temps dans le calendrier agraire dont le premier jour est yennayer, utilis\u00e9 par les Amazighs et qui constitue \u00e0 ce jour, notamment pour les vieux, un rep\u00e8re pour le lancement des travaux agricoles, ce m\u00eame conf\u00e9rencier a observ\u00e9 qu\u2019il nous rappelle l\u2019importance de l\u2019activit\u00e9 agricole qui \u00e9tait tr\u00e8s d\u00e9velopp\u00e9e et gr\u00e2ce au savoir-faire des Amazighs qu\u2019on qualifiait l&rsquo;Afrique du nord de grenier de Rome\u00a0\u00bb.<\/strong><\/em><\/p>\n<\/blockquote>\n<p>Rappeler ces faits et d\u2019autres est \u00ab\u00a0important pour r\u00e9\u00e9crire l\u2019Histoire dont la civilisation amazighe a \u00e9t\u00e9 marginalis\u00e9e\u00a0\u00bb a insist\u00e9 M. Bilek.<\/p>\n<p>Selon lui, il s\u2019agit de \u00ab\u00a0saisir cette date pour lancer le d\u00e9bat autour de notre Histoire afin de donner \u00e0 ce rep\u00e8re historique qui est Yennayer une dimension profonde et savante \u00e0 la soci\u00e9t\u00e9 Amazighe\u00a0\u00bb.<\/p>\n<\/div>\n<p>Auteur:<br \/>\n<a href=\"http:\/\/www.aps.dz\/regions\/99997-yennayer-une-halte-pour-rappeler-la-contribution-des-amazighs-aux-civilisations-mondiales\">Cliquez ici pour lire l&rsquo;article depuis sa source.<\/a><\/p>\n","protected":false},"excerpt":{"rendered":"<p>TIZI-OUZOU &#8211; La c\u00e9l\u00e9bration de Yennayer qui marque l\u2019av\u00e8nement du nouvel an amazigh, doit aller au-del\u00e0 de l\u2019aspect folklorique afin de faire de cette f\u00eate, une halte pour rappeler la contribution des Amazighs aux civilisations mondiales, a soulign\u00e9 samedi \u00e0 Tizi Ouzou, l\u2019arch\u00e9ologue Hamid Bilek. Intervenant lors d\u2019une conf\u00e9rence d\u00e9bat sur Yennayer organis\u00e9e \u00e0 la [&hellip;]<\/p>\n","protected":false},"author":1790,"featured_media":0,"comment_status":"closed","ping_status":"closed","sticky":false,"template":"","format":"standard","meta":{"fifu_image_url":"","fifu_image_alt":"","footnotes":""},"categories":[53,76],"tags":[],"class_list":["post-72732","post","type-post","status-publish","format-standard","hentry","category-algerie","category-regions"],"_links":{"self":[{"href":"https:\/\/linitiative.ca\/International\/wp-json\/wp\/v2\/posts\/72732","targetHints":{"allow":["GET"]}}],"collection":[{"href":"https:\/\/linitiative.ca\/International\/wp-json\/wp\/v2\/posts"}],"about":[{"href":"https:\/\/linitiative.ca\/International\/wp-json\/wp\/v2\/types\/post"}],"author":[{"embeddable":true,"href":"https:\/\/linitiative.ca\/International\/wp-json\/wp\/v2\/users\/1790"}],"replies":[{"embeddable":true,"href":"https:\/\/linitiative.ca\/International\/wp-json\/wp\/v2\/comments?post=72732"}],"version-history":[{"count":0,"href":"https:\/\/linitiative.ca\/International\/wp-json\/wp\/v2\/posts\/72732\/revisions"}],"wp:attachment":[{"href":"https:\/\/linitiative.ca\/International\/wp-json\/wp\/v2\/media?parent=72732"}],"wp:term":[{"taxonomy":"category","embeddable":true,"href":"https:\/\/linitiative.ca\/International\/wp-json\/wp\/v2\/categories?post=72732"},{"taxonomy":"post_tag","embeddable":true,"href":"https:\/\/linitiative.ca\/International\/wp-json\/wp\/v2\/tags?post=72732"}],"curies":[{"name":"wp","href":"https:\/\/api.w.org\/{rel}","templated":true}]}}