{"id":72733,"date":"2020-01-11T10:34:52","date_gmt":"2020-01-11T15:34:52","guid":{"rendered":"https:\/\/linitiative.ca\/International\/nouvel-an-amazigh-2970-organisation-de-plusieurs-manifestations-a-ouargla\/"},"modified":"2020-01-11T10:34:52","modified_gmt":"2020-01-11T15:34:52","slug":"nouvel-an-amazigh-2970-organisation-de-plusieurs-manifestations-a-ouargla","status":"publish","type":"post","link":"https:\/\/linitiative.ca\/International\/nouvel-an-amazigh-2970-organisation-de-plusieurs-manifestations-a-ouargla\/","title":{"rendered":"Nouvel An Amazigh 2970: organisation de plusieurs manifestations \u00e0 Ouargla"},"content":{"rendered":"<div readability=\"35\">\n<p><strong>OUARGLA- Plusieurs manifestations, culturelles, artistiques et des expositions ont \u00e9t\u00e9 organis\u00e9es samedi \u00e0 Ouargla dans le cadre de la c\u00e9l\u00e9bration du nouvel an amazigh ( Yennayer 2970).<\/strong><\/p>\n<\/div>\n<div readability=\"74\">\n<p>La maison de la culture \u00ab\u00a0Moufdi Zakaria\u00a0\u00bb d\u2019Ouargla a, \u00e0 cette occasion, servi de cadre \u00e0 des expositions mettant en exergue des pans du patrimoine ancestral amazigh, dont une exposition sur les produits d\u2019artisanat, de la vannerie, de la broderie traditionnelle, tissage traditionnel, de la tapisserie, en sus des concours d\u2019art culinaire avec la participation d\u2019une vingtaine de femmes.<\/p>\n<blockquote readability=\"10\">\n<p><strong>Une association concern\u00e9e par le legs amazigh a, \u00e0 cette occasion, expos\u00e9 un mod\u00e8le de maison s\u00e9culaire Ouarglie orn\u00e9e d&rsquo;\u00e9quipements et d&rsquo;ustensiles qui portent des appellations amazighes, en plus de l\u2019exhibition d\u2019un costume de mari\u00e9e connue localement sous le nom de \u00ab\u00a0Melhefa\u00a0\u00bb.<\/strong><\/p>\n<\/blockquote>\n<p>Le pr\u00e9sident de l\u2019association pour la culture et la r\u00e9forme de Ksar d\u2019Ouargla, Hacen Boughaba a soulign\u00e9 que \u00ab\u00a0la c\u00e9l\u00e9bration du Yennayer est une opportunit\u00e9 \u00e0 mettre \u00e0 profit pour mettre en exergue les atouts que renferme la r\u00e9gion d\u2019Ouargla, ainsi que le patrimoine ancestral et les us\u00a0\u00bb, estimant que \u00ab\u00a0cette f\u00eate permettra sans nul doute de pr\u00e9server l\u2018identit\u00e9 nationale.\u00a0\u00bb<\/p>\n<blockquote readability=\"12\">\n<p><em><strong>Abordant les recherches linguistiques, M. Boughaba a fait savoir que des ateliers sont \u00e0 pied d\u2019\u0153uvre dans la recherche en langues amazighe, notamment la variante Ouarglie, appelant ainsi les responsables concern\u00e9s par la collecte du legs immat\u00e9riel \u00e0 se rapprocher des r\u00e9gions int\u00e9rieures riches en patrimoine culturel immat\u00e9riel, \u00e0 l\u2019instar du vieux Ksar d\u2019Ouargla et les r\u00e9gions de N\u2019goussa et Blidet Amor.<\/strong><\/em><\/p>\n<\/blockquote>\n<p>Le directeur de la maison de la culture, Said Ouahbi Madani a indiqu\u00e9 que les festivit\u00e9s du nouvel An amazigh, inaugur\u00e9es par les autorit\u00e9s locales, se focalisent sur un programme vari\u00e9 pr\u00e9voyant un monodrame en expression amazighe, intitul\u00e9e \u00ab\u00a0Aya\u00a0\u00bb anim\u00e9 par l\u2019association locale \u00ab\u00a0planche des Oasis\u00a0\u00bb, en plus d\u2019un gala artistique anim\u00e9 par la vedette \u00ab\u00a0Tafna\u00a0\u00bb et la troupe de luth \u00ab\u00a0perle d\u2019art pour l\u2019authenticit\u00e9 et le patrimoine local.\u00a0\u00bb<\/p>\n<p>Les manifestations seront sanctionn\u00e9es, dimanche, par une conf\u00e9rence qui sera anim\u00e9e par des enseignants et chercheurs en patrimoine local.<\/p>\n<\/div>\n<p>Auteur:<br \/>\n<a href=\"http:\/\/www.aps.dz\/regions\/100000-nouvel-an-amazigh-2970-organisation-de-plusieurs-manifestations-a-ouargla\">Cliquez ici pour lire l&rsquo;article depuis sa source.<\/a><\/p>\n","protected":false},"excerpt":{"rendered":"<p>OUARGLA- Plusieurs manifestations, culturelles, artistiques et des expositions ont \u00e9t\u00e9 organis\u00e9es samedi \u00e0 Ouargla dans le cadre de la c\u00e9l\u00e9bration du nouvel an amazigh ( Yennayer 2970). La maison de la culture \u00ab\u00a0Moufdi Zakaria\u00a0\u00bb d\u2019Ouargla a, \u00e0 cette occasion, servi de cadre \u00e0 des expositions mettant en exergue des pans du patrimoine ancestral amazigh, dont [&hellip;]<\/p>\n","protected":false},"author":1790,"featured_media":0,"comment_status":"closed","ping_status":"closed","sticky":false,"template":"","format":"standard","meta":{"fifu_image_url":"","fifu_image_alt":"","footnotes":""},"categories":[53,76],"tags":[],"class_list":["post-72733","post","type-post","status-publish","format-standard","hentry","category-algerie","category-regions"],"_links":{"self":[{"href":"https:\/\/linitiative.ca\/International\/wp-json\/wp\/v2\/posts\/72733","targetHints":{"allow":["GET"]}}],"collection":[{"href":"https:\/\/linitiative.ca\/International\/wp-json\/wp\/v2\/posts"}],"about":[{"href":"https:\/\/linitiative.ca\/International\/wp-json\/wp\/v2\/types\/post"}],"author":[{"embeddable":true,"href":"https:\/\/linitiative.ca\/International\/wp-json\/wp\/v2\/users\/1790"}],"replies":[{"embeddable":true,"href":"https:\/\/linitiative.ca\/International\/wp-json\/wp\/v2\/comments?post=72733"}],"version-history":[{"count":0,"href":"https:\/\/linitiative.ca\/International\/wp-json\/wp\/v2\/posts\/72733\/revisions"}],"wp:attachment":[{"href":"https:\/\/linitiative.ca\/International\/wp-json\/wp\/v2\/media?parent=72733"}],"wp:term":[{"taxonomy":"category","embeddable":true,"href":"https:\/\/linitiative.ca\/International\/wp-json\/wp\/v2\/categories?post=72733"},{"taxonomy":"post_tag","embeddable":true,"href":"https:\/\/linitiative.ca\/International\/wp-json\/wp\/v2\/tags?post=72733"}],"curies":[{"name":"wp","href":"https:\/\/api.w.org\/{rel}","templated":true}]}}